{"id":408100,"date":"2025-05-10T13:31:17","date_gmt":"2025-05-10T18:31:17","guid":{"rendered":"https:\/\/www.medellin.gov.co\/es\/?p=408100"},"modified":"2025-05-12T12:01:58","modified_gmt":"2025-05-12T17:01:58","slug":"gracias-a-la-alcaldia-de-medellin-100-jovenes-de-la-ciudad-se-formaran-como-dj-o-productores-para-conectar-con-la-industria-musical","status":"publish","type":"post","link":"https:\/\/www.medellin.gov.co\/es\/sala-de-prensa\/noticias\/gracias-a-la-alcaldia-de-medellin-100-jovenes-de-la-ciudad-se-formaran-como-dj-o-productores-para-conectar-con-la-industria-musical\/","title":{"rendered":"Gracias a la Alcald\u00eda de Medell\u00edn, 100 j\u00f3venes de la ciudad se formar\u00e1n como DJ o productores para conectar con la industria musical"},"content":{"rendered":"<ul>\n<li>Las inscripciones para acceder a este proyecto, pionero en el pa\u00eds, est\u00e1n abiertas hasta el 14 de mayo. La convocatoria est\u00e1 dirigida a j\u00f3venes entre los 16 y los 28 a\u00f1os.<\/li>\n<li>\u00a0Nueve int\u00e9rpretes de cohortes pasadas presentar\u00e1n sus canciones y videoclips profesionales.<\/li>\n<\/ul>\n<p>Medell\u00edn Music Lab contin\u00faa su apuesta por el talento joven. Es as\u00ed como, hasta el 14 de mayo, este proyecto de la Secretar\u00eda de la Juventud, Sapiencia y la academia DNA Music, pionero en Colombia, tiene una convocatoria para que 100 j\u00f3venes entre los 16 y los 28 a\u00f1os, que deseen capacitarse como DJ o productores, accedan a cursos certificados que los enlacen con la industria musical.<\/p>\n<p><img loading=\"lazy\" class=\"alignnone size-large wp-image-408103\" src=\"https:\/\/www.medellin.gov.co\/es\/wp-content\/uploads\/2025\/05\/Imagen-jovenes-DJ-2-1024x682.jpg\" alt=\"Imagen j\u00f3venes DJ 2\" width=\"1024\" height=\"682\" srcset=\"https:\/\/www.medellin.gov.co\/es\/wp-content\/uploads\/2025\/05\/Imagen-jovenes-DJ-2-1024x682.jpg 1024w, https:\/\/www.medellin.gov.co\/es\/wp-content\/uploads\/2025\/05\/Imagen-jovenes-DJ-2-300x200.jpg 300w, https:\/\/www.medellin.gov.co\/es\/wp-content\/uploads\/2025\/05\/Imagen-jovenes-DJ-2-150x100.jpg 150w, https:\/\/www.medellin.gov.co\/es\/wp-content\/uploads\/2025\/05\/Imagen-jovenes-DJ-2-768x512.jpg 768w, https:\/\/www.medellin.gov.co\/es\/wp-content\/uploads\/2025\/05\/Imagen-jovenes-DJ-2.jpg 1081w\" sizes=\"(max-width: 1024px) 100vw, 1024px\" \/><\/p>\n<p>Los interesados no necesitan experiencia, deben residir en Medell\u00edn y tener aprobado al menos noveno grado. Se requiere diligenciar el formulario alojado en la biograf\u00eda de <a href=\"https:\/\/www.instagram.com\/juventudmed\/?hl=es\" target=\"_blank\" rel=\"noopener\"><u>@JuventudMed<\/u><\/a> en Instagram o ingresar a <a href=\"https:\/\/musiclab.medellinjoven.com\/\" target=\"_blank\" rel=\"noopener\"><u>musiclab.medellinjoven.com<\/u><\/a><\/p>\n<p>El secretario de la Juventud, Ricardo Jaramillo V\u00e9lez, indic\u00f3 que<em>: \u201cNos emociona anunciar esta nueva convocatoria de Medell\u00edn Music Lab que conectar\u00e1 a los j\u00f3venes con oportunidades reales en la industria musical. Esta es una apuesta para formarlos en habilidades de DJ y producci\u00f3n musical, sin necesidad de experiencia previa\u201d<\/em>.<\/p>\n<p><img loading=\"lazy\" class=\"alignnone size-large wp-image-408108\" src=\"https:\/\/www.medellin.gov.co\/es\/wp-content\/uploads\/2025\/05\/Imagen-jovenes-DJ-4-1024x682.jpg\" alt=\"Imagen j\u00f3venes DJ 4\" width=\"1024\" height=\"682\" srcset=\"https:\/\/www.medellin.gov.co\/es\/wp-content\/uploads\/2025\/05\/Imagen-jovenes-DJ-4-1024x682.jpg 1024w, https:\/\/www.medellin.gov.co\/es\/wp-content\/uploads\/2025\/05\/Imagen-jovenes-DJ-4-300x200.jpg 300w, https:\/\/www.medellin.gov.co\/es\/wp-content\/uploads\/2025\/05\/Imagen-jovenes-DJ-4-150x100.jpg 150w, https:\/\/www.medellin.gov.co\/es\/wp-content\/uploads\/2025\/05\/Imagen-jovenes-DJ-4-768x512.jpg 768w, https:\/\/www.medellin.gov.co\/es\/wp-content\/uploads\/2025\/05\/Imagen-jovenes-DJ-4.jpg 1081w\" sizes=\"(max-width: 1024px) 100vw, 1024px\" \/><\/p>\n<p>Fella, Kuroo, Majo Rev\u00e9s, Alejo Ospina, AFR, Valen Espitia, Natho, Merita y Mario son los int\u00e9rpretes que presentar\u00e1n sus canciones y videoclips profesionales a trav\u00e9s de plataformas como YouTube, Spotify, Apple Music y redes sociales.<\/p>\n<p><em>\u201cMuchas gracias a Medell\u00edn Music Lab por darme la oportunidad de tener mi propio video musical, por formarme, confiar en m\u00ed y en mi m\u00fasica, por la oportunidad de tener espacios donde pueda compartir lo que hago, conectarme con personas tan talentosas y darme las bases para seguir consolidando mi proyecto musical\u201d, <\/em>expres\u00f3 Mario Alejandro Londo\u00f1o, int\u00e9rprete de Medell\u00edn.<\/p>\n<p><img loading=\"lazy\" class=\"alignnone size-large wp-image-408109\" src=\"https:\/\/www.medellin.gov.co\/es\/wp-content\/uploads\/2025\/05\/Imagen-jovenes-DJ-5-1024x438.jpg\" alt=\"Imagen j\u00f3venes DJ 5\" width=\"1024\" height=\"438\" srcset=\"https:\/\/www.medellin.gov.co\/es\/wp-content\/uploads\/2025\/05\/Imagen-jovenes-DJ-5-1024x438.jpg 1024w, https:\/\/www.medellin.gov.co\/es\/wp-content\/uploads\/2025\/05\/Imagen-jovenes-DJ-5-300x128.jpg 300w, https:\/\/www.medellin.gov.co\/es\/wp-content\/uploads\/2025\/05\/Imagen-jovenes-DJ-5-150x64.jpg 150w, https:\/\/www.medellin.gov.co\/es\/wp-content\/uploads\/2025\/05\/Imagen-jovenes-DJ-5-768x329.jpg 768w, https:\/\/www.medellin.gov.co\/es\/wp-content\/uploads\/2025\/05\/Imagen-jovenes-DJ-5.jpg 1280w\" sizes=\"(max-width: 1024px) 100vw, 1024px\" \/><\/p>\n<p>Este es el resultado de un proceso que incluy\u00f3 convocatoria, audiciones, campamentos creativos y mentor\u00edas especializadas. Las canciones, de g\u00e9neros como vallenato, urbano, tropipop, bolero y pop, fueron creadas en sesiones intensivas de seis horas dentro de estudios profesionales, con acompa\u00f1amiento de expertos en producci\u00f3n, desarrollo art\u00edstico y marketing.<\/p>\n<p><img loading=\"lazy\" class=\"alignnone size-large wp-image-408110\" src=\"https:\/\/www.medellin.gov.co\/es\/wp-content\/uploads\/2025\/05\/Imagen-jovenes-DJ-6-1024x438.jpg\" alt=\"Imagen j\u00f3venes DJ 6\" width=\"1024\" height=\"438\" srcset=\"https:\/\/www.medellin.gov.co\/es\/wp-content\/uploads\/2025\/05\/Imagen-jovenes-DJ-6-1024x438.jpg 1024w, https:\/\/www.medellin.gov.co\/es\/wp-content\/uploads\/2025\/05\/Imagen-jovenes-DJ-6-300x128.jpg 300w, https:\/\/www.medellin.gov.co\/es\/wp-content\/uploads\/2025\/05\/Imagen-jovenes-DJ-6-150x64.jpg 150w, https:\/\/www.medellin.gov.co\/es\/wp-content\/uploads\/2025\/05\/Imagen-jovenes-DJ-6-768x329.jpg 768w, https:\/\/www.medellin.gov.co\/es\/wp-content\/uploads\/2025\/05\/Imagen-jovenes-DJ-6.jpg 1280w\" sizes=\"(max-width: 1024px) 100vw, 1024px\" \/><\/p>\n<p><em>\u201cEsta una puerta de entrada a la industria musical, donde los j\u00f3venes no solo se forman sino que conectan con oportunidades reales. Adem\u00e1s, estamos felices de contarles que nueve artistas de las cohortes pasadas del proyecto, lanzar\u00e1n sus canciones y videoclips profesionales, como resultado del proceso de acompa\u00f1amiento creativo y t\u00e9cnico que vivieron dentro de Medell\u00edn Music Lab\u201d, <\/em>agreg\u00f3 el secretario de Juventud.<\/p>\n<p><img loading=\"lazy\" class=\"alignnone size-large wp-image-408111\" src=\"https:\/\/www.medellin.gov.co\/es\/wp-content\/uploads\/2025\/05\/Imagen-jovenes-DJ-1024x682.jpg\" alt=\"Imagen j\u00f3venes DJ\" width=\"1024\" height=\"682\" srcset=\"https:\/\/www.medellin.gov.co\/es\/wp-content\/uploads\/2025\/05\/Imagen-jovenes-DJ-1024x682.jpg 1024w, https:\/\/www.medellin.gov.co\/es\/wp-content\/uploads\/2025\/05\/Imagen-jovenes-DJ-300x200.jpg 300w, https:\/\/www.medellin.gov.co\/es\/wp-content\/uploads\/2025\/05\/Imagen-jovenes-DJ-150x100.jpg 150w, https:\/\/www.medellin.gov.co\/es\/wp-content\/uploads\/2025\/05\/Imagen-jovenes-DJ-768x512.jpg 768w, https:\/\/www.medellin.gov.co\/es\/wp-content\/uploads\/2025\/05\/Imagen-jovenes-DJ.jpg 1081w\" sizes=\"(max-width: 1024px) 100vw, 1024px\" \/><\/p>\n<p>Esta iniciativa hace parte de un proyecto estrat\u00e9gico de la Alcald\u00eda que, adem\u00e1s de generar puentes con la industria, consolida a la ciudad como capital creativa y del entretenimiento.<\/p>\n","protected":false},"excerpt":{"rendered":"<p>Las inscripciones para acceder a este proyecto, pionero en el pa\u00eds, est\u00e1n abiertas hasta el 14 de mayo. La convocatoria est\u00e1 dirigida a j\u00f3venes entre los 16 y los 28 a\u00f1os. \u00a0Nueve int\u00e9rpretes de cohortes &#8230;<\/p>\n","protected":false},"author":97,"featured_media":408105,"comment_status":"open","ping_status":"open","sticky":false,"template":"","format":"standard","meta":[],"categories":[12],"tags":[444,455],"formato_nota":[],"programas_tax":[],"acf":[],"_links":{"self":[{"href":"https:\/\/www.medellin.gov.co\/es\/wp-json\/wp\/v2\/posts\/408100"}],"collection":[{"href":"https:\/\/www.medellin.gov.co\/es\/wp-json\/wp\/v2\/posts"}],"about":[{"href":"https:\/\/www.medellin.gov.co\/es\/wp-json\/wp\/v2\/types\/post"}],"author":[{"embeddable":true,"href":"https:\/\/www.medellin.gov.co\/es\/wp-json\/wp\/v2\/users\/97"}],"replies":[{"embeddable":true,"href":"https:\/\/www.medellin.gov.co\/es\/wp-json\/wp\/v2\/comments?post=408100"}],"version-history":[{"count":2,"href":"https:\/\/www.medellin.gov.co\/es\/wp-json\/wp\/v2\/posts\/408100\/revisions"}],"predecessor-version":[{"id":408383,"href":"https:\/\/www.medellin.gov.co\/es\/wp-json\/wp\/v2\/posts\/408100\/revisions\/408383"}],"wp:featuredmedia":[{"embeddable":true,"href":"https:\/\/www.medellin.gov.co\/es\/wp-json\/wp\/v2\/media\/408105"}],"wp:attachment":[{"href":"https:\/\/www.medellin.gov.co\/es\/wp-json\/wp\/v2\/media?parent=408100"}],"wp:term":[{"taxonomy":"category","embeddable":true,"href":"https:\/\/www.medellin.gov.co\/es\/wp-json\/wp\/v2\/categories?post=408100"},{"taxonomy":"post_tag","embeddable":true,"href":"https:\/\/www.medellin.gov.co\/es\/wp-json\/wp\/v2\/tags?post=408100"},{"taxonomy":"formato_nota","embeddable":true,"href":"https:\/\/www.medellin.gov.co\/es\/wp-json\/wp\/v2\/formato_nota?post=408100"},{"taxonomy":"programas_tax","embeddable":true,"href":"https:\/\/www.medellin.gov.co\/es\/wp-json\/wp\/v2\/programas_tax?post=408100"}],"curies":[{"name":"wp","href":"https:\/\/api.w.org\/{rel}","templated":true}]}}