{"id":408115,"date":"2025-05-10T19:54:54","date_gmt":"2025-05-11T00:54:54","guid":{"rendered":"https:\/\/www.medellin.gov.co\/es\/?p=408115"},"modified":"2025-05-10T19:54:54","modified_gmt":"2025-05-11T00:54:54","slug":"hasta-el-18-de-mayo-estara-abierta-la-convocatoria-para-la-muestra-comercial-de-la-17-a-parada-juvenil-de-la-lectura-de-medellin","status":"publish","type":"post","link":"https:\/\/www.medellin.gov.co\/es\/sala-de-prensa\/noticias\/hasta-el-18-de-mayo-estara-abierta-la-convocatoria-para-la-muestra-comercial-de-la-17-a-parada-juvenil-de-la-lectura-de-medellin\/","title":{"rendered":"Hasta el 18 de mayo estar\u00e1 abierta la convocatoria para la muestra comercial de la 17.\u00aa Parada Juvenil de la Lectura de Medell\u00edn"},"content":{"rendered":"<ul>\n<li>Este tercer evento del a\u00f1o de la Fiesta del Libro se llevar\u00e1 a cabo los d\u00edas 5 y 6 de julio en el Museo Casa de la Memoria y el Teatro Pablo Tob\u00f3n Uribe.<\/li>\n<li>Se realizar\u00e1n 120 actividades de acceso libre para los j\u00f3venes y el p\u00fablico en general de la ciudad. La tem\u00e1tica de este a\u00f1o ser\u00e1 \u00abUtop\u00edas\u00bb.<\/li>\n<li>Las postulaciones para los expositores estar\u00e1n abiertas hasta el domingo 18 de mayo. La jornada tendr\u00e1 30 estands en la muestra comercial.<\/li>\n<\/ul>\n<!--[if lt IE 9]><script>document.createElement('audio');<\/script><![endif]-->\n\t<div class=\"wp-playlist wp-audio-playlist wp-playlist-light\">\n\t\t\t<div class=\"wp-playlist-current-item\"><\/div>\n\t\t<audio controls=\"controls\" preload=\"none\" width=\"640\"\n\t\t\t><\/audio>\n\t<div class=\"wp-playlist-next\"><\/div>\n\t<div class=\"wp-playlist-prev\"><\/div>\n\t<noscript>\n\t<ol>\n\t\t<li><a href='https:\/\/www.medellin.gov.co\/es\/wp-content\/uploads\/2025\/05\/Declaraciones-secretario-de-Cultura-Ciudadana-Santiago-Silva..mp3'>Declaraciones secretario de Cultura Ciudadana, Santiago\u00a0Silva.<\/a><\/li>\t<\/ol>\n\t<\/noscript>\n\t<script type=\"application\/json\" class=\"wp-playlist-script\">{\"type\":\"audio\",\"tracklist\":true,\"tracknumbers\":true,\"images\":true,\"artists\":true,\"tracks\":[{\"src\":\"https:\\\/\\\/www.medellin.gov.co\\\/es\\\/wp-content\\\/uploads\\\/2025\\\/05\\\/Declaraciones-secretario-de-Cultura-Ciudadana-Santiago-Silva..mp3\",\"type\":\"audio\\\/mpeg\",\"title\":\"Declaraciones secretario de Cultura Ciudadana, Santiago\\u00a0Silva.\",\"caption\":\"Declaraciones del secretario de Cultura Ciudadana, Santiago\\u00a0Silva.\",\"description\":\"\\u00abDeclaraciones secretario de Cultura Ciudadana, Santiago\\u00a0Silva.\\u00bb. Lanzamiento: 2025.\",\"meta\":{\"year\":\"2025\",\"length_formatted\":\"1:03\"},\"image\":{\"src\":\"https:\\\/\\\/www.medellin.gov.co\\\/es\\\/wp-includes\\\/images\\\/media\\\/audio.png\",\"width\":48,\"height\":64},\"thumb\":{\"src\":\"https:\\\/\\\/www.medellin.gov.co\\\/es\\\/wp-includes\\\/images\\\/media\\\/audio.png\",\"width\":48,\"height\":64}}]}<\/script>\n<\/div>\n\t\n<p>La Alcald\u00eda de Medell\u00edn abre la convocatoria p\u00fablica para la muestra comercial de la 17.\u00aa Parada Juvenil de la Lectura, que tendr\u00e1 lugar los d\u00edas s\u00e1bado 5 y domingo 6 de julio de 2025 en el Museo Casa de la Memoria y el Teatro Pablo Tob\u00f3n Uribe, ubicados en la comuna 10 -La Candelaria. Esta iniciativa busca reunir a expositores y emprendedores del sector cultural para ofrecer una experiencia enriquecedora a los asistentes en este tercer evento.<\/p>\n<p>Las postulaciones estar\u00e1n abiertas hasta el 18 de mayo, brindando a los interesados la oportunidad de sumarse a este espacio de promoci\u00f3n y encuentro en torno a la lectura y la creatividad. Este a\u00f1o, la muestra comercial contar\u00e1 con la participaci\u00f3n de 30 expositores, una invitaci\u00f3n especial para libreros, editoriales independientes, distribuidores de c\u00f3mics y comerciantes de productos literarios.<\/p>\n<p><img loading=\"lazy\" class=\"alignnone size-large wp-image-408121\" src=\"https:\/\/www.medellin.gov.co\/es\/wp-content\/uploads\/2025\/05\/Imagen-parada-juvenil-3-1024x683.jpg\" alt=\"Imagen parada juvenil 3\" width=\"1024\" height=\"683\" srcset=\"https:\/\/www.medellin.gov.co\/es\/wp-content\/uploads\/2025\/05\/Imagen-parada-juvenil-3-1024x683.jpg 1024w, https:\/\/www.medellin.gov.co\/es\/wp-content\/uploads\/2025\/05\/Imagen-parada-juvenil-3-300x200.jpg 300w, https:\/\/www.medellin.gov.co\/es\/wp-content\/uploads\/2025\/05\/Imagen-parada-juvenil-3-150x100.jpg 150w, https:\/\/www.medellin.gov.co\/es\/wp-content\/uploads\/2025\/05\/Imagen-parada-juvenil-3-768x512.jpg 768w, https:\/\/www.medellin.gov.co\/es\/wp-content\/uploads\/2025\/05\/Imagen-parada-juvenil-3.jpg 1079w\" sizes=\"(max-width: 1024px) 100vw, 1024px\" \/><\/p>\n<p><em>\u00abLa Parada Juvenil de la Lectura es mucho m\u00e1s que un evento: es un escenario donde los j\u00f3venes dialogan con los libros y las ideas que transforman su presente y proyectan nuevos futuros posibles. Este a\u00f1o, celebramos las Utop\u00edas, esos sue\u00f1os colectivos que nos inspiran a imaginar y construir un mundo m\u00e1s justo, creativo y solidario. Nos encontraremos en el coraz\u00f3n de Medell\u00edn, en espacios llenos de historia y memoria, para vivir una experiencia literaria y cultural inolvidable\u201d<\/em>, dijo el secretario de Cultura Ciudadana, Santiago Silva Jaramillo.<\/p>\n<p>Desde hoy, los interesados podr\u00e1n registrarse en el formulario disponible en <a href=\"https:\/\/www.fiestadellibroylacultura.com\/\">www.fiestadellibroylacultura.com<\/a>, en la secci\u00f3n de convocatorias ubicada en la parte superior del sitio web. En junio se publicar\u00e1 el acta de evaluaci\u00f3n con los nombres de los 30 seleccionados, quienes recibir\u00e1n un espacio cuyo costo ser\u00e1 asumido por el Distrito de Ciencia, Tecnolog\u00eda e Innovaci\u00f3n, como parte del impulso a la econom\u00eda del libro y del sector editorial de la ciudad.<\/p>\n<p><img loading=\"lazy\" class=\"alignnone size-large wp-image-408119\" src=\"https:\/\/www.medellin.gov.co\/es\/wp-content\/uploads\/2025\/05\/Imagen-parada-juvenil-2-1024x683.jpg\" alt=\"Imagen parada juvenil 2\" width=\"1024\" height=\"683\" srcset=\"https:\/\/www.medellin.gov.co\/es\/wp-content\/uploads\/2025\/05\/Imagen-parada-juvenil-2-1024x683.jpg 1024w, https:\/\/www.medellin.gov.co\/es\/wp-content\/uploads\/2025\/05\/Imagen-parada-juvenil-2-300x200.jpg 300w, https:\/\/www.medellin.gov.co\/es\/wp-content\/uploads\/2025\/05\/Imagen-parada-juvenil-2-150x100.jpg 150w, https:\/\/www.medellin.gov.co\/es\/wp-content\/uploads\/2025\/05\/Imagen-parada-juvenil-2-768x512.jpg 768w, https:\/\/www.medellin.gov.co\/es\/wp-content\/uploads\/2025\/05\/Imagen-parada-juvenil-2.jpg 1079w\" sizes=\"(max-width: 1024px) 100vw, 1024px\" \/><\/p>\n<p>La tem\u00e1tica central ser\u00e1 Utop\u00edas, un concepto estrechamente ligado a la juventud que inspirar\u00e1 una agenda con m\u00e1s de 120 actividades de acceso libre. Entre ellas, destaca el reconocido camping literario, una experiencia \u00fanica que se vivir\u00e1 desde la noche del s\u00e1bado hasta el amanecer del domingo: 16 horas ininterrumpidas para disfrutar con amigos, familia y dem\u00e1s ciudadanos.<\/p>\n<p>En esta edici\u00f3n, los Eventos del Libro del Distrito se suman a la celebraci\u00f3n de los 350 a\u00f1os de Medell\u00edn. As\u00ed, la Parada Juvenil de la Lectura regresa al Centro de la capital antioque\u00f1a con su propuesta de resignificar y fortalecer el sentido de pertenencia e identidad paisa a trav\u00e9s de la historia y el patrimonio que caracteriza esta zona de la ciudad. Toda la programaci\u00f3n estar\u00e1 articulada con el Distrito Cultural y Educativo San Ignacio y el Centro de Medell\u00edn.<\/p>\n<p><img loading=\"lazy\" class=\"alignnone size-large wp-image-408117\" src=\"https:\/\/www.medellin.gov.co\/es\/wp-content\/uploads\/2025\/05\/Imagen-para-juvenil--1024x664.jpg\" alt=\"Imagen para juvenil\" width=\"1024\" height=\"664\" srcset=\"https:\/\/www.medellin.gov.co\/es\/wp-content\/uploads\/2025\/05\/Imagen-para-juvenil--1024x664.jpg 1024w, https:\/\/www.medellin.gov.co\/es\/wp-content\/uploads\/2025\/05\/Imagen-para-juvenil--300x195.jpg 300w, https:\/\/www.medellin.gov.co\/es\/wp-content\/uploads\/2025\/05\/Imagen-para-juvenil--150x97.jpg 150w, https:\/\/www.medellin.gov.co\/es\/wp-content\/uploads\/2025\/05\/Imagen-para-juvenil--768x498.jpg 768w, https:\/\/www.medellin.gov.co\/es\/wp-content\/uploads\/2025\/05\/Imagen-para-juvenil-.jpg 1110w\" sizes=\"(max-width: 1024px) 100vw, 1024px\" \/><\/p>\n<p>En 2024, m\u00e1s de 9.800 asistentes itinerantes llegaron al Parque Biblioteca Gabriel Garc\u00eda M\u00e1rquez, en el Doce de Octubre, para vivir la edici\u00f3n 16 de la Parada Juvenil de la Lectura. Este encuentro ciudadano y literario se renueva cada a\u00f1o como un espacio vibrante para so\u00f1ar, crear y construir nuevas utop\u00edas desde la juventud y la cultura, que contin\u00faan narrando las historias de los habitantes del Distrito.<\/p>\n","protected":false},"excerpt":{"rendered":"<p>Este tercer evento del a\u00f1o de la Fiesta del Libro se llevar\u00e1 a cabo los d\u00edas 5 y 6 de julio en el Museo Casa de la Memoria y el Teatro Pablo Tob\u00f3n Uribe. Se &#8230;<\/p>\n","protected":false},"author":97,"featured_media":408122,"comment_status":"open","ping_status":"open","sticky":false,"template":"","format":"standard","meta":[],"categories":[31],"tags":[444,450],"formato_nota":[],"programas_tax":[],"acf":[],"_links":{"self":[{"href":"https:\/\/www.medellin.gov.co\/es\/wp-json\/wp\/v2\/posts\/408115"}],"collection":[{"href":"https:\/\/www.medellin.gov.co\/es\/wp-json\/wp\/v2\/posts"}],"about":[{"href":"https:\/\/www.medellin.gov.co\/es\/wp-json\/wp\/v2\/types\/post"}],"author":[{"embeddable":true,"href":"https:\/\/www.medellin.gov.co\/es\/wp-json\/wp\/v2\/users\/97"}],"replies":[{"embeddable":true,"href":"https:\/\/www.medellin.gov.co\/es\/wp-json\/wp\/v2\/comments?post=408115"}],"version-history":[{"count":1,"href":"https:\/\/www.medellin.gov.co\/es\/wp-json\/wp\/v2\/posts\/408115\/revisions"}],"predecessor-version":[{"id":408124,"href":"https:\/\/www.medellin.gov.co\/es\/wp-json\/wp\/v2\/posts\/408115\/revisions\/408124"}],"wp:featuredmedia":[{"embeddable":true,"href":"https:\/\/www.medellin.gov.co\/es\/wp-json\/wp\/v2\/media\/408122"}],"wp:attachment":[{"href":"https:\/\/www.medellin.gov.co\/es\/wp-json\/wp\/v2\/media?parent=408115"}],"wp:term":[{"taxonomy":"category","embeddable":true,"href":"https:\/\/www.medellin.gov.co\/es\/wp-json\/wp\/v2\/categories?post=408115"},{"taxonomy":"post_tag","embeddable":true,"href":"https:\/\/www.medellin.gov.co\/es\/wp-json\/wp\/v2\/tags?post=408115"},{"taxonomy":"formato_nota","embeddable":true,"href":"https:\/\/www.medellin.gov.co\/es\/wp-json\/wp\/v2\/formato_nota?post=408115"},{"taxonomy":"programas_tax","embeddable":true,"href":"https:\/\/www.medellin.gov.co\/es\/wp-json\/wp\/v2\/programas_tax?post=408115"}],"curies":[{"name":"wp","href":"https:\/\/api.w.org\/{rel}","templated":true}]}}