{"id":408127,"date":"2025-05-10T20:07:41","date_gmt":"2025-05-11T01:07:41","guid":{"rendered":"https:\/\/www.medellin.gov.co\/es\/?p=408127"},"modified":"2025-05-10T20:12:03","modified_gmt":"2025-05-11T01:12:03","slug":"ninas-y-ninos-de-medellin-aprenden-sobre-paz-y-memoria-a-traves-de-relatos-que-sanan","status":"publish","type":"post","link":"https:\/\/www.medellin.gov.co\/es\/sala-de-prensa\/noticias\/ninas-y-ninos-de-medellin-aprenden-sobre-paz-y-memoria-a-traves-de-relatos-que-sanan\/","title":{"rendered":"Ni\u00f1as y ni\u00f1os de Medell\u00edn aprenden sobre paz y memoria a trav\u00e9s de relatos que sanan"},"content":{"rendered":"<ul>\n<li>Se trata de una colecci\u00f3n de 10 cuentos infantiles que abordar\u00e1n temas dif\u00edciles con personajes cercanos y en palabras sencillas.<\/li>\n<li>Los contenidos estar\u00e1n disponibles en <a href=\"http:\/\/museocasadelamemoria.gov.co\/fondo-editorial\" target=\"_blank\" rel=\"noopener\">museocasadelamemoria.gov.co\/fondo-editorial<\/a><\/li>\n<\/ul>\n<!--[if lt IE 9]><script>document.createElement('audio');<\/script><![endif]-->\n\t<div class=\"wp-playlist wp-audio-playlist wp-playlist-light\">\n\t\t\t<div class=\"wp-playlist-current-item\"><\/div>\n\t\t<audio controls=\"controls\" preload=\"none\" width=\"640\"\n\t\t\t><\/audio>\n\t<div class=\"wp-playlist-next\"><\/div>\n\t<div class=\"wp-playlist-prev\"><\/div>\n\t<noscript>\n\t<ol>\n\t\t<li><a href='https:\/\/www.medellin.gov.co\/es\/wp-content\/uploads\/2025\/05\/Declaraciones-director-del-Museo-Casa-de-la-Memoria-Luis-Eduardo-Vieco-Maya..mp3'>Declaraciones director del Museo Casa de la Memoria, Luis Eduardo\u00a0Vieco\u00a0Maya.<\/a><\/li><li><a href='https:\/\/www.medellin.gov.co\/es\/wp-content\/uploads\/2025\/05\/Declaraciones-docente-de-la-Institucion-Educativa-Monsenor-Gerardo-Valencia-Cano-Esnedy-Montoya..mp3'>Declaraciones docente de la Instituci\u00f3n Educativa Monse\u00f1or Gerardo Valencia Cano,\u00a0Esnedy\u00a0Montoya.<\/a><\/li>\t<\/ol>\n\t<\/noscript>\n\t<script type=\"application\/json\" class=\"wp-playlist-script\">{\"type\":\"audio\",\"tracklist\":true,\"tracknumbers\":true,\"images\":true,\"artists\":true,\"tracks\":[{\"src\":\"https:\\\/\\\/www.medellin.gov.co\\\/es\\\/wp-content\\\/uploads\\\/2025\\\/05\\\/Declaraciones-director-del-Museo-Casa-de-la-Memoria-Luis-Eduardo-Vieco-Maya..mp3\",\"type\":\"audio\\\/mpeg\",\"title\":\"Declaraciones director del Museo Casa de la Memoria, Luis Eduardo\\u00a0Vieco\\u00a0Maya.\",\"caption\":\"\",\"description\":\"\\u00abDeclaraciones director del Museo Casa de la Memoria, Luis Eduardo\\u00a0Vieco\\u00a0Maya.\\u00bb. Lanzamiento: 2025.\",\"meta\":{\"year\":\"2025\",\"length_formatted\":\"1:02\"},\"image\":{\"src\":\"https:\\\/\\\/www.medellin.gov.co\\\/es\\\/wp-includes\\\/images\\\/media\\\/audio.png\",\"width\":48,\"height\":64},\"thumb\":{\"src\":\"https:\\\/\\\/www.medellin.gov.co\\\/es\\\/wp-includes\\\/images\\\/media\\\/audio.png\",\"width\":48,\"height\":64}},{\"src\":\"https:\\\/\\\/www.medellin.gov.co\\\/es\\\/wp-content\\\/uploads\\\/2025\\\/05\\\/Declaraciones-docente-de-la-Institucion-Educativa-Monsenor-Gerardo-Valencia-Cano-Esnedy-Montoya..mp3\",\"type\":\"audio\\\/mpeg\",\"title\":\"Declaraciones docente de la Instituci\\u00f3n Educativa Monse\\u00f1or Gerardo Valencia Cano,\\u00a0Esnedy\\u00a0Montoya.\",\"caption\":\"Declaraciones de la docente de la Instituci\\u00f3n Educativa Monse\\u00f1or Gerardo Valencia Cano,\\u00a0Esnedy\\u00a0Montoya.\",\"description\":\"\\u00abDeclaraciones docente de la Instituci\\u00f3n Educativa Monse\\u00f1or Gerardo Valencia Cano,\\u00a0Esnedy\\u00a0Montoya.\\u00bb. Lanzamiento: 2025.\",\"meta\":{\"year\":\"2025\",\"length_formatted\":\"0:32\"},\"image\":{\"src\":\"https:\\\/\\\/www.medellin.gov.co\\\/es\\\/wp-includes\\\/images\\\/media\\\/audio.png\",\"width\":48,\"height\":64},\"thumb\":{\"src\":\"https:\\\/\\\/www.medellin.gov.co\\\/es\\\/wp-includes\\\/images\\\/media\\\/audio.png\",\"width\":48,\"height\":64}}]}<\/script>\n<\/div>\n\t\n<p>El Museo Casa de la Memoria present\u00f3 Relatos que sanan, una colecci\u00f3n de 10 cuentos infantiles ilustrados que, con personajes cercanos y un lenguaje sencillo, invita a ni\u00f1as y ni\u00f1os a reflexionar sobre la paz, el conflicto armado y la memoria. Las historias fueron pensadas para acompa\u00f1ar procesos pedag\u00f3gicos y emocionales, y estar\u00e1n disponibles en formato digital a trav\u00e9s del sitio web <a href=\"http:\/\/museocasadelamemoria.gov.co\/fondo-editorial\" target=\"_blank\" rel=\"noopener\">museocasadelamemoria.gov.co\/fondo-editorial<\/a><\/p>\n<p><img loading=\"lazy\" class=\"alignnone size-large wp-image-408130\" src=\"https:\/\/www.medellin.gov.co\/es\/wp-content\/uploads\/2025\/05\/Imagen-ninas-y-ninos-de-Medellin-2-1024x683.jpg\" alt=\"Imagen ni\u00f1as y ni\u00f1os de Medell\u00edn 2\" width=\"1024\" height=\"683\" srcset=\"https:\/\/www.medellin.gov.co\/es\/wp-content\/uploads\/2025\/05\/Imagen-ninas-y-ninos-de-Medellin-2-1024x683.jpg 1024w, https:\/\/www.medellin.gov.co\/es\/wp-content\/uploads\/2025\/05\/Imagen-ninas-y-ninos-de-Medellin-2-300x200.jpg 300w, https:\/\/www.medellin.gov.co\/es\/wp-content\/uploads\/2025\/05\/Imagen-ninas-y-ninos-de-Medellin-2-150x100.jpg 150w, https:\/\/www.medellin.gov.co\/es\/wp-content\/uploads\/2025\/05\/Imagen-ninas-y-ninos-de-Medellin-2-768x512.jpg 768w, https:\/\/www.medellin.gov.co\/es\/wp-content\/uploads\/2025\/05\/Imagen-ninas-y-ninos-de-Medellin-2.jpg 1080w\" sizes=\"(max-width: 1024px) 100vw, 1024px\" \/><\/p>\n<p>\u201cEl museo, comprometido con las generaciones presentes y futuras, ha querido abordar, a partir de la lectura y de la creaci\u00f3n de cuentos, una memoria con sentido apropiado para que las nuevas generaciones conozcan y difundan los momentos que hemos pasado como pa\u00eds y que no se repitan. Por ello, hemos establecido \u2018Relatos que sanan\u2019, una serie de cuentos que busca abordar temas complejos adaptados para ni\u00f1as y ni\u00f1os, que puedan enterarse e ir m\u00e1s all\u00e1 de los problemas que devienen del conflicto armado y transformarlos\u201d, dijo el director del Museo Casa de la Memoria, Luis Eduardo Vieco Maya.<\/p>\n<p><img loading=\"lazy\" class=\"alignnone size-large wp-image-408136\" src=\"https:\/\/www.medellin.gov.co\/es\/wp-content\/uploads\/2025\/05\/Imagen-notas-de-ninas-y-ninos-de-Medellin-1024x683.jpg\" alt=\"Imagen notas de ni\u00f1as y ni\u00f1os de Medell\u00edn\" width=\"1024\" height=\"683\" srcset=\"https:\/\/www.medellin.gov.co\/es\/wp-content\/uploads\/2025\/05\/Imagen-notas-de-ninas-y-ninos-de-Medellin-1024x683.jpg 1024w, https:\/\/www.medellin.gov.co\/es\/wp-content\/uploads\/2025\/05\/Imagen-notas-de-ninas-y-ninos-de-Medellin-300x200.jpg 300w, https:\/\/www.medellin.gov.co\/es\/wp-content\/uploads\/2025\/05\/Imagen-notas-de-ninas-y-ninos-de-Medellin-150x100.jpg 150w, https:\/\/www.medellin.gov.co\/es\/wp-content\/uploads\/2025\/05\/Imagen-notas-de-ninas-y-ninos-de-Medellin-768x512.jpg 768w, https:\/\/www.medellin.gov.co\/es\/wp-content\/uploads\/2025\/05\/Imagen-notas-de-ninas-y-ninos-de-Medellin.jpg 1080w\" sizes=\"(max-width: 1024px) 100vw, 1024px\" \/><\/p>\n<p>Cada cuento est\u00e1 dise\u00f1ado para facilitar conversaciones sensibles desde la mirada infantil. Por ejemplo, El misterio de Villa Motor narra extra\u00f1as desapariciones de carros y destaca el valor del cuidado colectivo; La gallina Carlota habla de una expulsi\u00f3n forzada del hogar y la adaptaci\u00f3n en un nuevo entorno; y Girasoles para la abuela explora c\u00f3mo ni\u00f1as y ni\u00f1os procesan los recuerdos dolorosos dentro de sus familias.<\/p>\n<p><img loading=\"lazy\" class=\"alignnone size-large wp-image-408133\" src=\"https:\/\/www.medellin.gov.co\/es\/wp-content\/uploads\/2025\/05\/Imagen-ninas-y-ninos-de-Medellin-en-evento-1024x683.jpg\" alt=\"Imagen ni\u00f1as y ni\u00f1os de Medell\u00edn en evento\" width=\"1024\" height=\"683\" srcset=\"https:\/\/www.medellin.gov.co\/es\/wp-content\/uploads\/2025\/05\/Imagen-ninas-y-ninos-de-Medellin-en-evento-1024x683.jpg 1024w, https:\/\/www.medellin.gov.co\/es\/wp-content\/uploads\/2025\/05\/Imagen-ninas-y-ninos-de-Medellin-en-evento-300x200.jpg 300w, https:\/\/www.medellin.gov.co\/es\/wp-content\/uploads\/2025\/05\/Imagen-ninas-y-ninos-de-Medellin-en-evento-150x100.jpg 150w, https:\/\/www.medellin.gov.co\/es\/wp-content\/uploads\/2025\/05\/Imagen-ninas-y-ninos-de-Medellin-en-evento-768x512.jpg 768w, https:\/\/www.medellin.gov.co\/es\/wp-content\/uploads\/2025\/05\/Imagen-ninas-y-ninos-de-Medellin-en-evento.jpg 1080w\" sizes=\"(max-width: 1024px) 100vw, 1024px\" \/><\/p>\n<p>\u201cQuiero invitarlos a que conozcan el material que tiene el Museo Casa de la Memoria en su p\u00e1gina web \u2018Relatos que sanan\u2019. Historias que giran alrededor de la violencia, la memoria y la paz. Important\u00edsimo para que nuestros ni\u00f1os y j\u00f3venes trabajen con nosotros dentro del aula, se enriquezcan del discurso de la memoria colectiva y todo lo que nosotros tenemos que conocer de nuestro territorio\u201d, expres\u00f3 la docente de la Instituci\u00f3n Educativa Monse\u00f1or Gerardo Valencia Cano, Esnedy Montoya.<\/p>\n<p><img loading=\"lazy\" class=\"alignnone wp-image-408129 size-large\" src=\"https:\/\/www.medellin.gov.co\/es\/wp-content\/uploads\/2025\/05\/Imagen-evento-ninas-y-ninos-de-Medellin-1024x683.jpg\" alt=\"Imagen evento Casa de la cultura\" width=\"1024\" height=\"683\" srcset=\"https:\/\/www.medellin.gov.co\/es\/wp-content\/uploads\/2025\/05\/Imagen-evento-ninas-y-ninos-de-Medellin-1024x683.jpg 1024w, https:\/\/www.medellin.gov.co\/es\/wp-content\/uploads\/2025\/05\/Imagen-evento-ninas-y-ninos-de-Medellin-300x200.jpg 300w, https:\/\/www.medellin.gov.co\/es\/wp-content\/uploads\/2025\/05\/Imagen-evento-ninas-y-ninos-de-Medellin-150x100.jpg 150w, https:\/\/www.medellin.gov.co\/es\/wp-content\/uploads\/2025\/05\/Imagen-evento-ninas-y-ninos-de-Medellin-768x512.jpg 768w, https:\/\/www.medellin.gov.co\/es\/wp-content\/uploads\/2025\/05\/Imagen-evento-ninas-y-ninos-de-Medellin.jpg 1080w\" sizes=\"(max-width: 1024px) 100vw, 1024px\" \/><\/p>\n<p>La colecci\u00f3n estar\u00e1 disponible de manera permanente y libre para descarga en la p\u00e1gina oficial del museo, como recurso pedag\u00f3gico y emocional para establecimientos educativos, familias y cuidadores.<\/p>\n","protected":false},"excerpt":{"rendered":"<p>Se trata de una colecci\u00f3n de 10 cuentos infantiles que abordar\u00e1n temas dif\u00edciles con personajes cercanos y en palabras sencillas. Los contenidos estar\u00e1n disponibles en museocasadelamemoria.gov.co\/fondo-editorial El Museo Casa de la Memoria present\u00f3 Relatos que &#8230;<\/p>\n","protected":false},"author":97,"featured_media":408134,"comment_status":"open","ping_status":"open","sticky":false,"template":"","format":"standard","meta":[],"categories":[17],"tags":[444,450],"formato_nota":[],"programas_tax":[],"acf":[],"_links":{"self":[{"href":"https:\/\/www.medellin.gov.co\/es\/wp-json\/wp\/v2\/posts\/408127"}],"collection":[{"href":"https:\/\/www.medellin.gov.co\/es\/wp-json\/wp\/v2\/posts"}],"about":[{"href":"https:\/\/www.medellin.gov.co\/es\/wp-json\/wp\/v2\/types\/post"}],"author":[{"embeddable":true,"href":"https:\/\/www.medellin.gov.co\/es\/wp-json\/wp\/v2\/users\/97"}],"replies":[{"embeddable":true,"href":"https:\/\/www.medellin.gov.co\/es\/wp-json\/wp\/v2\/comments?post=408127"}],"version-history":[{"count":3,"href":"https:\/\/www.medellin.gov.co\/es\/wp-json\/wp\/v2\/posts\/408127\/revisions"}],"predecessor-version":[{"id":408148,"href":"https:\/\/www.medellin.gov.co\/es\/wp-json\/wp\/v2\/posts\/408127\/revisions\/408148"}],"wp:featuredmedia":[{"embeddable":true,"href":"https:\/\/www.medellin.gov.co\/es\/wp-json\/wp\/v2\/media\/408134"}],"wp:attachment":[{"href":"https:\/\/www.medellin.gov.co\/es\/wp-json\/wp\/v2\/media?parent=408127"}],"wp:term":[{"taxonomy":"category","embeddable":true,"href":"https:\/\/www.medellin.gov.co\/es\/wp-json\/wp\/v2\/categories?post=408127"},{"taxonomy":"post_tag","embeddable":true,"href":"https:\/\/www.medellin.gov.co\/es\/wp-json\/wp\/v2\/tags?post=408127"},{"taxonomy":"formato_nota","embeddable":true,"href":"https:\/\/www.medellin.gov.co\/es\/wp-json\/wp\/v2\/formato_nota?post=408127"},{"taxonomy":"programas_tax","embeddable":true,"href":"https:\/\/www.medellin.gov.co\/es\/wp-json\/wp\/v2\/programas_tax?post=408127"}],"curies":[{"name":"wp","href":"https:\/\/api.w.org\/{rel}","templated":true}]}}