{"id":413589,"date":"2025-05-25T20:45:08","date_gmt":"2025-05-26T01:45:08","guid":{"rendered":"https:\/\/www.medellin.gov.co\/es\/?p=413589"},"modified":"2025-05-23T13:13:37","modified_gmt":"2025-05-23T18:13:37","slug":"nunca-es-tarde-para-volver-a-estudiar-don-diego-un-ejemplo-de-vida-en-las-aulas-de-moravia-en-medellin","status":"publish","type":"post","link":"https:\/\/www.medellin.gov.co\/es\/sala-de-prensa\/noticias\/nunca-es-tarde-para-volver-a-estudiar-don-diego-un-ejemplo-de-vida-en-las-aulas-de-moravia-en-medellin\/","title":{"rendered":"Nunca es tarde para volver a estudiar: don Diego, un ejemplo de vida en las aulas de Moravia, en Medell\u00edn"},"content":{"rendered":"<p>A sus 82 a\u00f1os, Diego Luis Jim\u00e9nez Saldarriaga no solo es un abuelo dedicado y un vecino querido del barrio Moravia de la comuna cuatro (Aranjuez) de Medell\u00edn. Tambi\u00e9n es estudiante en la <a href=\"https:\/\/www.feyalegrialuisamigo.edu.co\/\" target=\"_blank\" rel=\"noopener\">Instituci\u00f3n Educativa Fe y Alegr\u00eda Luis Amig\u00f3<\/a>, donde cada noche, con cuaderno en mano y muchas ganas de aprender, demuestra que nunca es tarde para volver a las aulas.<\/p>\n<p>Su historia es un recordatorio de que el deseo de superarse no tiene fecha de vencimiento. Antes asist\u00eda a clases dos veces por semana en la Fundaci\u00f3n Oasis Urbano, tambi\u00e9n en Moravia. Pero gracias a una alianza entre esta organizaci\u00f3n y la instituci\u00f3n educativa, ahora recibe formaci\u00f3n de lunes a viernes en horario nocturno, como parte del programa de Educaci\u00f3n para J\u00f3venes y Adultos (EPJA), que lidera el Distrito.<\/p>\n<p><div class=\"iframe-container\"><iframe title=\"YouTube video player\" src=\"https:\/\/www.youtube.com\/embed\/ncuUSMloFYw?si=6n6GEbx8qjfdRcQD\" width=\"100%\" height=\"315\" frameborder=\"0\" allowfullscreen=\"allowfullscreen\"><span data-mce-type=\"bookmark\" style=\"display: inline-block; width: 0px; overflow: hidden; line-height: 0;\" class=\"mce_SELRES_start\">\ufeff<\/span><\/iframe><\/div><\/p>\n<p><em>\u201cBreguen a aprovechar el resto de la vida, porque es muy bueno estudiar. As\u00ed sea de edad. Antes mejor que vengan a estudiar\u201d,<\/em> dice don Diego con la sabidur\u00eda de quien ha vivido mucho, pero a\u00fan conserva la curiosidad intacta.<\/p>\n<p>Durante el d\u00eda, su tiempo est\u00e1 dedicado a acompa\u00f1ar a su hijastra y a su nieto, quien tiene una discapacidad. Entre labores del hogar y momentos en familia tambi\u00e9n se da tiempo para ir a la gimnasia \u2013 porque le encanta bailar y compartir con sus amigos \u2013, visitar la iglesia y, por supuesto, cumplir con sus deberes escolares.<\/p>\n<p>Como \u00e9l, m\u00e1s de 8700 estudiantes en Medell\u00edn hacen parte del programa EPJA, una estrategia que busca garantizar el derecho a la educaci\u00f3n para quienes, por diferentes razones, no pudieron estudiar en sus primeros a\u00f1os de vida. Actualmente, 48 instituciones educativas oficiales del Distrito tienen activos los Ciclos Lectivos Especiales Integrados (CLEI) que permiten cursar dos grados en un solo a\u00f1o.<\/p>\n<p><img loading=\"lazy\" class=\"alignnone wp-image-413617 size-large\" src=\"https:\/\/www.medellin.gov.co\/es\/wp-content\/uploads\/2025\/05\/Imagen-Diego-en-clase-leyendo-1024x576.jpg\" alt=\"Imagen Diego en clase leyendo nunca es tarde\" width=\"1024\" height=\"576\" srcset=\"https:\/\/www.medellin.gov.co\/es\/wp-content\/uploads\/2025\/05\/Imagen-Diego-en-clase-leyendo-1024x576.jpg 1024w, https:\/\/www.medellin.gov.co\/es\/wp-content\/uploads\/2025\/05\/Imagen-Diego-en-clase-leyendo-300x169.jpg 300w, https:\/\/www.medellin.gov.co\/es\/wp-content\/uploads\/2025\/05\/Imagen-Diego-en-clase-leyendo-150x84.jpg 150w, https:\/\/www.medellin.gov.co\/es\/wp-content\/uploads\/2025\/05\/Imagen-Diego-en-clase-leyendo-768x432.jpg 768w, https:\/\/www.medellin.gov.co\/es\/wp-content\/uploads\/2025\/05\/Imagen-Diego-en-clase-leyendo.jpg 1280w\" sizes=\"(max-width: 1024px) 100vw, 1024px\" \/><\/p>\n<p>Pero m\u00e1s all\u00e1 de los n\u00fameros, son historias como la de don Diego las que inspiran y motivan. Porque cuando hay voluntad de aprender, siempre hay una oportunidad para comenzar de nuevo.<\/p>\n<p>En Medell\u00edn esa oportunidad se llama educaci\u00f3n. Si est\u00e1s interesado en volver al colegio, puedes hacerlo de forma f\u00e1cil y gratuita. Solo necesitas acercarte a la Direcci\u00f3n del N\u00facleo Educativo del sector donde vives \u2013 la puedes consultar en <a href=\"http:\/\/www.medellin.edu.co\">www.medellin.edu.co<\/a> \u2013 y all\u00ed recibir\u00e1s toda la orientaci\u00f3n para iniciar el proceso.<\/p>\n","protected":false},"excerpt":{"rendered":"<p>A sus 82 a\u00f1os, Diego Luis Jim\u00e9nez Saldarriaga no solo es un abuelo dedicado y un vecino querido del barrio Moravia de la comuna cuatro (Aranjuez) de Medell\u00edn. Tambi\u00e9n es estudiante en la Instituci\u00f3n Educativa &#8230;<\/p>\n","protected":false},"author":97,"featured_media":413616,"comment_status":"open","ping_status":"open","sticky":false,"template":"","format":"standard","meta":[],"categories":[531,4],"tags":[431,704],"formato_nota":[],"programas_tax":[],"acf":[],"_links":{"self":[{"href":"https:\/\/www.medellin.gov.co\/es\/wp-json\/wp\/v2\/posts\/413589"}],"collection":[{"href":"https:\/\/www.medellin.gov.co\/es\/wp-json\/wp\/v2\/posts"}],"about":[{"href":"https:\/\/www.medellin.gov.co\/es\/wp-json\/wp\/v2\/types\/post"}],"author":[{"embeddable":true,"href":"https:\/\/www.medellin.gov.co\/es\/wp-json\/wp\/v2\/users\/97"}],"replies":[{"embeddable":true,"href":"https:\/\/www.medellin.gov.co\/es\/wp-json\/wp\/v2\/comments?post=413589"}],"version-history":[{"count":2,"href":"https:\/\/www.medellin.gov.co\/es\/wp-json\/wp\/v2\/posts\/413589\/revisions"}],"predecessor-version":[{"id":413629,"href":"https:\/\/www.medellin.gov.co\/es\/wp-json\/wp\/v2\/posts\/413589\/revisions\/413629"}],"wp:featuredmedia":[{"embeddable":true,"href":"https:\/\/www.medellin.gov.co\/es\/wp-json\/wp\/v2\/media\/413616"}],"wp:attachment":[{"href":"https:\/\/www.medellin.gov.co\/es\/wp-json\/wp\/v2\/media?parent=413589"}],"wp:term":[{"taxonomy":"category","embeddable":true,"href":"https:\/\/www.medellin.gov.co\/es\/wp-json\/wp\/v2\/categories?post=413589"},{"taxonomy":"post_tag","embeddable":true,"href":"https:\/\/www.medellin.gov.co\/es\/wp-json\/wp\/v2\/tags?post=413589"},{"taxonomy":"formato_nota","embeddable":true,"href":"https:\/\/www.medellin.gov.co\/es\/wp-json\/wp\/v2\/formato_nota?post=413589"},{"taxonomy":"programas_tax","embeddable":true,"href":"https:\/\/www.medellin.gov.co\/es\/wp-json\/wp\/v2\/programas_tax?post=413589"}],"curies":[{"name":"wp","href":"https:\/\/api.w.org\/{rel}","templated":true}]}}