{"id":414145,"date":"2025-05-25T19:03:52","date_gmt":"2025-05-26T00:03:52","guid":{"rendered":"https:\/\/www.medellin.gov.co\/es\/?p=414145"},"modified":"2025-05-26T09:04:02","modified_gmt":"2025-05-26T14:04:02","slug":"la-alcaldia-de-medellin-entregara-apoyo-economico-a-16-000-personas-mayores-en-condicion-de-vulnerabilidad","status":"publish","type":"post","link":"https:\/\/www.medellin.gov.co\/es\/sala-de-prensa\/noticias\/la-alcaldia-de-medellin-entregara-apoyo-economico-a-16-000-personas-mayores-en-condicion-de-vulnerabilidad\/","title":{"rendered":"La Alcald\u00eda de Medell\u00edn entregar\u00e1 apoyo econ\u00f3mico a 16.000 personas mayores en condici\u00f3n de vulnerabilidad"},"content":{"rendered":"<ul>\n<li>Los beneficiarios acceder\u00e1n a un subsidio bimestral de $151.000 para mejorar sus condiciones de vida.<\/li>\n<li>La inversi\u00f3n para este programa aument\u00f3 en 23 %, en comparaci\u00f3n con los recursos destinados el a\u00f1o pasado.<\/li>\n<\/ul>\n<!--[if lt IE 9]><script>document.createElement('audio');<\/script><![endif]-->\n\t<div class=\"wp-playlist wp-audio-playlist wp-playlist-light\">\n\t\t\t<div class=\"wp-playlist-current-item\"><\/div>\n\t\t<audio controls=\"controls\" preload=\"none\" width=\"640\"\n\t\t\t><\/audio>\n\t<div class=\"wp-playlist-next\"><\/div>\n\t<div class=\"wp-playlist-prev\"><\/div>\n\t<noscript>\n\t<ol>\n\t\t<li><a href='https:\/\/www.medellin.gov.co\/es\/wp-content\/uploads\/2025\/05\/Audio-Declaraciones-de-la-secretaria-de-Inclusion-Social-y-Familia-Sandra-Sanchez-2.mp3'>Audio Declaraciones de la secretaria de Inclusi\u00f3n Social y Familia, Sandra S\u00e1nchez<\/a><\/li><li><a href='https:\/\/www.medellin.gov.co\/es\/wp-content\/uploads\/2025\/05\/Audio-Declaraciones-de-Jesus-Clavijo-beneficiario-del-programa.mp3'>Audio Declaraciones de Jes\u00fas Clavijo, beneficiario del programa<\/a><\/li>\t<\/ol>\n\t<\/noscript>\n\t<script type=\"application\/json\" class=\"wp-playlist-script\">{\"type\":\"audio\",\"tracklist\":true,\"tracknumbers\":true,\"images\":true,\"artists\":true,\"tracks\":[{\"src\":\"https:\\\/\\\/www.medellin.gov.co\\\/es\\\/wp-content\\\/uploads\\\/2025\\\/05\\\/Audio-Declaraciones-de-la-secretaria-de-Inclusion-Social-y-Familia-Sandra-Sanchez-2.mp3\",\"type\":\"audio\\\/mpeg\",\"title\":\"Audio Declaraciones de la secretaria de Inclusi\\u00f3n Social y Familia, Sandra S\\u00e1nchez\",\"caption\":\"\",\"description\":\"\\u00abAudio Declaraciones de la secretaria de Inclusi\\u00f3n Social y Familia, Sandra S\\u00e1nchez\\u00bb. G\\u00e9nero: Blues.\",\"meta\":{\"genre\":\"Blues\",\"length_formatted\":\"0:57\"},\"image\":{\"src\":\"https:\\\/\\\/www.medellin.gov.co\\\/es\\\/wp-includes\\\/images\\\/media\\\/audio.png\",\"width\":48,\"height\":64},\"thumb\":{\"src\":\"https:\\\/\\\/www.medellin.gov.co\\\/es\\\/wp-includes\\\/images\\\/media\\\/audio.png\",\"width\":48,\"height\":64}},{\"src\":\"https:\\\/\\\/www.medellin.gov.co\\\/es\\\/wp-content\\\/uploads\\\/2025\\\/05\\\/Audio-Declaraciones-de-Jesus-Clavijo-beneficiario-del-programa.mp3\",\"type\":\"audio\\\/mpeg\",\"title\":\"Audio Declaraciones de Jes\\u00fas Clavijo, beneficiario del programa\",\"caption\":\"\",\"description\":\"\\u00abAudio Declaraciones de Jes\\u00fas Clavijo, beneficiario del programa\\u00bb. G\\u00e9nero: Blues.\",\"meta\":{\"genre\":\"Blues\",\"length_formatted\":\"1:48\"},\"image\":{\"src\":\"https:\\\/\\\/www.medellin.gov.co\\\/es\\\/wp-includes\\\/images\\\/media\\\/audio.png\",\"width\":48,\"height\":64},\"thumb\":{\"src\":\"https:\\\/\\\/www.medellin.gov.co\\\/es\\\/wp-includes\\\/images\\\/media\\\/audio.png\",\"width\":48,\"height\":64}}]}<\/script>\n<\/div>\n\t\n<p>Con el fin de mejorar la calidad de vida de las personas mayores de 60 a\u00f1os en condici\u00f3n de vulnerabilidad, la Administraci\u00f3n Distrital comenzar\u00e1 la entrega de apoyos econ\u00f3micos a esta poblaci\u00f3n. Esta iniciativa se desarrolla en el marco del proyecto estrat\u00e9gico \u201cMayor Cuidado\u201d del Plan de Desarrollo \u201cMedell\u00edn Te Quiere 2024 &#8211; 2027\u201d.<\/p>\n<p>\u201c<em>Empezamos un proceso de acercamiento y focalizaci\u00f3n de aquellas personas mayores m\u00e1s vulnerables de nuestro Distrito para que reciban un apoyo econ\u00f3mico cada dos meses que les permita apalancar un poco sus condiciones de vida<\/em>\u201d, explic\u00f3 la secretaria de Inclusi\u00f3n Social y Familia, Sandra S\u00e1nchez.<\/p>\n<p><a href=\"https:\/\/www.medellin.gov.co\/es\/wp-content\/uploads\/2025\/05\/Imagen-de-adulto-mayor-y-acompanante.jpg\" target=\"_blank\" rel=\"noopener\"><img loading=\"lazy\" class=\"alignnone wp-image-414149 size-full\" src=\"https:\/\/www.medellin.gov.co\/es\/wp-content\/uploads\/2025\/05\/Imagen-de-adulto-mayor-y-acompanante.jpg\" alt=\"Imagen de adulto mayor y acompa\u00f1ante\" width=\"946\" height=\"760\" srcset=\"https:\/\/www.medellin.gov.co\/es\/wp-content\/uploads\/2025\/05\/Imagen-de-adulto-mayor-y-acompanante.jpg 946w, https:\/\/www.medellin.gov.co\/es\/wp-content\/uploads\/2025\/05\/Imagen-de-adulto-mayor-y-acompanante-300x241.jpg 300w, https:\/\/www.medellin.gov.co\/es\/wp-content\/uploads\/2025\/05\/Imagen-de-adulto-mayor-y-acompanante-150x121.jpg 150w, https:\/\/www.medellin.gov.co\/es\/wp-content\/uploads\/2025\/05\/Imagen-de-adulto-mayor-y-acompanante-768x617.jpg 768w\" sizes=\"(max-width: 946px) 100vw, 946px\" \/><\/a><\/p>\n<p>La inversi\u00f3n para este programa aument\u00f3 en 23 %, en comparaci\u00f3n con los recursos destinados en 2024. Asimismo, se increment\u00f3 en 21 % el n\u00famero de beneficiarios, por lo que este a\u00f1o ser\u00e1n 16.000 personas las favorecidas con este subsidio.<\/p>\n<p>\u201c<em>Cuando mi esposa se comenz\u00f3 a enfermar, me sent\u00ed econ\u00f3micamente mal. Fue una ayuda muy hermosa, fueron m\u00e1s de $400.000. Yo me sent\u00ed muy alegre, ya uno puede aportar al hogar para las cosas de v\u00edveres<\/em>\u201d, dijo Jes\u00fas Clavijo, beneficiario del proyecto.<\/p>\n<p>Este apoyo se entrega sin procesos de inscripci\u00f3n directa, debido a que las asignaciones son de acuerdo con una base de priorizaci\u00f3n del Departamento Administrativo de Planeaci\u00f3n que tiene en cuenta el Sisb\u00e9n vigente de Medell\u00edn y otros criterios establecidos.<\/p>\n<p><a href=\"https:\/\/www.medellin.gov.co\/es\/wp-content\/uploads\/2025\/05\/Imagen-de-adulto-mayor-en-una-tienda.jpg\" target=\"_blank\" rel=\"noopener\"><img loading=\"lazy\" class=\"alignnone wp-image-414147 size-full\" src=\"https:\/\/www.medellin.gov.co\/es\/wp-content\/uploads\/2025\/05\/Imagen-de-adulto-mayor-en-una-tienda.jpg\" alt=\"Imagen de adulto mayor \" width=\"1280\" height=\"704\" srcset=\"https:\/\/www.medellin.gov.co\/es\/wp-content\/uploads\/2025\/05\/Imagen-de-adulto-mayor-en-una-tienda.jpg 1280w, https:\/\/www.medellin.gov.co\/es\/wp-content\/uploads\/2025\/05\/Imagen-de-adulto-mayor-en-una-tienda-300x165.jpg 300w, https:\/\/www.medellin.gov.co\/es\/wp-content\/uploads\/2025\/05\/Imagen-de-adulto-mayor-en-una-tienda-1024x563.jpg 1024w, https:\/\/www.medellin.gov.co\/es\/wp-content\/uploads\/2025\/05\/Imagen-de-adulto-mayor-en-una-tienda-150x83.jpg 150w, https:\/\/www.medellin.gov.co\/es\/wp-content\/uploads\/2025\/05\/Imagen-de-adulto-mayor-en-una-tienda-768x422.jpg 768w\" sizes=\"(max-width: 1280px) 100vw, 1280px\" \/><\/a><\/p>\n<p>Los pagos que se realizar\u00e1n en los pr\u00f3ximos d\u00edas corresponden a los bimestres de enero-febrero y marzo-abril de 2025, cada uno es de $151.000 y se efectuar\u00e1n a trav\u00e9s de la entidad financiera Confiar.<\/p>\n<p>Los beneficiarios recibir\u00e1n una llamada de verificaci\u00f3n en la que se les informar\u00e1 la fecha y el lugar exacto de cobro. En caso de haber cambiado de n\u00famero telef\u00f3nico, es necesario actualizar la informaci\u00f3n en la sede de Amautta, ubicada en la carrera 45 # 54 &#8211; 55, en alguno de los puntos de atenci\u00f3n de la Alcald\u00eda o llamando a la l\u00ednea (604) 385 5555, extensi\u00f3n 2903.<\/p>\n","protected":false},"excerpt":{"rendered":"<p>Los beneficiarios acceder\u00e1n a un subsidio bimestral de $151.000 para mejorar sus condiciones de vida. La inversi\u00f3n para este programa aument\u00f3 en 23 %, en comparaci\u00f3n con los recursos destinados el a\u00f1o pasado. Con el &#8230;<\/p>\n","protected":false},"author":21,"featured_media":414148,"comment_status":"open","ping_status":"open","sticky":false,"template":"","format":"standard","meta":[],"categories":[1],"tags":[451],"formato_nota":[],"programas_tax":[],"acf":[],"_links":{"self":[{"href":"https:\/\/www.medellin.gov.co\/es\/wp-json\/wp\/v2\/posts\/414145"}],"collection":[{"href":"https:\/\/www.medellin.gov.co\/es\/wp-json\/wp\/v2\/posts"}],"about":[{"href":"https:\/\/www.medellin.gov.co\/es\/wp-json\/wp\/v2\/types\/post"}],"author":[{"embeddable":true,"href":"https:\/\/www.medellin.gov.co\/es\/wp-json\/wp\/v2\/users\/21"}],"replies":[{"embeddable":true,"href":"https:\/\/www.medellin.gov.co\/es\/wp-json\/wp\/v2\/comments?post=414145"}],"version-history":[{"count":2,"href":"https:\/\/www.medellin.gov.co\/es\/wp-json\/wp\/v2\/posts\/414145\/revisions"}],"predecessor-version":[{"id":414202,"href":"https:\/\/www.medellin.gov.co\/es\/wp-json\/wp\/v2\/posts\/414145\/revisions\/414202"}],"wp:featuredmedia":[{"embeddable":true,"href":"https:\/\/www.medellin.gov.co\/es\/wp-json\/wp\/v2\/media\/414148"}],"wp:attachment":[{"href":"https:\/\/www.medellin.gov.co\/es\/wp-json\/wp\/v2\/media?parent=414145"}],"wp:term":[{"taxonomy":"category","embeddable":true,"href":"https:\/\/www.medellin.gov.co\/es\/wp-json\/wp\/v2\/categories?post=414145"},{"taxonomy":"post_tag","embeddable":true,"href":"https:\/\/www.medellin.gov.co\/es\/wp-json\/wp\/v2\/tags?post=414145"},{"taxonomy":"formato_nota","embeddable":true,"href":"https:\/\/www.medellin.gov.co\/es\/wp-json\/wp\/v2\/formato_nota?post=414145"},{"taxonomy":"programas_tax","embeddable":true,"href":"https:\/\/www.medellin.gov.co\/es\/wp-json\/wp\/v2\/programas_tax?post=414145"}],"curies":[{"name":"wp","href":"https:\/\/api.w.org\/{rel}","templated":true}]}}