{"id":414157,"date":"2025-05-25T19:13:17","date_gmt":"2025-05-26T00:13:17","guid":{"rendered":"https:\/\/www.medellin.gov.co\/es\/?p=414157"},"modified":"2025-05-25T19:13:17","modified_gmt":"2025-05-26T00:13:17","slug":"95-642-estudiantes-de-medellin-inician-los-simulacros-academicos-para-las-pruebas-saber-11","status":"publish","type":"post","link":"https:\/\/www.medellin.gov.co\/es\/sala-de-prensa\/noticias\/95-642-estudiantes-de-medellin-inician-los-simulacros-academicos-para-las-pruebas-saber-11\/","title":{"rendered":"95.642 estudiantes de Medell\u00edn inician los simulacros acad\u00e9micos para las Pruebas Saber 11"},"content":{"rendered":"<ul>\n<li>El Distrito invirti\u00f3 $1.350 millones para garantizar la inscripci\u00f3n de m\u00e1s de 19.000 j\u00f3venes a estas pruebas.<\/li>\n<li>La estrategia SaberEs busca fortalecer el desempe\u00f1o educativo y acompa\u00f1ar las decisiones de futuro de los estudiantes.<\/li>\n<\/ul>\n<!--[if lt IE 9]><script>document.createElement('audio');<\/script><![endif]-->\n\t<div class=\"wp-playlist wp-audio-playlist wp-playlist-light\">\n\t\t\t<div class=\"wp-playlist-current-item\"><\/div>\n\t\t<audio controls=\"controls\" preload=\"none\" width=\"640\"\n\t\t\t><\/audio>\n\t<div class=\"wp-playlist-next\"><\/div>\n\t<div class=\"wp-playlist-prev\"><\/div>\n\t<noscript>\n\t<ol>\n\t\t<li><a href='https:\/\/www.medellin.gov.co\/es\/wp-content\/uploads\/2025\/05\/Audio-Declaraciones-del-subsecretario-de-la-Prestacion-del-Servicio-Educativo-Jorge-Ivan-Rios-Rivera-1.mp3'>Audio Declaraciones del subsecretario de la Prestaci\u00f3n del Servicio Educativo, Jorge Iv\u00e1n R\u00edos Rivera<\/a><\/li><li><a href='https:\/\/www.medellin.gov.co\/es\/wp-content\/uploads\/2025\/05\/Audio-Declaraciones-de-la-rectora-de-la-I.-E.-Madre-Laura-Hermana-Luz-Marina-Zapata.mp3'>Audio Declaraciones de la rectora de la I. E. Madre Laura, Hermana Luz Marina Zapata<\/a><\/li><li><a href='https:\/\/www.medellin.gov.co\/es\/wp-content\/uploads\/2025\/05\/Audio-Declaraciones-de-la-estudiante-de-la-I.-E.-Madre-Laura-de-la-comuna-9-Buenos-Aires-Luisa-Fernanda-Zapata-Giraldo.mp3'>Audio Declaraciones de la estudiante de la I. E. Madre Laura, de la comuna 9-Buenos Aires, Luisa Fernanda Zapata Giraldo<\/a><\/li>\t<\/ol>\n\t<\/noscript>\n\t<script type=\"application\/json\" class=\"wp-playlist-script\">{\"type\":\"audio\",\"tracklist\":true,\"tracknumbers\":true,\"images\":true,\"artists\":true,\"tracks\":[{\"src\":\"https:\\\/\\\/www.medellin.gov.co\\\/es\\\/wp-content\\\/uploads\\\/2025\\\/05\\\/Audio-Declaraciones-del-subsecretario-de-la-Prestacion-del-Servicio-Educativo-Jorge-Ivan-Rios-Rivera-1.mp3\",\"type\":\"audio\\\/mpeg\",\"title\":\"Audio Declaraciones del subsecretario de la Prestaci\\u00f3n del Servicio Educativo, Jorge Iv\\u00e1n R\\u00edos Rivera\",\"caption\":\"Declaraciones del subsecretario de la Prestaci\\u00f3n del Servicio Educativo, Jorge Iv\\u00e1n R\\u00edos Rivera\",\"description\":\"\\u00abAudio Declaraciones del subsecretario de la Prestaci\\u00f3n del Servicio Educativo, Jorge Iv\\u00e1n R\\u00edos Rivera\\u00bb. \",\"meta\":{\"genre\":\"Blues\",\"length_formatted\":\"0:39\"},\"image\":{\"src\":\"https:\\\/\\\/www.medellin.gov.co\\\/es\\\/wp-includes\\\/images\\\/media\\\/audio.png\",\"width\":48,\"height\":64},\"thumb\":{\"src\":\"https:\\\/\\\/www.medellin.gov.co\\\/es\\\/wp-includes\\\/images\\\/media\\\/audio.png\",\"width\":48,\"height\":64}},{\"src\":\"https:\\\/\\\/www.medellin.gov.co\\\/es\\\/wp-content\\\/uploads\\\/2025\\\/05\\\/Audio-Declaraciones-de-la-rectora-de-la-I.-E.-Madre-Laura-Hermana-Luz-Marina-Zapata.mp3\",\"type\":\"audio\\\/mpeg\",\"title\":\"Audio Declaraciones de la rectora de la I. E. Madre Laura, Hermana Luz Marina Zapata\",\"caption\":\"\",\"description\":\"\\u00abAudio Declaraciones de la rectora de la I. E. Madre Laura, Hermana Luz Marina Zapata\\u00bb. G\\u00e9nero: Blues.\",\"meta\":{\"genre\":\"Blues\",\"length_formatted\":\"0:31\"},\"image\":{\"src\":\"https:\\\/\\\/www.medellin.gov.co\\\/es\\\/wp-includes\\\/images\\\/media\\\/audio.png\",\"width\":48,\"height\":64},\"thumb\":{\"src\":\"https:\\\/\\\/www.medellin.gov.co\\\/es\\\/wp-includes\\\/images\\\/media\\\/audio.png\",\"width\":48,\"height\":64}},{\"src\":\"https:\\\/\\\/www.medellin.gov.co\\\/es\\\/wp-content\\\/uploads\\\/2025\\\/05\\\/Audio-Declaraciones-de-la-estudiante-de-la-I.-E.-Madre-Laura-de-la-comuna-9-Buenos-Aires-Luisa-Fernanda-Zapata-Giraldo.mp3\",\"type\":\"audio\\\/mpeg\",\"title\":\"Audio Declaraciones de la estudiante de la I. E. Madre Laura, de la comuna 9-Buenos Aires, Luisa Fernanda Zapata Giraldo\",\"caption\":\"\",\"description\":\"\\u00abAudio Declaraciones de la estudiante de la I. E. Madre Laura, de la comuna 9-Buenos Aires, Luisa Fernanda Zapata Giraldo\\u00bb. G\\u00e9nero: Blues.\",\"meta\":{\"genre\":\"Blues\",\"length_formatted\":\"0:11\"},\"image\":{\"src\":\"https:\\\/\\\/www.medellin.gov.co\\\/es\\\/wp-includes\\\/images\\\/media\\\/audio.png\",\"width\":48,\"height\":64},\"thumb\":{\"src\":\"https:\\\/\\\/www.medellin.gov.co\\\/es\\\/wp-includes\\\/images\\\/media\\\/audio.png\",\"width\":48,\"height\":64}}]}<\/script>\n<\/div>\n\t\n<p>La Alcald\u00eda de Medell\u00edn, a trav\u00e9s de la estrategia SaberEs, inici\u00f3 los simulacros acad\u00e9micos que preparan a los estudiantes de grado 11 para las Pruebas Saber 2025. Esta iniciativa, que se desarrollar\u00e1 durante todo el a\u00f1o en las instituciones educativas oficiales y de cobertura del Distrito, beneficiar\u00e1 a 95.642 estudiantes, con el objetivo de fortalecer sus competencias, orientar sus trayectorias educativas y apoyar su proyecto de vida.<\/p>\n<p>Como parte del compromiso con la calidad educativa, la Administraci\u00f3n Distrital destin\u00f3 m\u00e1s de $1.350 millones para costear la inscripci\u00f3n de 19.000 estudiantes a las Pruebas Saber 11, reduciendo as\u00ed las barreras de acceso y asegurando que todos los j\u00f3venes tengan la oportunidad de presentar esta evaluaci\u00f3n clave.<\/p>\n<p><a href=\"https:\/\/www.medellin.gov.co\/es\/wp-content\/uploads\/2025\/05\/Imagen-estudiante-presentando-Pruebas-Saber-2.jpg\" target=\"_blank\" rel=\"noopener\"><img loading=\"lazy\" class=\"alignnone wp-image-414099 size-full\" src=\"https:\/\/www.medellin.gov.co\/es\/wp-content\/uploads\/2025\/05\/Imagen-estudiante-presentando-Pruebas-Saber-2.jpg\" alt=\"Imagen estudiante presentando Pruebas Saber\" width=\"1280\" height=\"720\" srcset=\"https:\/\/www.medellin.gov.co\/es\/wp-content\/uploads\/2025\/05\/Imagen-estudiante-presentando-Pruebas-Saber-2.jpg 1280w, https:\/\/www.medellin.gov.co\/es\/wp-content\/uploads\/2025\/05\/Imagen-estudiante-presentando-Pruebas-Saber-2-300x169.jpg 300w, https:\/\/www.medellin.gov.co\/es\/wp-content\/uploads\/2025\/05\/Imagen-estudiante-presentando-Pruebas-Saber-2-1024x576.jpg 1024w, https:\/\/www.medellin.gov.co\/es\/wp-content\/uploads\/2025\/05\/Imagen-estudiante-presentando-Pruebas-Saber-2-150x84.jpg 150w, https:\/\/www.medellin.gov.co\/es\/wp-content\/uploads\/2025\/05\/Imagen-estudiante-presentando-Pruebas-Saber-2-768x432.jpg 768w\" sizes=\"(max-width: 1280px) 100vw, 1280px\" \/><\/a><\/p>\n<p>\u201c<em>Le damos un valor importante al saber de nuestros estudiantes. Pagamos, como Distrito, el PIN en el <a href=\"https:\/\/www.icfes.gov.co\/\" target=\"_blank\" rel=\"noopener\">ICFES<\/a> para que ninguna mam\u00e1, pap\u00e1 o acudiente tenga que pagarlo. Tambi\u00e9n estamos aplicando las Pruebas Saber 11 en lo que hemos llamado los simulacros, y acciones de formaci\u00f3n en las instituciones educativas<\/em>\u201d, explic\u00f3 el subsecretario de la Prestaci\u00f3n del Servicio, Jorge Iv\u00e1n R\u00edos Rivera.<\/p>\n<p>Los simulacros de las pruebas se dividen en dos grandes grupos. Las universales est\u00e1n dirigidas a estudiantes de grados estrat\u00e9gicos como tercero, quinto, d\u00e9cimo y once, con evaluaciones que permiten hacer seguimiento al desarrollo acad\u00e9mico desde los primeros a\u00f1os hasta la finalizaci\u00f3n del ciclo escolar. Por su parte, las pruebas focalizadas se encargan de atender necesidades puntuales, con actividades de nivelaci\u00f3n en grado d\u00e9cimo y pruebas de seguimiento en grado once, que permiten identificar \u00e1reas por mejorar antes de las pruebas oficiales.<\/p>\n<p>Adicionalmente, el programa contempla la aplicaci\u00f3n del Test de Orientaci\u00f3n Vocacional (TOVO), una herramienta dise\u00f1ada para acompa\u00f1ar a los estudiantes en la definici\u00f3n de sus intereses profesionales y su ruta hacia la educaci\u00f3n superior o el \u00e1mbito laboral. En el caso de la educaci\u00f3n de adultos, tambi\u00e9n se aplicar\u00e1n pruebas en los Ciclos Lectivos Especiales Integrados (CLEI 10.\u00b0 y 11.\u00b0), alineadas con los niveles de la educaci\u00f3n formal.<\/p>\n<p><a href=\"https:\/\/www.medellin.gov.co\/es\/wp-content\/uploads\/2025\/05\/Imagen-estudiante-presentando-Pruebas-Saber-3.jpg\"><img loading=\"lazy\" class=\"alignnone size-full wp-image-414098\" src=\"https:\/\/www.medellin.gov.co\/es\/wp-content\/uploads\/2025\/05\/Imagen-estudiante-presentando-Pruebas-Saber-3.jpg\" alt=\"Imagen estudiante presentando Pruebas Saber\" width=\"1280\" height=\"720\" srcset=\"https:\/\/www.medellin.gov.co\/es\/wp-content\/uploads\/2025\/05\/Imagen-estudiante-presentando-Pruebas-Saber-3.jpg 1280w, https:\/\/www.medellin.gov.co\/es\/wp-content\/uploads\/2025\/05\/Imagen-estudiante-presentando-Pruebas-Saber-3-300x169.jpg 300w, https:\/\/www.medellin.gov.co\/es\/wp-content\/uploads\/2025\/05\/Imagen-estudiante-presentando-Pruebas-Saber-3-1024x576.jpg 1024w, https:\/\/www.medellin.gov.co\/es\/wp-content\/uploads\/2025\/05\/Imagen-estudiante-presentando-Pruebas-Saber-3-150x84.jpg 150w, https:\/\/www.medellin.gov.co\/es\/wp-content\/uploads\/2025\/05\/Imagen-estudiante-presentando-Pruebas-Saber-3-768x432.jpg 768w\" sizes=\"(max-width: 1280px) 100vw, 1280px\" \/><\/a><\/p>\n<p><em>\u201cEs un ejercicio excelente, porque aqu\u00ed ellos pueden mirar cu\u00e1les son sus falencias, qu\u00e9 competencias necesitan fortalecer y cu\u00e1les son las m\u00e1s fuertes, para que empiecen a fortalecerlas cada vez m\u00e1s<\/em>\u201d, indic\u00f3 la rectora de la I. E. Madre Laura, la Hermana Luz Marina Zapata.<\/p>\n<p>Gracias al trabajo articulado entre las instituciones educativas y la Secretar\u00eda de Educaci\u00f3n, en 2024, el 66 % de los colegios oficiales del Distrito, es decir, 146 instituciones, mejoraron su puntaje promedio en comparaci\u00f3n con el a\u00f1o anterior.<\/p>\n<p>Con estos nuevos simulacros Medell\u00edn le apuesta a seguir subiendo en los \u00edndices de calidad educativa, equidad y oportunidades para todos.<\/p>\n","protected":false},"excerpt":{"rendered":"<p>El Distrito invirti\u00f3 $1.350 millones para garantizar la inscripci\u00f3n de m\u00e1s de 19.000 j\u00f3venes a estas pruebas. La estrategia SaberEs busca fortalecer el desempe\u00f1o educativo y acompa\u00f1ar las decisiones de futuro de los estudiantes. La &#8230;<\/p>\n","protected":false},"author":21,"featured_media":414101,"comment_status":"open","ping_status":"open","sticky":false,"template":"","format":"standard","meta":[],"categories":[4],"tags":[431],"formato_nota":[],"programas_tax":[],"acf":[],"_links":{"self":[{"href":"https:\/\/www.medellin.gov.co\/es\/wp-json\/wp\/v2\/posts\/414157"}],"collection":[{"href":"https:\/\/www.medellin.gov.co\/es\/wp-json\/wp\/v2\/posts"}],"about":[{"href":"https:\/\/www.medellin.gov.co\/es\/wp-json\/wp\/v2\/types\/post"}],"author":[{"embeddable":true,"href":"https:\/\/www.medellin.gov.co\/es\/wp-json\/wp\/v2\/users\/21"}],"replies":[{"embeddable":true,"href":"https:\/\/www.medellin.gov.co\/es\/wp-json\/wp\/v2\/comments?post=414157"}],"version-history":[{"count":1,"href":"https:\/\/www.medellin.gov.co\/es\/wp-json\/wp\/v2\/posts\/414157\/revisions"}],"predecessor-version":[{"id":414159,"href":"https:\/\/www.medellin.gov.co\/es\/wp-json\/wp\/v2\/posts\/414157\/revisions\/414159"}],"wp:featuredmedia":[{"embeddable":true,"href":"https:\/\/www.medellin.gov.co\/es\/wp-json\/wp\/v2\/media\/414101"}],"wp:attachment":[{"href":"https:\/\/www.medellin.gov.co\/es\/wp-json\/wp\/v2\/media?parent=414157"}],"wp:term":[{"taxonomy":"category","embeddable":true,"href":"https:\/\/www.medellin.gov.co\/es\/wp-json\/wp\/v2\/categories?post=414157"},{"taxonomy":"post_tag","embeddable":true,"href":"https:\/\/www.medellin.gov.co\/es\/wp-json\/wp\/v2\/tags?post=414157"},{"taxonomy":"formato_nota","embeddable":true,"href":"https:\/\/www.medellin.gov.co\/es\/wp-json\/wp\/v2\/formato_nota?post=414157"},{"taxonomy":"programas_tax","embeddable":true,"href":"https:\/\/www.medellin.gov.co\/es\/wp-json\/wp\/v2\/programas_tax?post=414157"}],"curies":[{"name":"wp","href":"https:\/\/api.w.org\/{rel}","templated":true}]}}