{"id":414472,"date":"2025-05-26T12:55:42","date_gmt":"2025-05-26T17:55:42","guid":{"rendered":"https:\/\/www.medellin.gov.co\/es\/?p=414472"},"modified":"2025-05-26T12:56:29","modified_gmt":"2025-05-26T17:56:29","slug":"los-heat-latin-music-awards-estan-en-medellin","status":"publish","type":"post","link":"https:\/\/www.medellin.gov.co\/es\/sala-de-prensa\/noticias\/los-heat-latin-music-awards-estan-en-medellin\/","title":{"rendered":"\u00abLos Heat Latin Music Awards est\u00e1n en Medell\u00edn, porque se reconoce que la ciudad se transform\u00f3 y le apuesta a la cultura, a las oportunidades\u201d: alcalde Federico Guti\u00e9rrez, sobre el evento que llega por primera vez a Colombia"},"content":{"rendered":"<ul>\n<li>Por primera vez, estos galardones salen de su sede oficial, en Rep\u00fablica Dominicana, para realizarse en Medell\u00edn.<\/li>\n<li>Desde 2015, los premios Heat reconocen a los artistas de la m\u00fasica latina m\u00e1s importantes del a\u00f1o.<\/li>\n<\/ul>\n<!--[if lt IE 9]><script>document.createElement('audio');<\/script><![endif]-->\n\t<div class=\"wp-playlist wp-audio-playlist wp-playlist-light\">\n\t\t\t<div class=\"wp-playlist-current-item\"><\/div>\n\t\t<audio controls=\"controls\" preload=\"none\" width=\"640\"\n\t\t\t><\/audio>\n\t<div class=\"wp-playlist-next\"><\/div>\n\t<div class=\"wp-playlist-prev\"><\/div>\n\t<noscript>\n\t<ol>\n\t\t<li><a href='https:\/\/www.medellin.gov.co\/es\/wp-content\/uploads\/2025\/05\/Audio-Declaraciones-del-alcalde-de-Medellin-Federico-Gutierrez-Zuluaga-01.mp3'>Audio Declaraciones del alcalde de Medell\u00edn, Federico Guti\u00e9rrez Zuluaga<\/a><\/li>\t<\/ol>\n\t<\/noscript>\n\t<script type=\"application\/json\" class=\"wp-playlist-script\">{\"type\":\"audio\",\"tracklist\":true,\"tracknumbers\":true,\"images\":true,\"artists\":true,\"tracks\":[{\"src\":\"https:\\\/\\\/www.medellin.gov.co\\\/es\\\/wp-content\\\/uploads\\\/2025\\\/05\\\/Audio-Declaraciones-del-alcalde-de-Medellin-Federico-Gutierrez-Zuluaga-01.mp3\",\"type\":\"audio\\\/mpeg\",\"title\":\"Audio Declaraciones del alcalde de Medell\\u00edn, Federico Guti\\u00e9rrez Zuluaga\",\"caption\":\"Declaraciones del alcalde de Medell\\u00edn, Federico Guti\\u00e9rrez Zuluaga \",\"description\":\"\\u00abAudio Declaraciones del alcalde de Medell\\u00edn, Federico Guti\\u00e9rrez Zuluaga\\u00bb. \",\"meta\":{\"year\":\"1904\",\"length_formatted\":\"3:29\"},\"image\":{\"src\":\"https:\\\/\\\/www.medellin.gov.co\\\/es\\\/wp-includes\\\/images\\\/media\\\/audio.png\",\"width\":48,\"height\":64},\"thumb\":{\"src\":\"https:\\\/\\\/www.medellin.gov.co\\\/es\\\/wp-includes\\\/images\\\/media\\\/audio.png\",\"width\":48,\"height\":64}}]}<\/script>\n<\/div>\n\t\n<p>Desde hoy 25 de mayo y hasta el pr\u00f3ximo viernes, Medell\u00edn ser\u00e1 la anfitriona de los <a href=\"https:\/\/losheat.tv\/\" target=\"_blank\" rel=\"noopener\">premios Heat Latin Music Awards<\/a>, galardones internacionales que reconocen a lo mejor de la cultura y la m\u00fasica latina. Esta celebraci\u00f3n se realizar\u00e1 por primera vez en una ciudad diferente a su sede habitual, Rep\u00fablica Dominicana, y tendr\u00e1 epicentro en la capital antioque\u00f1a, elegida por ser un importante sitio musical, cuna de grandes exponentes del g\u00e9nero urbano y otras corrientes musicales.<\/p>\n<p>Los premios Heat se realizan desde 2015 y abarcan una amplia variedad de g\u00e9neros, como el reguet\u00f3n, la salsa, el pop, el rock y la m\u00fasica regional popular, entre otros. El 29 de mayo ser\u00e1 la alfombra roja y la gala de premiaci\u00f3n, en el coliseo Iv\u00e1n de Bedout, y tiene como nominados a artistas tan representativos como Be\u00e9le, Bad Bunny, Feid, Elena Rose, Karol G, Camilo, Yamie Safdie y Ovy On The Drums.<\/p>\n<p><a href=\"https:\/\/www.medellin.gov.co\/es\/wp-content\/uploads\/2025\/05\/Imagen-de-alcalde-Federico-Gutierrez-con-artistas-y-asistentes-al-lanzamiento-del-Festival-HEAT-Medellin-1.jpg\" target=\"_blank\" rel=\"noopener\"><img loading=\"lazy\" class=\"alignnone wp-image-414503 size-full\" src=\"https:\/\/www.medellin.gov.co\/es\/wp-content\/uploads\/2025\/05\/Imagen-de-alcalde-Federico-Gutierrez-con-artistas-y-asistentes-al-lanzamiento-del-Festival-HEAT-Medellin-1.jpg\" alt=\"Imagen de alcalde Federico Guti\u00e9rrez con artistas y asistentes al lanzamiento del Festival HEAT Medell\u00edn \" width=\"1141\" height=\"760\" srcset=\"https:\/\/www.medellin.gov.co\/es\/wp-content\/uploads\/2025\/05\/Imagen-de-alcalde-Federico-Gutierrez-con-artistas-y-asistentes-al-lanzamiento-del-Festival-HEAT-Medellin-1.jpg 1141w, https:\/\/www.medellin.gov.co\/es\/wp-content\/uploads\/2025\/05\/Imagen-de-alcalde-Federico-Gutierrez-con-artistas-y-asistentes-al-lanzamiento-del-Festival-HEAT-Medellin-1-300x200.jpg 300w, https:\/\/www.medellin.gov.co\/es\/wp-content\/uploads\/2025\/05\/Imagen-de-alcalde-Federico-Gutierrez-con-artistas-y-asistentes-al-lanzamiento-del-Festival-HEAT-Medellin-1-1024x682.jpg 1024w, https:\/\/www.medellin.gov.co\/es\/wp-content\/uploads\/2025\/05\/Imagen-de-alcalde-Federico-Gutierrez-con-artistas-y-asistentes-al-lanzamiento-del-Festival-HEAT-Medellin-1-150x100.jpg 150w, https:\/\/www.medellin.gov.co\/es\/wp-content\/uploads\/2025\/05\/Imagen-de-alcalde-Federico-Gutierrez-con-artistas-y-asistentes-al-lanzamiento-del-Festival-HEAT-Medellin-1-768x512.jpg 768w\" sizes=\"(max-width: 1141px) 100vw, 1141px\" \/><\/a><\/p>\n<p>\u201c<em>Que los premios est\u00e9n en Medell\u00edn tiene una gran raz\u00f3n: habl\u00e9 con periodistas de muchos pa\u00edses y les dije que muchos antes cubr\u00edan lo malo que pasaba ac\u00e1, carros bomba, muerte. La ciudad que conoc\u00eda el mundo se transform\u00f3. Ahora le apuesta a la cultura, a las oportunidades. Estamos aqu\u00ed porque es un reconocimiento al Distrito, al pa\u00eds y a nuestros artistas<\/em>\u201d, dijo el alcalde Federico Guti\u00e9rrez, durante la presentaci\u00f3n de los premios.<\/p>\n<p>En la realizaci\u00f3n en la capital antioque\u00f1a de este evento, que traer\u00e1 diferentes formatos: showcases, conferencias, la gala de los premios y un festival, tambi\u00e9n fueron determinantes las gestiones de las secretar\u00edas de Desarrollo Econ\u00f3mico y Turismo. Se valor\u00f3 el talento cultural y de industrias creativas, as\u00ed como la capacidad de hacer eventos de gran magnitud y el impulso a los artistas locales.<\/p>\n<p><a href=\"https:\/\/www.medellin.gov.co\/es\/wp-content\/uploads\/2025\/05\/Imagen-de-alcalde-Federico-Gutierrez-con-artistas-y-asistentes-al-lanzamiento-del-Festival-HEAT-Medellin-2.jpg\" target=\"_blank\" rel=\"noopener\"><img loading=\"lazy\" class=\"alignnone wp-image-414502 size-full\" src=\"https:\/\/www.medellin.gov.co\/es\/wp-content\/uploads\/2025\/05\/Imagen-de-alcalde-Federico-Gutierrez-con-artistas-y-asistentes-al-lanzamiento-del-Festival-HEAT-Medellin-2.jpg\" alt=\"Imagen de alcalde Federico Guti\u00e9rrez con artistas y asistentes al lanzamiento del Festival HEAT Medell\u00edn \" width=\"1141\" height=\"760\" srcset=\"https:\/\/www.medellin.gov.co\/es\/wp-content\/uploads\/2025\/05\/Imagen-de-alcalde-Federico-Gutierrez-con-artistas-y-asistentes-al-lanzamiento-del-Festival-HEAT-Medellin-2.jpg 1141w, https:\/\/www.medellin.gov.co\/es\/wp-content\/uploads\/2025\/05\/Imagen-de-alcalde-Federico-Gutierrez-con-artistas-y-asistentes-al-lanzamiento-del-Festival-HEAT-Medellin-2-300x200.jpg 300w, https:\/\/www.medellin.gov.co\/es\/wp-content\/uploads\/2025\/05\/Imagen-de-alcalde-Federico-Gutierrez-con-artistas-y-asistentes-al-lanzamiento-del-Festival-HEAT-Medellin-2-1024x682.jpg 1024w, https:\/\/www.medellin.gov.co\/es\/wp-content\/uploads\/2025\/05\/Imagen-de-alcalde-Federico-Gutierrez-con-artistas-y-asistentes-al-lanzamiento-del-Festival-HEAT-Medellin-2-150x100.jpg 150w, https:\/\/www.medellin.gov.co\/es\/wp-content\/uploads\/2025\/05\/Imagen-de-alcalde-Federico-Gutierrez-con-artistas-y-asistentes-al-lanzamiento-del-Festival-HEAT-Medellin-2-768x512.jpg 768w\" sizes=\"(max-width: 1141px) 100vw, 1141px\" \/><\/a><\/p>\n<p>Estos espacios contar\u00e1n con la presencia de 80 emprendedores, acompa\u00f1ados por los diferentes programas de la Alcald\u00eda de Medell\u00edn y con diversos artistas locales, que hacen parte del programa Medell\u00edn Musiclab y que demostrar\u00e1n su talento en los escenarios de los premios Heat.<\/p>\n<p>\u201c<em>Hace unos a\u00f1os cualquier artista, para poder pegar, se iba a Miami. Ahora es todo lo contrario. El que quiera pegar en el g\u00e9nero urbano se tiene que venir para Medell\u00edn. Aqu\u00ed est\u00e1n los que hacen los mejores videos, los arreglistas, los compositores, los mejores estudios. No dejen de ir al estudio musical, el primero popular, gratuito que lo entregamos con J Balbin. Ah\u00ed creamos Music Lab, que es para descubrir m\u00e1s talento. Recorran la ciudad, hablen con la gente. Enam\u00f3rense de ella, no es dif\u00edcil hacerlo. Tiene un clima espectacular, la gente, la gastronom\u00eda<\/em>\u201d, concluy\u00f3 el mandatario local.<\/p>\n","protected":false},"excerpt":{"rendered":"<p>Por primera vez, estos galardones salen de su sede oficial, en Rep\u00fablica Dominicana, para realizarse en Medell\u00edn. Desde 2015, los premios Heat reconocen a los artistas de la m\u00fasica latina m\u00e1s importantes del a\u00f1o. Desde &#8230;<\/p>\n","protected":false},"author":21,"featured_media":414499,"comment_status":"open","ping_status":"open","sticky":false,"template":"","format":"standard","meta":[],"categories":[3],"tags":[691,428,455],"formato_nota":[],"programas_tax":[],"acf":[],"_links":{"self":[{"href":"https:\/\/www.medellin.gov.co\/es\/wp-json\/wp\/v2\/posts\/414472"}],"collection":[{"href":"https:\/\/www.medellin.gov.co\/es\/wp-json\/wp\/v2\/posts"}],"about":[{"href":"https:\/\/www.medellin.gov.co\/es\/wp-json\/wp\/v2\/types\/post"}],"author":[{"embeddable":true,"href":"https:\/\/www.medellin.gov.co\/es\/wp-json\/wp\/v2\/users\/21"}],"replies":[{"embeddable":true,"href":"https:\/\/www.medellin.gov.co\/es\/wp-json\/wp\/v2\/comments?post=414472"}],"version-history":[{"count":1,"href":"https:\/\/www.medellin.gov.co\/es\/wp-json\/wp\/v2\/posts\/414472\/revisions"}],"predecessor-version":[{"id":414560,"href":"https:\/\/www.medellin.gov.co\/es\/wp-json\/wp\/v2\/posts\/414472\/revisions\/414560"}],"wp:featuredmedia":[{"embeddable":true,"href":"https:\/\/www.medellin.gov.co\/es\/wp-json\/wp\/v2\/media\/414499"}],"wp:attachment":[{"href":"https:\/\/www.medellin.gov.co\/es\/wp-json\/wp\/v2\/media?parent=414472"}],"wp:term":[{"taxonomy":"category","embeddable":true,"href":"https:\/\/www.medellin.gov.co\/es\/wp-json\/wp\/v2\/categories?post=414472"},{"taxonomy":"post_tag","embeddable":true,"href":"https:\/\/www.medellin.gov.co\/es\/wp-json\/wp\/v2\/tags?post=414472"},{"taxonomy":"formato_nota","embeddable":true,"href":"https:\/\/www.medellin.gov.co\/es\/wp-json\/wp\/v2\/formato_nota?post=414472"},{"taxonomy":"programas_tax","embeddable":true,"href":"https:\/\/www.medellin.gov.co\/es\/wp-json\/wp\/v2\/programas_tax?post=414472"}],"curies":[{"name":"wp","href":"https:\/\/api.w.org\/{rel}","templated":true}]}}