{"id":414561,"date":"2025-05-26T13:08:35","date_gmt":"2025-05-26T18:08:35","guid":{"rendered":"https:\/\/www.medellin.gov.co\/es\/?p=414561"},"modified":"2025-05-26T13:08:35","modified_gmt":"2025-05-26T18:08:35","slug":"medellin-tuvo-un-reencuentro-con-parceras-y-parceros-para-seguir-construyendo-una-vida-en-el-marco-de-la-legalidad","status":"publish","type":"post","link":"https:\/\/www.medellin.gov.co\/es\/sala-de-prensa\/noticias\/medellin-tuvo-un-reencuentro-con-parceras-y-parceros-para-seguir-construyendo-una-vida-en-el-marco-de-la-legalidad\/","title":{"rendered":"Medell\u00edn tuvo un reencuentro con Parceras y Parceros para seguir construyendo una vida en el marco de la legalidad"},"content":{"rendered":"<ul>\n<li>200 j\u00f3venes graduados del <a href=\"https:\/\/www.instagram.com\/medellin.parceros\/?hl=es\" target=\"_blank\" rel=\"noopener\">programa Parceros<\/a> participaron en una feria de oportunidades dise\u00f1ada para facilitar su acceso al empleo formal.<\/li>\n<\/ul>\n<!--[if lt IE 9]><script>document.createElement('audio');<\/script><![endif]-->\n\t<div class=\"wp-playlist wp-audio-playlist wp-playlist-light\">\n\t\t\t<div class=\"wp-playlist-current-item\"><\/div>\n\t\t<audio controls=\"controls\" preload=\"none\" width=\"640\"\n\t\t\t><\/audio>\n\t<div class=\"wp-playlist-next\"><\/div>\n\t<div class=\"wp-playlist-prev\"><\/div>\n\t<noscript>\n\t<ol>\n\t\t<li><a href='https:\/\/www.medellin.gov.co\/es\/wp-content\/uploads\/2025\/05\/Audio-Declaraciones-de-la-directora-del-programa-Parceros-Paulina-Patino.mp3'>Audio Declaraciones de la directora del programa Parceros, Paulina Pati\u00f1o<\/a><\/li>\t<\/ol>\n\t<\/noscript>\n\t<script type=\"application\/json\" class=\"wp-playlist-script\">{\"type\":\"audio\",\"tracklist\":true,\"tracknumbers\":true,\"images\":true,\"artists\":true,\"tracks\":[{\"src\":\"https:\\\/\\\/www.medellin.gov.co\\\/es\\\/wp-content\\\/uploads\\\/2025\\\/05\\\/Audio-Declaraciones-de-la-directora-del-programa-Parceros-Paulina-Patino.mp3\",\"type\":\"audio\\\/mpeg\",\"title\":\"Audio Declaraciones de la directora del programa Parceros, Paulina Pati\\u00f1o\",\"caption\":\" Declaraciones de la directora del programa Parceros, Paulina Pati\\u00f1o\",\"description\":\"\\u00abAudio Declaraciones de la directora del programa Parceros, Paulina Pati\\u00f1o\\u00bb.\",\"meta\":{\"length_formatted\":\"1:05\"},\"image\":{\"src\":\"https:\\\/\\\/www.medellin.gov.co\\\/es\\\/wp-includes\\\/images\\\/media\\\/audio.png\",\"width\":48,\"height\":64},\"thumb\":{\"src\":\"https:\\\/\\\/www.medellin.gov.co\\\/es\\\/wp-includes\\\/images\\\/media\\\/audio.png\",\"width\":48,\"height\":64}}]}<\/script>\n<\/div>\n\t\n<p>Como parte del compromiso de la Administraci\u00f3n Distrital con los j\u00f3venes que hacen parte de esta estrategia, se realiz\u00f3 una jornada articulada con la Oficina P\u00fablica de Empleo y Comfama, orientada al fortalecimiento de sus competencias laborales y al contacto directo con empresas.<\/p>\n<p>Durante el evento, se ofrecieron espacios de mentor\u00eda, orientaci\u00f3n vocacional y entrevistas laborales. Adem\u00e1s, los participantes accedieron a m\u00f3dulos formativos sobre temas como marca personal, elaboraci\u00f3n de la hoja de vida, preparaci\u00f3n para entrevistas y conocimiento del mercado laboral.<\/p>\n<p><a href=\"https:\/\/www.medellin.gov.co\/es\/wp-content\/uploads\/2025\/05\/Imagen-grupo-de-jovenes-recibiendo-asesoria-de-funcionarios.jpg\" target=\"_blank\" rel=\"noopener\"><img loading=\"lazy\" class=\"alignnone wp-image-414475 size-full\" src=\"https:\/\/www.medellin.gov.co\/es\/wp-content\/uploads\/2025\/05\/Imagen-grupo-de-jovenes-recibiendo-asesoria-de-funcionarios.jpg\" alt=\"Imagen grupo de j\u00f3venes recibiendo asesor\u00eda de funcionarios\" width=\"1141\" height=\"760\" srcset=\"https:\/\/www.medellin.gov.co\/es\/wp-content\/uploads\/2025\/05\/Imagen-grupo-de-jovenes-recibiendo-asesoria-de-funcionarios.jpg 1141w, https:\/\/www.medellin.gov.co\/es\/wp-content\/uploads\/2025\/05\/Imagen-grupo-de-jovenes-recibiendo-asesoria-de-funcionarios-300x200.jpg 300w, https:\/\/www.medellin.gov.co\/es\/wp-content\/uploads\/2025\/05\/Imagen-grupo-de-jovenes-recibiendo-asesoria-de-funcionarios-1024x682.jpg 1024w, https:\/\/www.medellin.gov.co\/es\/wp-content\/uploads\/2025\/05\/Imagen-grupo-de-jovenes-recibiendo-asesoria-de-funcionarios-150x100.jpg 150w, https:\/\/www.medellin.gov.co\/es\/wp-content\/uploads\/2025\/05\/Imagen-grupo-de-jovenes-recibiendo-asesoria-de-funcionarios-768x512.jpg 768w\" sizes=\"(max-width: 1141px) 100vw, 1141px\" \/><\/a><\/p>\n<p>\u201c<em>Con este evento reafirmamos algo muy claro: con Parceros, estamos construyendo una red de confianza. Ustedes son historias vivas de transformaci\u00f3n, de no rendirse ante las dificultades y de una valent\u00eda admirable. Cada paso que dan nos inspira, porque nos demuestra que s\u00ed se puede cambiar, avanzar y so\u00f1ar en grande<\/em>\u201d, expres\u00f3 la directora del programa Parceros, Paulina Pati\u00f1o.<\/p>\n<p>En la jornada participaron empresas que realizaron entrevistas a los asistentes y ofrecieron vacantes acordes a sus perfiles.<\/p>\n<p>\u201cParceros es mucho m\u00e1s que un programa; es una comunidad que sigue creyendo en ustedes, que celebra cada logro y que siempre estar\u00e1 ah\u00ed para impulsarlos, una y otra vez. La feria no es solo un espacio para buscar empleo: es una puerta abierta hacia sus metas, una oportunidad para demostrar de qu\u00e9 est\u00e1n hechos, para conectarse, inspirarse y seguir construyendo una vida con prop\u00f3sito, con dignidad, con todo lo que han aprendido y lo que llevan dentro\u201d, agreg\u00f3 la directora.<\/p>\n<p><a href=\"https:\/\/www.medellin.gov.co\/es\/wp-content\/uploads\/2025\/05\/Imagen-de-jovenes-en-reencuentro-del-programa-Parceros-2.jpg\" target=\"_blank\" rel=\"noopener\"><img loading=\"lazy\" class=\"alignnone wp-image-414488 size-full\" src=\"https:\/\/www.medellin.gov.co\/es\/wp-content\/uploads\/2025\/05\/Imagen-de-jovenes-en-reencuentro-del-programa-Parceros-2.jpg\" alt=\"Imagen de j\u00f3venes en reencuentro del programa Parceros\" width=\"1141\" height=\"760\" srcset=\"https:\/\/www.medellin.gov.co\/es\/wp-content\/uploads\/2025\/05\/Imagen-de-jovenes-en-reencuentro-del-programa-Parceros-2.jpg 1141w, https:\/\/www.medellin.gov.co\/es\/wp-content\/uploads\/2025\/05\/Imagen-de-jovenes-en-reencuentro-del-programa-Parceros-2-300x200.jpg 300w, https:\/\/www.medellin.gov.co\/es\/wp-content\/uploads\/2025\/05\/Imagen-de-jovenes-en-reencuentro-del-programa-Parceros-2-1024x682.jpg 1024w, https:\/\/www.medellin.gov.co\/es\/wp-content\/uploads\/2025\/05\/Imagen-de-jovenes-en-reencuentro-del-programa-Parceros-2-150x100.jpg 150w, https:\/\/www.medellin.gov.co\/es\/wp-content\/uploads\/2025\/05\/Imagen-de-jovenes-en-reencuentro-del-programa-Parceros-2-768x512.jpg 768w\" sizes=\"(max-width: 1141px) 100vw, 1141px\" \/><\/a><\/p>\n<p>Con estas actividades se fortalece la empleabilidad de los j\u00f3venes, ofreci\u00e9ndoles alternativas reales para construir un proyecto de vida en el marco de la legalidad.<\/p>\n<p>La Alcald\u00eda de Medell\u00edn extiende la invitaci\u00f3n a m\u00e1s empresas para sumarse a esta estrategia, mediante formaci\u00f3n, empleabilidad, patrocinios y donaciones, contribuyendo a la transformaci\u00f3n social.<\/p>\n","protected":false},"excerpt":{"rendered":"<p>200 j\u00f3venes graduados del programa Parceros participaron en una feria de oportunidades dise\u00f1ada para facilitar su acceso al empleo formal. Como parte del compromiso de la Administraci\u00f3n Distrital con los j\u00f3venes que hacen parte de &#8230;<\/p>\n","protected":false},"author":21,"featured_media":414491,"comment_status":"open","ping_status":"open","sticky":false,"template":"","format":"standard","meta":[],"categories":[12,21],"tags":[619],"formato_nota":[],"programas_tax":[],"acf":[],"_links":{"self":[{"href":"https:\/\/www.medellin.gov.co\/es\/wp-json\/wp\/v2\/posts\/414561"}],"collection":[{"href":"https:\/\/www.medellin.gov.co\/es\/wp-json\/wp\/v2\/posts"}],"about":[{"href":"https:\/\/www.medellin.gov.co\/es\/wp-json\/wp\/v2\/types\/post"}],"author":[{"embeddable":true,"href":"https:\/\/www.medellin.gov.co\/es\/wp-json\/wp\/v2\/users\/21"}],"replies":[{"embeddable":true,"href":"https:\/\/www.medellin.gov.co\/es\/wp-json\/wp\/v2\/comments?post=414561"}],"version-history":[{"count":1,"href":"https:\/\/www.medellin.gov.co\/es\/wp-json\/wp\/v2\/posts\/414561\/revisions"}],"predecessor-version":[{"id":414583,"href":"https:\/\/www.medellin.gov.co\/es\/wp-json\/wp\/v2\/posts\/414561\/revisions\/414583"}],"wp:featuredmedia":[{"embeddable":true,"href":"https:\/\/www.medellin.gov.co\/es\/wp-json\/wp\/v2\/media\/414491"}],"wp:attachment":[{"href":"https:\/\/www.medellin.gov.co\/es\/wp-json\/wp\/v2\/media?parent=414561"}],"wp:term":[{"taxonomy":"category","embeddable":true,"href":"https:\/\/www.medellin.gov.co\/es\/wp-json\/wp\/v2\/categories?post=414561"},{"taxonomy":"post_tag","embeddable":true,"href":"https:\/\/www.medellin.gov.co\/es\/wp-json\/wp\/v2\/tags?post=414561"},{"taxonomy":"formato_nota","embeddable":true,"href":"https:\/\/www.medellin.gov.co\/es\/wp-json\/wp\/v2\/formato_nota?post=414561"},{"taxonomy":"programas_tax","embeddable":true,"href":"https:\/\/www.medellin.gov.co\/es\/wp-json\/wp\/v2\/programas_tax?post=414561"}],"curies":[{"name":"wp","href":"https:\/\/api.w.org\/{rel}","templated":true}]}}