{"id":414584,"date":"2025-05-26T13:30:43","date_gmt":"2025-05-26T18:30:43","guid":{"rendered":"https:\/\/www.medellin.gov.co\/es\/?p=414584"},"modified":"2025-05-26T13:30:43","modified_gmt":"2025-05-26T18:30:43","slug":"el-distrito-tiene-5-000-oportunidades-para-que-ciudadanos-aprendan-de-herramientas-digitales-y-uso-de-tecnologias-que-demanda-el-mundo-actual","status":"publish","type":"post","link":"https:\/\/www.medellin.gov.co\/es\/sala-de-prensa\/noticias\/el-distrito-tiene-5-000-oportunidades-para-que-ciudadanos-aprendan-de-herramientas-digitales-y-uso-de-tecnologias-que-demanda-el-mundo-actual\/","title":{"rendered":"El Distrito tiene 5.000 oportunidades para que ciudadanos aprendan de herramientas digitales y uso de tecnolog\u00edas que demanda el mundo actual"},"content":{"rendered":"<ul>\n<li>La oferta comprende 15 cursos de la Ciudadela Digital @Medellin de <a href=\"https:\/\/sapiencia.gov.co\/\" target=\"_blank\" rel=\"noopener\">Sapiencia<\/a>, a los que se podr\u00e1n inscribir las personas mayores de 18 a\u00f1os que vivan en la ciudad.<\/li>\n<li>La convocatoria estar\u00e1 abierta hasta el 13 de junio y los requisitos podr\u00e1n consultarse en <a href=\"https:\/\/arrobamedellin.edu.co\/\" target=\"_blank\" rel=\"noopener\">https:\/\/arrobamedellin.edu.co\/<\/a><\/li>\n<\/ul>\n<!--[if lt IE 9]><script>document.createElement('audio');<\/script><![endif]-->\n\t<div class=\"wp-playlist wp-audio-playlist wp-playlist-light\">\n\t\t\t<div class=\"wp-playlist-current-item\"><\/div>\n\t\t<audio controls=\"controls\" preload=\"none\" width=\"640\"\n\t\t\t><\/audio>\n\t<div class=\"wp-playlist-next\"><\/div>\n\t<div class=\"wp-playlist-prev\"><\/div>\n\t<noscript>\n\t<ol>\n\t\t<li><a href='https:\/\/www.medellin.gov.co\/es\/wp-content\/uploads\/2025\/05\/Audio-Declaraciones-del-director-general-de-Sapiencia-Salomon-Cruz-Zirene-4.mp3'>Audio Declaraciones del director general de Sapiencia, Salom\u00f3n Cruz Zirene<\/a><\/li><li><a href='https:\/\/www.medellin.gov.co\/es\/wp-content\/uploads\/2025\/05\/Audio-Declaraciones-de-las-beneficiarias-madre-e-hija-respectivamente-Gladys-Arango-Perez-y-Luz-Yaritza-Bonolis-Arango.mp3'>Audio Declaraciones de las beneficiarias (madre e hija respectivamente) Gladys Arango P\u00e9rez y Luz Yaritza Bonolis Arango<\/a><\/li>\t<\/ol>\n\t<\/noscript>\n\t<script type=\"application\/json\" class=\"wp-playlist-script\">{\"type\":\"audio\",\"tracklist\":true,\"tracknumbers\":true,\"images\":true,\"artists\":true,\"tracks\":[{\"src\":\"https:\\\/\\\/www.medellin.gov.co\\\/es\\\/wp-content\\\/uploads\\\/2025\\\/05\\\/Audio-Declaraciones-del-director-general-de-Sapiencia-Salomon-Cruz-Zirene-4.mp3\",\"type\":\"audio\\\/mpeg\",\"title\":\"Audio Declaraciones del director general de Sapiencia, Salom\\u00f3n Cruz Zirene\",\"caption\":\"Declaraciones del director general de Sapiencia, Salom\\u00f3n Cruz Zirene\",\"description\":\"\\u00abAudio Declaraciones del director general de Sapiencia, Salom\\u00f3n Cruz Zirene\\u00bb.\",\"meta\":{\"genre\":\"Blues\",\"length_formatted\":\"1:04\"},\"image\":{\"src\":\"https:\\\/\\\/www.medellin.gov.co\\\/es\\\/wp-includes\\\/images\\\/media\\\/audio.png\",\"width\":48,\"height\":64},\"thumb\":{\"src\":\"https:\\\/\\\/www.medellin.gov.co\\\/es\\\/wp-includes\\\/images\\\/media\\\/audio.png\",\"width\":48,\"height\":64}},{\"src\":\"https:\\\/\\\/www.medellin.gov.co\\\/es\\\/wp-content\\\/uploads\\\/2025\\\/05\\\/Audio-Declaraciones-de-las-beneficiarias-madre-e-hija-respectivamente-Gladys-Arango-Perez-y-Luz-Yaritza-Bonolis-Arango.mp3\",\"type\":\"audio\\\/mpeg\",\"title\":\"Audio Declaraciones de las beneficiarias (madre e hija respectivamente) Gladys Arango P\\u00e9rez y Luz Yaritza Bonolis Arango\",\"caption\":\"Declaraciones de las beneficiarias (madre e hija respectivamente) Gladys Arango P\\u00e9rez y Luz Yaritza Bonolis Arango\",\"description\":\"\\u00abAudio Declaraciones de las beneficiarias (madre e hija respectivamente) Gladys Arango P\\u00e9rez y Luz Yaritza Bonolis Arango\\u00bb. \",\"meta\":{\"genre\":\"Blues\",\"length_formatted\":\"0:45\"},\"image\":{\"src\":\"https:\\\/\\\/www.medellin.gov.co\\\/es\\\/wp-includes\\\/images\\\/media\\\/audio.png\",\"width\":48,\"height\":64},\"thumb\":{\"src\":\"https:\\\/\\\/www.medellin.gov.co\\\/es\\\/wp-includes\\\/images\\\/media\\\/audio.png\",\"width\":48,\"height\":64}}]}<\/script>\n<\/div>\n\t\n<p>La Ciudadela Digital @Medell\u00edn, una iniciativa de Sapiencia, la Agencia de Educaci\u00f3n Postsecundaria, tendr\u00e1 abierta hasta el 13 de junio su tercera convocatoria del a\u00f1o con una oferta imperdible: 15 cursos virtuales, sin costo y flexibles para 5.000 ciudadanos mayores de 18 a\u00f1os. En esta estrategia se har\u00e1 una inversi\u00f3n superior a los $154 millones.<\/p>\n<p>Los cursos tienen una duraci\u00f3n entre 25 horas y 4 semanas, y est\u00e1n pensados para que cualquier persona, desde un joven reci\u00e9n graduado hasta un adulto mayor, pueda conectarse desde casa, avanzar a su propio ritmo y potenciar su perfil en campos como tecnolog\u00eda, datos, inteligencia artificial, idiomas, innovaci\u00f3n e industrias creativas.<\/p>\n<p><a href=\"https:\/\/www.medellin.gov.co\/es\/wp-content\/uploads\/2025\/05\/Imagen-de-personas-estudiando-en-computador.jpg\" target=\"_blank\" rel=\"noopener\"><img loading=\"lazy\" class=\"alignnone wp-image-414479 size-full\" src=\"https:\/\/www.medellin.gov.co\/es\/wp-content\/uploads\/2025\/05\/Imagen-de-personas-estudiando-en-computador.jpg\" alt=\"Imagen de personas estudiando en computador\" width=\"1280\" height=\"720\" srcset=\"https:\/\/www.medellin.gov.co\/es\/wp-content\/uploads\/2025\/05\/Imagen-de-personas-estudiando-en-computador.jpg 1280w, https:\/\/www.medellin.gov.co\/es\/wp-content\/uploads\/2025\/05\/Imagen-de-personas-estudiando-en-computador-300x169.jpg 300w, https:\/\/www.medellin.gov.co\/es\/wp-content\/uploads\/2025\/05\/Imagen-de-personas-estudiando-en-computador-1024x576.jpg 1024w, https:\/\/www.medellin.gov.co\/es\/wp-content\/uploads\/2025\/05\/Imagen-de-personas-estudiando-en-computador-150x84.jpg 150w, https:\/\/www.medellin.gov.co\/es\/wp-content\/uploads\/2025\/05\/Imagen-de-personas-estudiando-en-computador-768x432.jpg 768w\" sizes=\"(max-width: 1280px) 100vw, 1280px\" \/><\/a><\/p>\n<p>\u201c<em>Estos cursos est\u00e1n alineados con las habilidades m\u00e1s demandadas en el mundo actual y aportan al crecimiento personal y profesional de los ciudadanos. \u00c1reas como ingl\u00e9s, la anal\u00edtica de datos, la inteligencia artificial, el marketing digital y la tecnolog\u00eda blockchain son clave para enfrentar los desaf\u00edos del presente y el futuro. Con esta oferta formativa, Medell\u00edn da pasos firmes en su consolidaci\u00f3n como Distrito de Ciencia, Tecnolog\u00eda e Innovaci\u00f3n, promoviendo el talento local y acercando la educaci\u00f3n a todas las edades<\/em>\u201d, dijo el director general de Sapiencia,\u00a0Salom\u00f3n Cruz Zirene.<\/p>\n<p>Algunos de los cursos disponibles en esta convocatoria son: Ingl\u00e9s B\u00e1sico e Intermedio; Excel Intermedio y Avanzado; Preparando los negocios hacia el marketing digital; Inteligencia de Negocios (BI); Crea tu propia inteligencia artificial (IA); Captura y an\u00e1lisis de datos en BI data; y Ciencia e Ingenier\u00eda de Datos. Una de las novedades est\u00e1 en la apertura del nuevo curso Herramientas Digitales \u2013 Ofim\u00e1tica.<\/p>\n<p><a href=\"https:\/\/www.medellin.gov.co\/es\/wp-content\/uploads\/2025\/05\/Imagen-de-madre-e-hija-estudianto-cursos-con-herramientas-digitales.jpg\" target=\"_blank\" rel=\"noopener\"><img loading=\"lazy\" class=\"alignnone wp-image-414483 size-full\" src=\"https:\/\/www.medellin.gov.co\/es\/wp-content\/uploads\/2025\/05\/Imagen-de-madre-e-hija-estudianto-cursos-con-herramientas-digitales.jpg\" alt=\"Imagen de madre e hija estudiando cursos con herramientas digitales\" width=\"1280\" height=\"720\" srcset=\"https:\/\/www.medellin.gov.co\/es\/wp-content\/uploads\/2025\/05\/Imagen-de-madre-e-hija-estudianto-cursos-con-herramientas-digitales.jpg 1280w, https:\/\/www.medellin.gov.co\/es\/wp-content\/uploads\/2025\/05\/Imagen-de-madre-e-hija-estudianto-cursos-con-herramientas-digitales-300x169.jpg 300w, https:\/\/www.medellin.gov.co\/es\/wp-content\/uploads\/2025\/05\/Imagen-de-madre-e-hija-estudianto-cursos-con-herramientas-digitales-1024x576.jpg 1024w, https:\/\/www.medellin.gov.co\/es\/wp-content\/uploads\/2025\/05\/Imagen-de-madre-e-hija-estudianto-cursos-con-herramientas-digitales-150x84.jpg 150w, https:\/\/www.medellin.gov.co\/es\/wp-content\/uploads\/2025\/05\/Imagen-de-madre-e-hija-estudianto-cursos-con-herramientas-digitales-768x432.jpg 768w\" sizes=\"(max-width: 1280px) 100vw, 1280px\" \/><\/a><\/p>\n<p>En 2025, unas 18.983 personas se han matriculado en cursos de @Medell\u00edn, superando a las 17.712 registradas durante todo 2024. Adem\u00e1s, se proyectan tres nuevas convocatorias en el segundo semestre del a\u00f1o. La meta del cuatrienio es formar a 100.000 ciudadanos, con una inversi\u00f3n cercana a $5.000 millones.<\/p>\n<p>Para consultar informaci\u00f3n de los cursos e inscribirse, se puede visitar el portal web <a href=\"https:\/\/arrobamedellin.edu.co\/\" target=\"_blank\" rel=\"noopener\">https:\/\/arrobamedellin.edu.co\/<\/a><\/p>\n","protected":false},"excerpt":{"rendered":"<p>La oferta comprende 15 cursos de la Ciudadela Digital @Medellin de Sapiencia, a los que se podr\u00e1n inscribir las personas mayores de 18 a\u00f1os que vivan en la ciudad. La convocatoria estar\u00e1 abierta hasta el &#8230;<\/p>\n","protected":false},"author":21,"featured_media":414486,"comment_status":"open","ping_status":"open","sticky":false,"template":"","format":"standard","meta":[],"categories":[4],"tags":[634,431],"formato_nota":[],"programas_tax":[],"acf":[],"_links":{"self":[{"href":"https:\/\/www.medellin.gov.co\/es\/wp-json\/wp\/v2\/posts\/414584"}],"collection":[{"href":"https:\/\/www.medellin.gov.co\/es\/wp-json\/wp\/v2\/posts"}],"about":[{"href":"https:\/\/www.medellin.gov.co\/es\/wp-json\/wp\/v2\/types\/post"}],"author":[{"embeddable":true,"href":"https:\/\/www.medellin.gov.co\/es\/wp-json\/wp\/v2\/users\/21"}],"replies":[{"embeddable":true,"href":"https:\/\/www.medellin.gov.co\/es\/wp-json\/wp\/v2\/comments?post=414584"}],"version-history":[{"count":1,"href":"https:\/\/www.medellin.gov.co\/es\/wp-json\/wp\/v2\/posts\/414584\/revisions"}],"predecessor-version":[{"id":414589,"href":"https:\/\/www.medellin.gov.co\/es\/wp-json\/wp\/v2\/posts\/414584\/revisions\/414589"}],"wp:featuredmedia":[{"embeddable":true,"href":"https:\/\/www.medellin.gov.co\/es\/wp-json\/wp\/v2\/media\/414486"}],"wp:attachment":[{"href":"https:\/\/www.medellin.gov.co\/es\/wp-json\/wp\/v2\/media?parent=414584"}],"wp:term":[{"taxonomy":"category","embeddable":true,"href":"https:\/\/www.medellin.gov.co\/es\/wp-json\/wp\/v2\/categories?post=414584"},{"taxonomy":"post_tag","embeddable":true,"href":"https:\/\/www.medellin.gov.co\/es\/wp-json\/wp\/v2\/tags?post=414584"},{"taxonomy":"formato_nota","embeddable":true,"href":"https:\/\/www.medellin.gov.co\/es\/wp-json\/wp\/v2\/formato_nota?post=414584"},{"taxonomy":"programas_tax","embeddable":true,"href":"https:\/\/www.medellin.gov.co\/es\/wp-json\/wp\/v2\/programas_tax?post=414584"}],"curies":[{"name":"wp","href":"https:\/\/api.w.org\/{rel}","templated":true}]}}