{"id":414592,"date":"2025-05-26T13:37:14","date_gmt":"2025-05-26T18:37:14","guid":{"rendered":"https:\/\/www.medellin.gov.co\/es\/?p=414592"},"modified":"2025-05-26T13:37:14","modified_gmt":"2025-05-26T18:37:14","slug":"5-600-deportistas-entre-ciclistas-y-atletas-participaron-con-exito-en-ruta-medellin-2025","status":"publish","type":"post","link":"https:\/\/www.medellin.gov.co\/es\/sala-de-prensa\/noticias\/5-600-deportistas-entre-ciclistas-y-atletas-participaron-con-exito-en-ruta-medellin-2025\/","title":{"rendered":"5.600 deportistas entre ciclistas y atletas participaron con \u00e9xito en Ruta Medell\u00edn 2025"},"content":{"rendered":"<ul>\n<li>El evento recorri\u00f3 las v\u00edas del Distrito y el suroeste de Antioquia.<\/li>\n<li>Este a\u00f1o, el evento deportivo lleg\u00f3 a su d\u00e9cima edici\u00f3n.<\/li>\n<\/ul>\n<!--[if lt IE 9]><script>document.createElement('audio');<\/script><![endif]-->\n\t<div class=\"wp-playlist wp-audio-playlist wp-playlist-light\">\n\t\t\t<div class=\"wp-playlist-current-item\"><\/div>\n\t\t<audio controls=\"controls\" preload=\"none\" width=\"640\"\n\t\t\t><\/audio>\n\t<div class=\"wp-playlist-next\"><\/div>\n\t<div class=\"wp-playlist-prev\"><\/div>\n\t<noscript>\n\t<ol>\n\t\t<li><a href='https:\/\/www.medellin.gov.co\/es\/wp-content\/uploads\/2025\/05\/Audio-Declaraciones-de-la-secretaria-de-Desarrollo-Economico-Maria-Fernanda-Galeano-4.mp3'>Audio Declaraciones de la secretaria de Desarrollo Econ\u00f3mico, Mar\u00eda Fernanda Galeano<\/a><\/li><li><a href='https:\/\/www.medellin.gov.co\/es\/wp-content\/uploads\/2025\/05\/Audio-Declaraciones-del-ganador-en-ciclismo-Juan-Montoya.mp3'>Audio Declaraciones del ganador en ciclismo, Juan Montoya<\/a><\/li>\t<\/ol>\n\t<\/noscript>\n\t<script type=\"application\/json\" class=\"wp-playlist-script\">{\"type\":\"audio\",\"tracklist\":true,\"tracknumbers\":true,\"images\":true,\"artists\":true,\"tracks\":[{\"src\":\"https:\\\/\\\/www.medellin.gov.co\\\/es\\\/wp-content\\\/uploads\\\/2025\\\/05\\\/Audio-Declaraciones-de-la-secretaria-de-Desarrollo-Economico-Maria-Fernanda-Galeano-4.mp3\",\"type\":\"audio\\\/mpeg\",\"title\":\"Audio Declaraciones de la secretaria de Desarrollo Econ\\u00f3mico, Mar\\u00eda Fernanda Galeano\",\"caption\":\"Declaraciones de la secretaria de Desarrollo Econ\\u00f3mico, Mar\\u00eda Fernanda Galeano\",\"description\":\"\\u00abAudio Declaraciones de la secretaria de Desarrollo Econ\\u00f3mico, Mar\\u00eda Fernanda Galeano\\u00bb. \",\"meta\":{\"genre\":\"Blues\",\"length_formatted\":\"0:50\"},\"image\":{\"src\":\"https:\\\/\\\/www.medellin.gov.co\\\/es\\\/wp-includes\\\/images\\\/media\\\/audio.png\",\"width\":48,\"height\":64},\"thumb\":{\"src\":\"https:\\\/\\\/www.medellin.gov.co\\\/es\\\/wp-includes\\\/images\\\/media\\\/audio.png\",\"width\":48,\"height\":64}},{\"src\":\"https:\\\/\\\/www.medellin.gov.co\\\/es\\\/wp-content\\\/uploads\\\/2025\\\/05\\\/Audio-Declaraciones-del-ganador-en-ciclismo-Juan-Montoya.mp3\",\"type\":\"audio\\\/mpeg\",\"title\":\"Audio Declaraciones del ganador en ciclismo, Juan Montoya\",\"caption\":\"Declaraciones del ganador en ciclismo, Juan Montoya\",\"description\":\"\\u00abAudio Declaraciones del ganador en ciclismo, Juan Montoya\\u00bb.\",\"meta\":{\"length_formatted\":\"1:09\"},\"image\":{\"src\":\"https:\\\/\\\/www.medellin.gov.co\\\/es\\\/wp-includes\\\/images\\\/media\\\/audio.png\",\"width\":48,\"height\":64},\"thumb\":{\"src\":\"https:\\\/\\\/www.medellin.gov.co\\\/es\\\/wp-includes\\\/images\\\/media\\\/audio.png\",\"width\":48,\"height\":64}}]}<\/script>\n<\/div>\n\t\n<p>Deportistas de todo Colombia y 16 pa\u00edses, se dieron cita en la capital antioque\u00f1a para participar en el evento deportivo Ruta Medell\u00edn 2025. El certamen, que se cumpli\u00f3 con \u00e9xito este domingo 25 de mayo, recorri\u00f3 en bicicleta 110 kil\u00f3metros con una ruta desde Medell\u00edn hacia el suroeste antioque\u00f1o y con regreso a la ciudad.<\/p>\n<p>Como parte de la actividad, los atletas hicieron 5 y 10 kil\u00f3metros, tanto en hombres como en mujeres con un recorrido que incluy\u00f3 el paso por Laureles, La Am\u00e9rica, Estadio y las inmediaciones a la <a href=\"https:\/\/www.upb.edu.co\/es\/home\" target=\"_blank\" rel=\"noopener\">UPB<\/a>, entre otros sectores.<\/p>\n\n\t\t<style type=\"text\/css\">\n\t\t\t#gallery-1 {\n\t\t\t\tmargin: auto;\n\t\t\t}\n\t\t\t#gallery-1 .gallery-item {\n\t\t\t\tfloat: left;\n\t\t\t\tmargin-top: 10px;\n\t\t\t\ttext-align: center;\n\t\t\t\twidth: 50%;\n\t\t\t}\n\t\t\t#gallery-1 img {\n\t\t\t\tborder: 2px solid #cfcfcf;\n\t\t\t}\n\t\t\t#gallery-1 .gallery-caption {\n\t\t\t\tmargin-left: 0;\n\t\t\t}\n\t\t\t\/* see gallery_shortcode() in wp-includes\/media.php *\/\n\t\t<\/style>\n\t\t<div id='gallery-1' class='gallery galleryid-414592 gallery-columns-2 gallery-size-full'><dl class='gallery-item'>\n\t\t\t<dt class='gallery-icon landscape'>\n\t\t\t\t<a href='https:\/\/www.medellin.gov.co\/es\/sala-de-prensa\/noticias\/los-heat-latin-music-awards-estan-en-medellin\/imagen-participantes-del-evento-deportivo-ruta-medellin-2025-2\/'><img width=\"872\" height=\"760\" src=\"https:\/\/www.medellin.gov.co\/es\/wp-content\/uploads\/2025\/05\/Imagen-participantes-del-evento-deportivo-Ruta-Medellin-2025-2.jpg\" class=\"attachment-full size-full\" alt=\"Imagen participantes del evento deportivo Ruta Medell\u00edn 2025\" loading=\"lazy\" srcset=\"https:\/\/www.medellin.gov.co\/es\/wp-content\/uploads\/2025\/05\/Imagen-participantes-del-evento-deportivo-Ruta-Medellin-2025-2.jpg 872w, https:\/\/www.medellin.gov.co\/es\/wp-content\/uploads\/2025\/05\/Imagen-participantes-del-evento-deportivo-Ruta-Medellin-2025-2-300x261.jpg 300w, https:\/\/www.medellin.gov.co\/es\/wp-content\/uploads\/2025\/05\/Imagen-participantes-del-evento-deportivo-Ruta-Medellin-2025-2-150x131.jpg 150w, https:\/\/www.medellin.gov.co\/es\/wp-content\/uploads\/2025\/05\/Imagen-participantes-del-evento-deportivo-Ruta-Medellin-2025-2-768x669.jpg 768w\" sizes=\"(max-width: 872px) 100vw, 872px\" \/><\/a>\n\t\t\t<\/dt><\/dl><dl class='gallery-item'>\n\t\t\t<dt class='gallery-icon landscape'>\n\t\t\t\t<a href='https:\/\/www.medellin.gov.co\/es\/sala-de-prensa\/noticias\/los-heat-latin-music-awards-estan-en-medellin\/imagen-participantes-del-evento-deportivo-ruta-medellin-2025-3\/'><img width=\"853\" height=\"760\" src=\"https:\/\/www.medellin.gov.co\/es\/wp-content\/uploads\/2025\/05\/Imagen-participantes-del-evento-deportivo-Ruta-Medellin-2025-3.jpg\" class=\"attachment-full size-full\" alt=\"Imagen participantes del evento deportivo Ruta Medell\u00edn 2025\" loading=\"lazy\" srcset=\"https:\/\/www.medellin.gov.co\/es\/wp-content\/uploads\/2025\/05\/Imagen-participantes-del-evento-deportivo-Ruta-Medellin-2025-3.jpg 853w, https:\/\/www.medellin.gov.co\/es\/wp-content\/uploads\/2025\/05\/Imagen-participantes-del-evento-deportivo-Ruta-Medellin-2025-3-300x267.jpg 300w, https:\/\/www.medellin.gov.co\/es\/wp-content\/uploads\/2025\/05\/Imagen-participantes-del-evento-deportivo-Ruta-Medellin-2025-3-150x134.jpg 150w, https:\/\/www.medellin.gov.co\/es\/wp-content\/uploads\/2025\/05\/Imagen-participantes-del-evento-deportivo-Ruta-Medellin-2025-3-768x684.jpg 768w\" sizes=\"(max-width: 853px) 100vw, 853px\" \/><\/a>\n\t\t\t<\/dt><\/dl><br style=\"clear: both\" \/>\n\t\t<\/div>\n\n<p>\u201c<em>Este es uno de los eventos deportivos m\u00e1s importantes que tiene nuestra ciudad; en esta versi\u00f3n fueron 5.600 personas viviendo el deporte. Le apostamos a tener una Medell\u00edn que crece en materia de eventos y que al mismo tiempo tambi\u00e9n al bienestar de su gente. Ruta Medell\u00edn impacta positivamente en el deporte, pero al mismo tiempo en la econom\u00eda del Distrito<\/em>\u201d, manifest\u00f3 la secretaria de Desarrollo Econ\u00f3mico, Mar\u00eda Fernanda Galeano.<\/p>\n<p>Entre los ganadores se destacan, Juan Guillermo Montoya, como el mejor en ciclismo masculino, y Liliana S\u00e1nchez, en damas. Entre tanto, Kelly Ochoa fue la vencedora en 5K femenino en atletismo, y Rodrigo Jaramillo, en esta misma distancia, en hombres. En 10K femenino la m\u00e1s r\u00e1pida fue Kellys Arias, y en masculino, Daniel Herrera.<\/p>\n\n\t\t<style type=\"text\/css\">\n\t\t\t#gallery-2 {\n\t\t\t\tmargin: auto;\n\t\t\t}\n\t\t\t#gallery-2 .gallery-item {\n\t\t\t\tfloat: left;\n\t\t\t\tmargin-top: 10px;\n\t\t\t\ttext-align: center;\n\t\t\t\twidth: 50%;\n\t\t\t}\n\t\t\t#gallery-2 img {\n\t\t\t\tborder: 2px solid #cfcfcf;\n\t\t\t}\n\t\t\t#gallery-2 .gallery-caption {\n\t\t\t\tmargin-left: 0;\n\t\t\t}\n\t\t\t\/* see gallery_shortcode() in wp-includes\/media.php *\/\n\t\t<\/style>\n\t\t<div id='gallery-2' class='gallery galleryid-414592 gallery-columns-2 gallery-size-full'><dl class='gallery-item'>\n\t\t\t<dt class='gallery-icon landscape'>\n\t\t\t\t<a href='https:\/\/www.medellin.gov.co\/es\/sala-de-prensa\/noticias\/los-heat-latin-music-awards-estan-en-medellin\/imagen-participantes-del-evento-deportivo-ruta-medellin-2025-4\/'><img width=\"1141\" height=\"760\" src=\"https:\/\/www.medellin.gov.co\/es\/wp-content\/uploads\/2025\/05\/Imagen-participantes-del-evento-deportivo-Ruta-Medellin-2025-4.jpg\" class=\"attachment-full size-full\" alt=\"Imagen participantes del evento deportivo Ruta Medell\u00edn 2025\" loading=\"lazy\" srcset=\"https:\/\/www.medellin.gov.co\/es\/wp-content\/uploads\/2025\/05\/Imagen-participantes-del-evento-deportivo-Ruta-Medellin-2025-4.jpg 1141w, https:\/\/www.medellin.gov.co\/es\/wp-content\/uploads\/2025\/05\/Imagen-participantes-del-evento-deportivo-Ruta-Medellin-2025-4-300x200.jpg 300w, https:\/\/www.medellin.gov.co\/es\/wp-content\/uploads\/2025\/05\/Imagen-participantes-del-evento-deportivo-Ruta-Medellin-2025-4-1024x682.jpg 1024w, https:\/\/www.medellin.gov.co\/es\/wp-content\/uploads\/2025\/05\/Imagen-participantes-del-evento-deportivo-Ruta-Medellin-2025-4-150x100.jpg 150w, https:\/\/www.medellin.gov.co\/es\/wp-content\/uploads\/2025\/05\/Imagen-participantes-del-evento-deportivo-Ruta-Medellin-2025-4-768x512.jpg 768w\" sizes=\"(max-width: 1141px) 100vw, 1141px\" \/><\/a>\n\t\t\t<\/dt><\/dl><dl class='gallery-item'>\n\t\t\t<dt class='gallery-icon landscape'>\n\t\t\t\t<a href='https:\/\/www.medellin.gov.co\/es\/sala-de-prensa\/noticias\/los-heat-latin-music-awards-estan-en-medellin\/imagen-participantes-del-evento-deportivo-ruta-medellin-2025-1\/'><img width=\"1141\" height=\"760\" src=\"https:\/\/www.medellin.gov.co\/es\/wp-content\/uploads\/2025\/05\/Imagen-participantes-del-evento-deportivo-Ruta-Medellin-2025-1.jpg\" class=\"attachment-full size-full\" alt=\"Imagen participantes del evento deportivo Ruta Medell\u00edn 2025\" loading=\"lazy\" srcset=\"https:\/\/www.medellin.gov.co\/es\/wp-content\/uploads\/2025\/05\/Imagen-participantes-del-evento-deportivo-Ruta-Medellin-2025-1.jpg 1141w, https:\/\/www.medellin.gov.co\/es\/wp-content\/uploads\/2025\/05\/Imagen-participantes-del-evento-deportivo-Ruta-Medellin-2025-1-300x200.jpg 300w, https:\/\/www.medellin.gov.co\/es\/wp-content\/uploads\/2025\/05\/Imagen-participantes-del-evento-deportivo-Ruta-Medellin-2025-1-1024x682.jpg 1024w, https:\/\/www.medellin.gov.co\/es\/wp-content\/uploads\/2025\/05\/Imagen-participantes-del-evento-deportivo-Ruta-Medellin-2025-1-150x100.jpg 150w, https:\/\/www.medellin.gov.co\/es\/wp-content\/uploads\/2025\/05\/Imagen-participantes-del-evento-deportivo-Ruta-Medellin-2025-1-768x512.jpg 768w\" sizes=\"(max-width: 1141px) 100vw, 1141px\" \/><\/a>\n\t\t\t<\/dt><\/dl><br style=\"clear: both\" \/>\n\t\t<\/div>\n\n<p>\u201c<em>Fue un recorrido bastante bonito, nuevo y quer\u00edamos que el triunfo se quedara en casa, conservar el triunfo de la Ruta Medell\u00edn. Este es un evento impecable, con cierre de v\u00edas perfecto y para compartir en familia<\/em>\u201d, expres\u00f3 el ganador en Juan Montoya, quien repiti\u00f3 t\u00edtulo.<\/p>\n<p>Se calcula que el 20 % de los participantes llegaron fuera de Colombia, de pa\u00edses como Costa Rica, Dinamarca, Ecuador, Estados Unidos, M\u00e9xico, Argentina, Brasil, Canad\u00e1, Espa\u00f1a, entre otros. El 40% fueron de municipios del territorio nacional, y el 40 % restante de nuestra ciudad y el \u00c1rea Metropolitana.<\/p>\n<p>Eventos como Ruta Medell\u00edn ratifican a la capital antioque\u00f1a como un gran destino para la realizaci\u00f3n de eventos.<\/p>\n","protected":false},"excerpt":{"rendered":"<p>El evento recorri\u00f3 las v\u00edas del Distrito y el suroeste de Antioquia. Este a\u00f1o, el evento deportivo lleg\u00f3 a su d\u00e9cima edici\u00f3n. Deportistas de todo Colombia y 16 pa\u00edses, se dieron cita en la capital &#8230;<\/p>\n","protected":false},"author":21,"featured_media":414522,"comment_status":"open","ping_status":"open","sticky":false,"template":"","format":"standard","meta":[],"categories":[3],"tags":[451,689,691,428],"formato_nota":[],"programas_tax":[],"acf":[],"_links":{"self":[{"href":"https:\/\/www.medellin.gov.co\/es\/wp-json\/wp\/v2\/posts\/414592"}],"collection":[{"href":"https:\/\/www.medellin.gov.co\/es\/wp-json\/wp\/v2\/posts"}],"about":[{"href":"https:\/\/www.medellin.gov.co\/es\/wp-json\/wp\/v2\/types\/post"}],"author":[{"embeddable":true,"href":"https:\/\/www.medellin.gov.co\/es\/wp-json\/wp\/v2\/users\/21"}],"replies":[{"embeddable":true,"href":"https:\/\/www.medellin.gov.co\/es\/wp-json\/wp\/v2\/comments?post=414592"}],"version-history":[{"count":1,"href":"https:\/\/www.medellin.gov.co\/es\/wp-json\/wp\/v2\/posts\/414592\/revisions"}],"predecessor-version":[{"id":414596,"href":"https:\/\/www.medellin.gov.co\/es\/wp-json\/wp\/v2\/posts\/414592\/revisions\/414596"}],"wp:featuredmedia":[{"embeddable":true,"href":"https:\/\/www.medellin.gov.co\/es\/wp-json\/wp\/v2\/media\/414522"}],"wp:attachment":[{"href":"https:\/\/www.medellin.gov.co\/es\/wp-json\/wp\/v2\/media?parent=414592"}],"wp:term":[{"taxonomy":"category","embeddable":true,"href":"https:\/\/www.medellin.gov.co\/es\/wp-json\/wp\/v2\/categories?post=414592"},{"taxonomy":"post_tag","embeddable":true,"href":"https:\/\/www.medellin.gov.co\/es\/wp-json\/wp\/v2\/tags?post=414592"},{"taxonomy":"formato_nota","embeddable":true,"href":"https:\/\/www.medellin.gov.co\/es\/wp-json\/wp\/v2\/formato_nota?post=414592"},{"taxonomy":"programas_tax","embeddable":true,"href":"https:\/\/www.medellin.gov.co\/es\/wp-json\/wp\/v2\/programas_tax?post=414592"}],"curies":[{"name":"wp","href":"https:\/\/api.w.org\/{rel}","templated":true}]}}