{"id":414598,"date":"2025-05-26T13:42:40","date_gmt":"2025-05-26T18:42:40","guid":{"rendered":"https:\/\/www.medellin.gov.co\/es\/?p=414598"},"modified":"2025-05-26T13:42:40","modified_gmt":"2025-05-26T18:42:40","slug":"los-panamericanos-junior-consolidan-a-medellin-como-sede-de-la-copa-mundo-de-natacion-artistica-2026","status":"publish","type":"post","link":"https:\/\/www.medellin.gov.co\/es\/sala-de-prensa\/noticias\/los-panamericanos-junior-consolidan-a-medellin-como-sede-de-la-copa-mundo-de-natacion-artistica-2026\/","title":{"rendered":"Los Panamericanos Junior consolidan a Medell\u00edn como sede de la Copa Mundo de Nataci\u00f3n Art\u00edstica 2026"},"content":{"rendered":"<ul>\n<li>Unos 1.100 deportistas de 31 pa\u00edses compitieron durante dos semanas en cinco modalidades.<\/li>\n<li>M\u00e9xico se llev\u00f3 el podio con 123 medallas, Colombia obtuvo 84.<\/li>\n<li>El evento dej\u00f3 una derrama econ\u00f3mica de $18.000 millones y posicion\u00f3 a Medell\u00edn en la agenda internacional del deporte.<\/li>\n<\/ul>\n<!--[if lt IE 9]><script>document.createElement('audio');<\/script><![endif]-->\n\t<div class=\"wp-playlist wp-audio-playlist wp-playlist-light\">\n\t\t\t<div class=\"wp-playlist-current-item\"><\/div>\n\t\t<audio controls=\"controls\" preload=\"none\" width=\"640\"\n\t\t\t><\/audio>\n\t<div class=\"wp-playlist-next\"><\/div>\n\t<div class=\"wp-playlist-prev\"><\/div>\n\t<noscript>\n\t<ol>\n\t\t<li><a href='https:\/\/www.medellin.gov.co\/es\/wp-content\/uploads\/2025\/05\/Audio-Declaraciones-de-la-integrante-de-la-seleccion-Colombia-Salome-Agudelo.mp3'>Audio Declaraciones de la integrante de la selecci\u00f3n Colombia, Salom\u00e9 Agudelo<\/a><\/li><li><a href='https:\/\/www.medellin.gov.co\/es\/wp-content\/uploads\/2025\/05\/Audio-Declaraciones-de-la-subdirectora-de-Fomento-Juliana-Velez.mp3'>Audio Declaraciones de la subdirectora de Fomento, Juliana V\u00e9lez<\/a><\/li>\t<\/ol>\n\t<\/noscript>\n\t<script type=\"application\/json\" class=\"wp-playlist-script\">{\"type\":\"audio\",\"tracklist\":true,\"tracknumbers\":true,\"images\":true,\"artists\":true,\"tracks\":[{\"src\":\"https:\\\/\\\/www.medellin.gov.co\\\/es\\\/wp-content\\\/uploads\\\/2025\\\/05\\\/Audio-Declaraciones-de-la-integrante-de-la-seleccion-Colombia-Salome-Agudelo.mp3\",\"type\":\"audio\\\/mpeg\",\"title\":\"Audio Declaraciones de la integrante de la selecci\\u00f3n Colombia, Salom\\u00e9 Agudelo\",\"caption\":\"Declaraciones de la integrante de la selecci\\u00f3n Colombia, Salom\\u00e9 Agudelo\",\"description\":\"\\u00abAudio Declaraciones de la integrante de la selecci\\u00f3n Colombia, Salom\\u00e9 Agudelo\\u00bb. \",\"meta\":{\"genre\":\"Blues\",\"length_formatted\":\"0:33\"},\"image\":{\"src\":\"https:\\\/\\\/www.medellin.gov.co\\\/es\\\/wp-includes\\\/images\\\/media\\\/audio.png\",\"width\":48,\"height\":64},\"thumb\":{\"src\":\"https:\\\/\\\/www.medellin.gov.co\\\/es\\\/wp-includes\\\/images\\\/media\\\/audio.png\",\"width\":48,\"height\":64}},{\"src\":\"https:\\\/\\\/www.medellin.gov.co\\\/es\\\/wp-content\\\/uploads\\\/2025\\\/05\\\/Audio-Declaraciones-de-la-subdirectora-de-Fomento-Juliana-Velez.mp3\",\"type\":\"audio\\\/mpeg\",\"title\":\"Audio Declaraciones de la subdirectora de Fomento, Juliana V\\u00e9lez\",\"caption\":\"Declaraciones de la subdirectora de Fomento, Juliana V\\u00e9lez\",\"description\":\"\\u00abAudio Declaraciones de la subdirectora de Fomento, Juliana V\\u00e9lez\\u00bb. G\\u00e9nero: Blues.\",\"meta\":{\"genre\":\"Blues\",\"length_formatted\":\"0:46\"},\"image\":{\"src\":\"https:\\\/\\\/www.medellin.gov.co\\\/es\\\/wp-includes\\\/images\\\/media\\\/audio.png\",\"width\":48,\"height\":64},\"thumb\":{\"src\":\"https:\\\/\\\/www.medellin.gov.co\\\/es\\\/wp-includes\\\/images\\\/media\\\/audio.png\",\"width\":48,\"height\":64}}]}<\/script>\n<\/div>\n\t\n<p>Gracias al nivel alcanzado en la organizaci\u00f3n de los <a href=\"https:\/\/www.inder.gov.co\/eventos\/panamericanos-junior-de-natacion-2025\/\" target=\"_blank\" rel=\"noopener\">Panamericanos Junior de Nataci\u00f3n<\/a> y con el liderazgo del alcalde Federico Guti\u00e9rrez Zuluaga, Medell\u00edn contin\u00faa consolid\u00e1ndose como una ciudad deportiva de talla mundial y fue confirmada como sede oficial de la Copa Mundo de Nataci\u00f3n Art\u00edstica 2026, que se realizar\u00e1 en febrero del pr\u00f3ximo a\u00f1o.<\/p>\n<p>Durante dos semanas, la ciudad fue el escenario principal del deporte acu\u00e1tico en el continente con la realizaci\u00f3n de este evento que reuni\u00f3 a 1.100 deportistas de 31 pa\u00edses, en modalidades como polo acu\u00e1tico, nataci\u00f3n art\u00edstica, clavados, nataci\u00f3n carreras y aguas abiertas.<\/p>\n<p><a href=\"https:\/\/www.medellin.gov.co\/es\/wp-content\/uploads\/2025\/05\/Imagen-de-deportista-de-nado-sincronizado-en-Panamericanos-Junior-de-Natacion.jpg\" target=\"_blank\" rel=\"noopener\"><img loading=\"lazy\" class=\"alignnone wp-image-414495 size-full\" src=\"https:\/\/www.medellin.gov.co\/es\/wp-content\/uploads\/2025\/05\/Imagen-de-deportista-de-nado-sincronizado-en-Panamericanos-Junior-de-Natacion.jpg\" alt=\"Imagen de deportista de nado sincronizado en Panamericanos Junior de Nataci\u00f3n\" width=\"1112\" height=\"760\" srcset=\"https:\/\/www.medellin.gov.co\/es\/wp-content\/uploads\/2025\/05\/Imagen-de-deportista-de-nado-sincronizado-en-Panamericanos-Junior-de-Natacion.jpg 1112w, https:\/\/www.medellin.gov.co\/es\/wp-content\/uploads\/2025\/05\/Imagen-de-deportista-de-nado-sincronizado-en-Panamericanos-Junior-de-Natacion-300x205.jpg 300w, https:\/\/www.medellin.gov.co\/es\/wp-content\/uploads\/2025\/05\/Imagen-de-deportista-de-nado-sincronizado-en-Panamericanos-Junior-de-Natacion-1024x700.jpg 1024w, https:\/\/www.medellin.gov.co\/es\/wp-content\/uploads\/2025\/05\/Imagen-de-deportista-de-nado-sincronizado-en-Panamericanos-Junior-de-Natacion-150x103.jpg 150w, https:\/\/www.medellin.gov.co\/es\/wp-content\/uploads\/2025\/05\/Imagen-de-deportista-de-nado-sincronizado-en-Panamericanos-Junior-de-Natacion-768x525.jpg 768w\" sizes=\"(max-width: 1112px) 100vw, 1112px\" \/><\/a><\/p>\n<p>La delegaci\u00f3n de M\u00e9xico se llev\u00f3 el triunfo con 123 medallas ocupando el primer lugar en estas competencias. Colombia gan\u00f3 84 para obtener el segundo puesto.<\/p>\n<p>\u201c<em>Lleg\u00f3 el final de los Panamericanos, que fueron un \u00e9xito total porque tuvimos unos escenarios preparados para unas competencias de un nivel muy alto a nivel de todo Am\u00e9rica, las personas se fueron agradecidas y conocieron qu\u00e9 es Medell\u00edn. M\u00e1s que un resultado importante para Colombia sobre todo en nataci\u00f3n y art\u00edstica, fue un resultado de ciudad porque estamos preparados para grandes eventos<\/em>\u201d, manifest\u00f3 la subdirectora de Fomento, Juliana V\u00e9lez.<\/p>\n<p>Las jornadas se desarrollaron en el complejo acu\u00e1tico C\u00e9sar Zapata, modernizado por la Alcald\u00eda de Medell\u00edn y el Inder, con una inversi\u00f3n cercana a los $11.300 millones y que incluy\u00f3 adecuaciones como una nueva plataforma de clavados, cuarto de juzgamiento para nataci\u00f3n art\u00edstica y mejoras en impermeabilizaci\u00f3n y\u00a0tecnolog\u00eda. Esta infraestructura queda ahora al servicio de unos 45.000 usuarios semanales.<\/p>\n\n\t\t<style type=\"text\/css\">\n\t\t\t#gallery-1 {\n\t\t\t\tmargin: auto;\n\t\t\t}\n\t\t\t#gallery-1 .gallery-item {\n\t\t\t\tfloat: left;\n\t\t\t\tmargin-top: 10px;\n\t\t\t\ttext-align: center;\n\t\t\t\twidth: 50%;\n\t\t\t}\n\t\t\t#gallery-1 img {\n\t\t\t\tborder: 2px solid #cfcfcf;\n\t\t\t}\n\t\t\t#gallery-1 .gallery-caption {\n\t\t\t\tmargin-left: 0;\n\t\t\t}\n\t\t\t\/* see gallery_shortcode() in wp-includes\/media.php *\/\n\t\t<\/style>\n\t\t<div id='gallery-1' class='gallery galleryid-414598 gallery-columns-2 gallery-size-full'><dl class='gallery-item'>\n\t\t\t<dt class='gallery-icon landscape'>\n\t\t\t\t<a href='https:\/\/www.medellin.gov.co\/es\/sala-de-prensa\/noticias\/los-heat-latin-music-awards-estan-en-medellin\/imagen-de-acompanantes-de-delegaciones-en-panamericanos-junior-de-natacion\/'><img width=\"1098\" height=\"760\" src=\"https:\/\/www.medellin.gov.co\/es\/wp-content\/uploads\/2025\/05\/Imagen-de-acompanantes-de-delegaciones-en-Panamericanos-Junior-de-Natacion.jpg\" class=\"attachment-full size-full\" alt=\"Imagen de acompa\u00f1antes de delegaciones en Panamericanos Junior de Nataci\u00f3n\" loading=\"lazy\" srcset=\"https:\/\/www.medellin.gov.co\/es\/wp-content\/uploads\/2025\/05\/Imagen-de-acompanantes-de-delegaciones-en-Panamericanos-Junior-de-Natacion.jpg 1098w, https:\/\/www.medellin.gov.co\/es\/wp-content\/uploads\/2025\/05\/Imagen-de-acompanantes-de-delegaciones-en-Panamericanos-Junior-de-Natacion-300x208.jpg 300w, https:\/\/www.medellin.gov.co\/es\/wp-content\/uploads\/2025\/05\/Imagen-de-acompanantes-de-delegaciones-en-Panamericanos-Junior-de-Natacion-1024x709.jpg 1024w, https:\/\/www.medellin.gov.co\/es\/wp-content\/uploads\/2025\/05\/Imagen-de-acompanantes-de-delegaciones-en-Panamericanos-Junior-de-Natacion-150x104.jpg 150w, https:\/\/www.medellin.gov.co\/es\/wp-content\/uploads\/2025\/05\/Imagen-de-acompanantes-de-delegaciones-en-Panamericanos-Junior-de-Natacion-768x532.jpg 768w\" sizes=\"(max-width: 1098px) 100vw, 1098px\" \/><\/a>\n\t\t\t<\/dt><\/dl><dl class='gallery-item'>\n\t\t\t<dt class='gallery-icon landscape'>\n\t\t\t\t<a href='https:\/\/www.medellin.gov.co\/es\/sala-de-prensa\/noticias\/los-heat-latin-music-awards-estan-en-medellin\/imagen-de-deportista-de-clavados-en-panamericanos-junior-de-natacion\/'><img width=\"1178\" height=\"760\" src=\"https:\/\/www.medellin.gov.co\/es\/wp-content\/uploads\/2025\/05\/Imagen-de-deportista-de-clavados-en-Panamericanos-Junior-de-Natacion.jpg\" class=\"attachment-full size-full\" alt=\"Imagen de deportista de clavados en Panamericanos Junior de Nataci\u00f3n\" loading=\"lazy\" srcset=\"https:\/\/www.medellin.gov.co\/es\/wp-content\/uploads\/2025\/05\/Imagen-de-deportista-de-clavados-en-Panamericanos-Junior-de-Natacion.jpg 1178w, https:\/\/www.medellin.gov.co\/es\/wp-content\/uploads\/2025\/05\/Imagen-de-deportista-de-clavados-en-Panamericanos-Junior-de-Natacion-300x194.jpg 300w, https:\/\/www.medellin.gov.co\/es\/wp-content\/uploads\/2025\/05\/Imagen-de-deportista-de-clavados-en-Panamericanos-Junior-de-Natacion-1024x661.jpg 1024w, https:\/\/www.medellin.gov.co\/es\/wp-content\/uploads\/2025\/05\/Imagen-de-deportista-de-clavados-en-Panamericanos-Junior-de-Natacion-150x97.jpg 150w, https:\/\/www.medellin.gov.co\/es\/wp-content\/uploads\/2025\/05\/Imagen-de-deportista-de-clavados-en-Panamericanos-Junior-de-Natacion-768x495.jpg 768w\" sizes=\"(max-width: 1178px) 100vw, 1178px\" \/><\/a>\n\t\t\t<\/dt><\/dl><br style=\"clear: both\" \/>\n\t\t<\/div>\n\n<p>La participaci\u00f3n colombiana fue destacada al obtener cerca de 80 medallas, incluyendo cuatro en clavados, seis en nataci\u00f3n art\u00edstica y 70 en nataci\u00f3n carreras. El equipo tambi\u00e9n logr\u00f3 resultados positivos en polo acu\u00e1tico y aguas abiertas.<\/p>\n<p>Salom\u00e9 Agudelo, integrante de la selecci\u00f3n, manifest\u00f3: \u201c<em>Estoy muy contenta con los resultados que obtuvimos en los Panamericanos Sub 17 de polo acu\u00e1tico, muy contenta de haber sido local, porque se siente muy especial con la tribuna llena, tu pa\u00eds apoy\u00e1ndote en pleno juego. Le quiero agradecer a la Alcald\u00eda porque los escenarios estuvieron c\u00f3modos<\/em>\u201d.<\/p>\n<p>El certamen dej\u00f3 una derrama econ\u00f3mica estimada en $18.000 millones, beneficiando a sectores como hoteler\u00eda, transporte y comercio.<\/p>\n","protected":false},"excerpt":{"rendered":"<p>Unos 1.100 deportistas de 31 pa\u00edses compitieron durante dos semanas en cinco modalidades. M\u00e9xico se llev\u00f3 el podio con 123 medallas, Colombia obtuvo 84. El evento dej\u00f3 una derrama econ\u00f3mica de $18.000 millones y posicion\u00f3 &#8230;<\/p>\n","protected":false},"author":21,"featured_media":414493,"comment_status":"open","ping_status":"open","sticky":false,"template":"","format":"standard","meta":[],"categories":[17],"tags":[689,428],"formato_nota":[],"programas_tax":[],"acf":[],"_links":{"self":[{"href":"https:\/\/www.medellin.gov.co\/es\/wp-json\/wp\/v2\/posts\/414598"}],"collection":[{"href":"https:\/\/www.medellin.gov.co\/es\/wp-json\/wp\/v2\/posts"}],"about":[{"href":"https:\/\/www.medellin.gov.co\/es\/wp-json\/wp\/v2\/types\/post"}],"author":[{"embeddable":true,"href":"https:\/\/www.medellin.gov.co\/es\/wp-json\/wp\/v2\/users\/21"}],"replies":[{"embeddable":true,"href":"https:\/\/www.medellin.gov.co\/es\/wp-json\/wp\/v2\/comments?post=414598"}],"version-history":[{"count":1,"href":"https:\/\/www.medellin.gov.co\/es\/wp-json\/wp\/v2\/posts\/414598\/revisions"}],"predecessor-version":[{"id":414616,"href":"https:\/\/www.medellin.gov.co\/es\/wp-json\/wp\/v2\/posts\/414598\/revisions\/414616"}],"wp:featuredmedia":[{"embeddable":true,"href":"https:\/\/www.medellin.gov.co\/es\/wp-json\/wp\/v2\/media\/414493"}],"wp:attachment":[{"href":"https:\/\/www.medellin.gov.co\/es\/wp-json\/wp\/v2\/media?parent=414598"}],"wp:term":[{"taxonomy":"category","embeddable":true,"href":"https:\/\/www.medellin.gov.co\/es\/wp-json\/wp\/v2\/categories?post=414598"},{"taxonomy":"post_tag","embeddable":true,"href":"https:\/\/www.medellin.gov.co\/es\/wp-json\/wp\/v2\/tags?post=414598"},{"taxonomy":"formato_nota","embeddable":true,"href":"https:\/\/www.medellin.gov.co\/es\/wp-json\/wp\/v2\/formato_nota?post=414598"},{"taxonomy":"programas_tax","embeddable":true,"href":"https:\/\/www.medellin.gov.co\/es\/wp-json\/wp\/v2\/programas_tax?post=414598"}],"curies":[{"name":"wp","href":"https:\/\/api.w.org\/{rel}","templated":true}]}}