{"id":415644,"date":"2025-05-28T16:39:30","date_gmt":"2025-05-28T21:39:30","guid":{"rendered":"https:\/\/www.medellin.gov.co\/es\/?p=415644"},"modified":"2025-05-28T16:39:30","modified_gmt":"2025-05-28T21:39:30","slug":"medellin-avanza-en-la-formulacion-de-su-nueva-politica-publica-de-turismo","status":"publish","type":"post","link":"https:\/\/www.medellin.gov.co\/es\/sala-de-prensa\/noticias\/medellin-avanza-en-la-formulacion-de-su-nueva-politica-publica-de-turismo\/","title":{"rendered":"Medell\u00edn avanza en la formulaci\u00f3n de su nueva Pol\u00edtica P\u00fablica de Turismo"},"content":{"rendered":"<p>Desde la Alcald\u00eda de Medell\u00edn, a trav\u00e9s de la <a href=\"https:\/\/www.medellin.gov.co\/es\/secretaria-de-turismo-y-entretenimiento\/\">Secretar\u00eda de Turismo y Entretenimiento<\/a>, estamos trabajando en la reformulaci\u00f3n de la Pol\u00edtica P\u00fablica de Turismo que marcar\u00e1 el rumbo del turismo en nuestra ciudad por los pr\u00f3ximo 8 a\u00f1os.<\/p>\n<p>\u00bfSabes qu\u00e9 es una pol\u00edtica p\u00fablica y c\u00f3mo puede ayudarte a ti y a tu entorno? Es una herramienta que nos permitir\u00e1 tomar decisiones con visi\u00f3n a mediano y largo plazo, para que el turismo en Medell\u00edn crezca de forma ordenada, sostenible y con participaci\u00f3n de gremios, academia, j\u00f3venes y ciudadan\u00eda en general.<\/p>\n<p>\u00a1Medell\u00edn construye su futuro tur\u00edstico con todos!<\/p>\n<p><img loading=\"lazy\" class=\"alignnone wp-image-415721 size-full\" src=\"https:\/\/www.medellin.gov.co\/es\/wp-content\/uploads\/2025\/05\/Objetivo-politica-publica-turismo.jpg\" alt=\"\" width=\"1170\" height=\"850\" srcset=\"https:\/\/www.medellin.gov.co\/es\/wp-content\/uploads\/2025\/05\/Objetivo-politica-publica-turismo.jpg 1170w, https:\/\/www.medellin.gov.co\/es\/wp-content\/uploads\/2025\/05\/Objetivo-politica-publica-turismo-300x218.jpg 300w, https:\/\/www.medellin.gov.co\/es\/wp-content\/uploads\/2025\/05\/Objetivo-politica-publica-turismo-1024x744.jpg 1024w, https:\/\/www.medellin.gov.co\/es\/wp-content\/uploads\/2025\/05\/Objetivo-politica-publica-turismo-150x109.jpg 150w, https:\/\/www.medellin.gov.co\/es\/wp-content\/uploads\/2025\/05\/Objetivo-politica-publica-turismo-768x558.jpg 768w\" sizes=\"(max-width: 1170px) 100vw, 1170px\" \/><\/p>\n<p><img loading=\"lazy\" class=\"alignnone size-full wp-image-415721\" src=\"https:\/\/www.medellin.gov.co\/es\/wp-content\/uploads\/2025\/05\/Objetivo-politica-publica-turismo.jpg\" alt=\"\" width=\"1170\" height=\"850\" srcset=\"https:\/\/www.medellin.gov.co\/es\/wp-content\/uploads\/2025\/05\/Objetivo-politica-publica-turismo.jpg 1170w, https:\/\/www.medellin.gov.co\/es\/wp-content\/uploads\/2025\/05\/Objetivo-politica-publica-turismo-300x218.jpg 300w, https:\/\/www.medellin.gov.co\/es\/wp-content\/uploads\/2025\/05\/Objetivo-politica-publica-turismo-1024x744.jpg 1024w, https:\/\/www.medellin.gov.co\/es\/wp-content\/uploads\/2025\/05\/Objetivo-politica-publica-turismo-150x109.jpg 150w, https:\/\/www.medellin.gov.co\/es\/wp-content\/uploads\/2025\/05\/Objetivo-politica-publica-turismo-768x558.jpg 768w\" sizes=\"(max-width: 1170px) 100vw, 1170px\" \/> <img loading=\"lazy\" class=\"alignnone size-full wp-image-415719\" src=\"https:\/\/www.medellin.gov.co\/es\/wp-content\/uploads\/2025\/05\/Imagen-politica-publica-turismo-3.jpg\" alt=\"\" width=\"1176\" height=\"850\" srcset=\"https:\/\/www.medellin.gov.co\/es\/wp-content\/uploads\/2025\/05\/Imagen-politica-publica-turismo-3.jpg 1176w, https:\/\/www.medellin.gov.co\/es\/wp-content\/uploads\/2025\/05\/Imagen-politica-publica-turismo-3-300x217.jpg 300w, https:\/\/www.medellin.gov.co\/es\/wp-content\/uploads\/2025\/05\/Imagen-politica-publica-turismo-3-1024x740.jpg 1024w, https:\/\/www.medellin.gov.co\/es\/wp-content\/uploads\/2025\/05\/Imagen-politica-publica-turismo-3-150x108.jpg 150w, https:\/\/www.medellin.gov.co\/es\/wp-content\/uploads\/2025\/05\/Imagen-politica-publica-turismo-3-768x555.jpg 768w\" sizes=\"(max-width: 1176px) 100vw, 1176px\" \/><\/p>\n","protected":false},"excerpt":{"rendered":"<p>Desde la Alcald\u00eda de Medell\u00edn, a trav\u00e9s de la Secretar\u00eda de Turismo y Entretenimiento, estamos trabajando en la reformulaci\u00f3n de la Pol\u00edtica P\u00fablica de Turismo que marcar\u00e1 el rumbo del turismo en nuestra ciudad por &#8230;<\/p>\n","protected":false},"author":95,"featured_media":415718,"comment_status":"open","ping_status":"open","sticky":false,"template":"","format":"standard","meta":[],"categories":[690],"tags":[430],"formato_nota":[],"programas_tax":[],"acf":[],"_links":{"self":[{"href":"https:\/\/www.medellin.gov.co\/es\/wp-json\/wp\/v2\/posts\/415644"}],"collection":[{"href":"https:\/\/www.medellin.gov.co\/es\/wp-json\/wp\/v2\/posts"}],"about":[{"href":"https:\/\/www.medellin.gov.co\/es\/wp-json\/wp\/v2\/types\/post"}],"author":[{"embeddable":true,"href":"https:\/\/www.medellin.gov.co\/es\/wp-json\/wp\/v2\/users\/95"}],"replies":[{"embeddable":true,"href":"https:\/\/www.medellin.gov.co\/es\/wp-json\/wp\/v2\/comments?post=415644"}],"version-history":[{"count":1,"href":"https:\/\/www.medellin.gov.co\/es\/wp-json\/wp\/v2\/posts\/415644\/revisions"}],"predecessor-version":[{"id":415727,"href":"https:\/\/www.medellin.gov.co\/es\/wp-json\/wp\/v2\/posts\/415644\/revisions\/415727"}],"wp:featuredmedia":[{"embeddable":true,"href":"https:\/\/www.medellin.gov.co\/es\/wp-json\/wp\/v2\/media\/415718"}],"wp:attachment":[{"href":"https:\/\/www.medellin.gov.co\/es\/wp-json\/wp\/v2\/media?parent=415644"}],"wp:term":[{"taxonomy":"category","embeddable":true,"href":"https:\/\/www.medellin.gov.co\/es\/wp-json\/wp\/v2\/categories?post=415644"},{"taxonomy":"post_tag","embeddable":true,"href":"https:\/\/www.medellin.gov.co\/es\/wp-json\/wp\/v2\/tags?post=415644"},{"taxonomy":"formato_nota","embeddable":true,"href":"https:\/\/www.medellin.gov.co\/es\/wp-json\/wp\/v2\/formato_nota?post=415644"},{"taxonomy":"programas_tax","embeddable":true,"href":"https:\/\/www.medellin.gov.co\/es\/wp-json\/wp\/v2\/programas_tax?post=415644"}],"curies":[{"name":"wp","href":"https:\/\/api.w.org\/{rel}","templated":true}]}}