{"id":415772,"date":"2025-05-29T10:22:49","date_gmt":"2025-05-29T15:22:49","guid":{"rendered":"https:\/\/www.medellin.gov.co\/es\/?p=415772"},"modified":"2025-05-29T10:22:49","modified_gmt":"2025-05-29T15:22:49","slug":"la-alcaldia-de-medellin-brinda-acompanamiento-a-las-familias-de-las-personas-dadas-por-desaparecidas","status":"publish","type":"post","link":"https:\/\/www.medellin.gov.co\/es\/sala-de-prensa\/noticias\/la-alcaldia-de-medellin-brinda-acompanamiento-a-las-familias-de-las-personas-dadas-por-desaparecidas\/","title":{"rendered":"La Alcald\u00eda de Medell\u00edn brinda acompa\u00f1amiento a las familias de las personas dadas por desaparecidas"},"content":{"rendered":"<ul>\n<li>El Distrito ha logrado una efectividad del 75 % en la ruta de b\u00fasqueda<\/li>\n<li>No es necesario esperar 72 horas a partir de la desaparici\u00f3n para realizar la denuncia.<\/li>\n<\/ul>\n<!--[if lt IE 9]><script>document.createElement('audio');<\/script><![endif]-->\n\t<div class=\"wp-playlist wp-audio-playlist wp-playlist-light\">\n\t\t\t<div class=\"wp-playlist-current-item\"><\/div>\n\t\t<audio controls=\"controls\" preload=\"none\" width=\"640\"\n\t\t\t><\/audio>\n\t<div class=\"wp-playlist-next\"><\/div>\n\t<div class=\"wp-playlist-prev\"><\/div>\n\t<noscript>\n\t<ol>\n\t\t<li><a href='https:\/\/www.medellin.gov.co\/es\/wp-content\/uploads\/2025\/05\/Audio-Declaraciones-del-secretario-de-Paz-y-Derechos-Humanos-Carlos-Arcila-Valencia.mp3'>Audio Declaraciones del secretario de Paz y Derechos Humanos, Carlos Arcila Valencia<\/a><\/li><li><a href='https:\/\/www.medellin.gov.co\/es\/wp-content\/uploads\/2025\/05\/Audio-Declaraciones-de-Mary-Luz-Calderon-madre-de-victima-de-desaparicion-forzada.mp3'>Audio Declaraciones de Mary Luz Calder\u00f3n, madre de v\u00edctima de desaparici\u00f3n forzada<\/a><\/li>\t<\/ol>\n\t<\/noscript>\n\t<script type=\"application\/json\" class=\"wp-playlist-script\">{\"type\":\"audio\",\"tracklist\":true,\"tracknumbers\":true,\"images\":true,\"artists\":true,\"tracks\":[{\"src\":\"https:\\\/\\\/www.medellin.gov.co\\\/es\\\/wp-content\\\/uploads\\\/2025\\\/05\\\/Audio-Declaraciones-del-secretario-de-Paz-y-Derechos-Humanos-Carlos-Arcila-Valencia.mp3\",\"type\":\"audio\\\/mpeg\",\"title\":\"Audio Declaraciones del secretario de Paz y Derechos Humanos, Carlos Arcila Valencia\",\"caption\":\"Declaraciones del secretario de Paz y Derechos Humanos, Carlos Arcila Valencia\",\"description\":\"\\u00abAudio Declaraciones del secretario de Paz y Derechos Humanos, Carlos Arcila Valencia\\u00bb. \",\"meta\":{\"genre\":\"Blues\",\"length_formatted\":\"0:37\"},\"image\":{\"src\":\"https:\\\/\\\/www.medellin.gov.co\\\/es\\\/wp-includes\\\/images\\\/media\\\/audio.png\",\"width\":48,\"height\":64},\"thumb\":{\"src\":\"https:\\\/\\\/www.medellin.gov.co\\\/es\\\/wp-includes\\\/images\\\/media\\\/audio.png\",\"width\":48,\"height\":64}},{\"src\":\"https:\\\/\\\/www.medellin.gov.co\\\/es\\\/wp-content\\\/uploads\\\/2025\\\/05\\\/Audio-Declaraciones-de-Mary-Luz-Calderon-madre-de-victima-de-desaparicion-forzada.mp3\",\"type\":\"audio\\\/mpeg\",\"title\":\"Audio Declaraciones de Mary Luz Calder\\u00f3n, madre de v\\u00edctima de desaparici\\u00f3n forzada\",\"caption\":\"Declaraciones de Mary Luz Calder\\u00f3n, madre de v\\u00edctima de desaparici\\u00f3n forzada\",\"description\":\"\\u00abAudio Declaraciones de Mary Luz Calder\\u00f3n, madre de v\\u00edctima de desaparici\\u00f3n forzada\\u00bb. \",\"meta\":{\"genre\":\"Blues\",\"length_formatted\":\"0:48\"},\"image\":{\"src\":\"https:\\\/\\\/www.medellin.gov.co\\\/es\\\/wp-includes\\\/images\\\/media\\\/audio.png\",\"width\":48,\"height\":64},\"thumb\":{\"src\":\"https:\\\/\\\/www.medellin.gov.co\\\/es\\\/wp-includes\\\/images\\\/media\\\/audio.png\",\"width\":48,\"height\":64}}]}<\/script>\n<\/div>\n\t\n<p>La Alcald\u00eda de Medell\u00edn mantiene su compromiso con la atenci\u00f3n oportuna y humana a las personas dadas por desaparecidas, a trav\u00e9s de la ruta de b\u00fasqueda liderada por el Distrito.<\/p>\n<p>En lo que va de este 2025 se han reportado un total de 297 casos de desaparici\u00f3n, de los cuales 222 personas fueron encontradas con vida, 13 sin vida, y 62 contin\u00faan en proceso de b\u00fasqueda. La Administraci\u00f3n Distrital ofrece acompa\u00f1amiento psicosocial y asesor\u00eda jur\u00eddica a los familiares desde el momento en que se realiza el reporte. No es necesario esperar 72 horas para activar la ruta; pues al actuar de inmediato esto aumenta las posibilidades de una localizaci\u00f3n exitosa.<\/p>\n\n\t\t<style type=\"text\/css\">\n\t\t\t#gallery-1 {\n\t\t\t\tmargin: auto;\n\t\t\t}\n\t\t\t#gallery-1 .gallery-item {\n\t\t\t\tfloat: left;\n\t\t\t\tmargin-top: 10px;\n\t\t\t\ttext-align: center;\n\t\t\t\twidth: 50%;\n\t\t\t}\n\t\t\t#gallery-1 img {\n\t\t\t\tborder: 2px solid #cfcfcf;\n\t\t\t}\n\t\t\t#gallery-1 .gallery-caption {\n\t\t\t\tmargin-left: 0;\n\t\t\t}\n\t\t\t\/* see gallery_shortcode() in wp-includes\/media.php *\/\n\t\t<\/style>\n\t\t<div id='gallery-1' class='gallery galleryid-415772 gallery-columns-2 gallery-size-full'><dl class='gallery-item'>\n\t\t\t<dt class='gallery-icon landscape'>\n\t\t\t\t<a href='https:\/\/www.medellin.gov.co\/es\/sala-de-prensa\/noticias\/la-alcaldia-de-medellin-brinda-acompanamiento-a-las-familias-de-las-personas-dadas-por-desaparecidas\/imagen-de-joven-dado-por-desaparecido\/'><img width=\"1080\" height=\"760\" src=\"https:\/\/www.medellin.gov.co\/es\/wp-content\/uploads\/2025\/05\/Imagen-de-joven-dado-por-desaparecido.jpg\" class=\"attachment-full size-full\" alt=\"Imagen de joven dado por desaparecido\" loading=\"lazy\" srcset=\"https:\/\/www.medellin.gov.co\/es\/wp-content\/uploads\/2025\/05\/Imagen-de-joven-dado-por-desaparecido.jpg 1080w, https:\/\/www.medellin.gov.co\/es\/wp-content\/uploads\/2025\/05\/Imagen-de-joven-dado-por-desaparecido-300x211.jpg 300w, https:\/\/www.medellin.gov.co\/es\/wp-content\/uploads\/2025\/05\/Imagen-de-joven-dado-por-desaparecido-1024x721.jpg 1024w, https:\/\/www.medellin.gov.co\/es\/wp-content\/uploads\/2025\/05\/Imagen-de-joven-dado-por-desaparecido-150x106.jpg 150w, https:\/\/www.medellin.gov.co\/es\/wp-content\/uploads\/2025\/05\/Imagen-de-joven-dado-por-desaparecido-768x540.jpg 768w\" sizes=\"(max-width: 1080px) 100vw, 1080px\" \/><\/a>\n\t\t\t<\/dt><\/dl><dl class='gallery-item'>\n\t\t\t<dt class='gallery-icon landscape'>\n\t\t\t\t<a href='https:\/\/www.medellin.gov.co\/es\/sala-de-prensa\/noticias\/la-alcaldia-de-medellin-brinda-acompanamiento-a-las-familias-de-las-personas-dadas-por-desaparecidas\/imagen-de-funcionarios-que-brindan-apoyo-a-familiares-de-personas-dadas-por-desaparecidas\/'><img width=\"1159\" height=\"760\" src=\"https:\/\/www.medellin.gov.co\/es\/wp-content\/uploads\/2025\/05\/Imagen-de-funcionarios-que-brindan-apoyo-a-familiares-de-personas-dadas-por-desaparecidas.jpg\" class=\"attachment-full size-full\" alt=\"Imagen de funcionarios que brindan apoyo a familiares de personas dadas por desaparecidas\" loading=\"lazy\" srcset=\"https:\/\/www.medellin.gov.co\/es\/wp-content\/uploads\/2025\/05\/Imagen-de-funcionarios-que-brindan-apoyo-a-familiares-de-personas-dadas-por-desaparecidas.jpg 1159w, https:\/\/www.medellin.gov.co\/es\/wp-content\/uploads\/2025\/05\/Imagen-de-funcionarios-que-brindan-apoyo-a-familiares-de-personas-dadas-por-desaparecidas-300x197.jpg 300w, https:\/\/www.medellin.gov.co\/es\/wp-content\/uploads\/2025\/05\/Imagen-de-funcionarios-que-brindan-apoyo-a-familiares-de-personas-dadas-por-desaparecidas-1024x671.jpg 1024w, https:\/\/www.medellin.gov.co\/es\/wp-content\/uploads\/2025\/05\/Imagen-de-funcionarios-que-brindan-apoyo-a-familiares-de-personas-dadas-por-desaparecidas-150x98.jpg 150w, https:\/\/www.medellin.gov.co\/es\/wp-content\/uploads\/2025\/05\/Imagen-de-funcionarios-que-brindan-apoyo-a-familiares-de-personas-dadas-por-desaparecidas-768x504.jpg 768w\" sizes=\"(max-width: 1159px) 100vw, 1159px\" \/><\/a>\n\t\t\t<\/dt><\/dl><br style=\"clear: both\" \/>\n\t\t<\/div>\n\n<p>\u201c<em>Hemos logrado durante este a\u00f1o activar la ruta con 297 personas, hemos encontrado 222 personas vivas. Con m\u00e1s del 75% de efectividad en la b\u00fasqueda de personas dadas por desaparecidas, establecimos una mesa de trabajo donde est\u00e1n articuladas todas las instituciones donde logramos visibilizar, articular y darle rostro a los desaparecidos<\/em>\u201d, asegur\u00f3 el secretario de Paz y Derechos Humanos, Carlos Arcila Valencia.<\/p>\n<p>En el marco de la conmemoraci\u00f3n de la Semana del Detenido Desaparecido, la Alcald\u00eda contin\u00faa comprometida en la b\u00fasqueda de las personas dadas por desaparecidas con acciones que articulan las organizaciones sociales y entidades institucionales, adem\u00e1s realiza acciones de reparaci\u00f3n simb\u00f3lica a las familias de las posibles v\u00edctimas.<\/p>\n<p><a href=\"https:\/\/www.medellin.gov.co\/es\/wp-content\/uploads\/2025\/05\/Imagen-de-madre-de-una-mujer-dada-por-desaparecida.jpg\" target=\"_blank\" rel=\"noopener\"><img loading=\"lazy\" class=\"alignnone wp-image-415780 size-full\" src=\"https:\/\/www.medellin.gov.co\/es\/wp-content\/uploads\/2025\/05\/Imagen-de-madre-de-una-mujer-dada-por-desaparecida.jpg\" alt=\"Imagen de madre de una mujer dada por desaparecida\" width=\"856\" height=\"760\" srcset=\"https:\/\/www.medellin.gov.co\/es\/wp-content\/uploads\/2025\/05\/Imagen-de-madre-de-una-mujer-dada-por-desaparecida.jpg 856w, https:\/\/www.medellin.gov.co\/es\/wp-content\/uploads\/2025\/05\/Imagen-de-madre-de-una-mujer-dada-por-desaparecida-300x266.jpg 300w, https:\/\/www.medellin.gov.co\/es\/wp-content\/uploads\/2025\/05\/Imagen-de-madre-de-una-mujer-dada-por-desaparecida-150x133.jpg 150w, https:\/\/www.medellin.gov.co\/es\/wp-content\/uploads\/2025\/05\/Imagen-de-madre-de-una-mujer-dada-por-desaparecida-768x682.jpg 768w\" sizes=\"(max-width: 856px) 100vw, 856px\" \/><\/a><\/p>\n<p>Mary Luz Calder\u00f3n, madre de v\u00edctima de desaparici\u00f3n forzada y participante del plant\u00f3n en conmemoraci\u00f3n del D\u00eda del detenido desaparecido manifest\u00f3 \u201c<em>Tengo a mi hija desaparecida y quiero agradecer a la Alcald\u00eda Municipal de Medell\u00edn que me est\u00e1 apoyando en este evento. Tambi\u00e9n quiero agradecerle a todas las personas que me est\u00e1n apoyando en esta situaci\u00f3n tan dif\u00edcil y les quiero decir a todas las madres que no se den por vencidas que no podemos perder la esperanza<\/em>\u201d.<\/p>\n<p>El Distrito cuenta con una l\u00ednea de celular para brindar atenci\u00f3n en los casos de b\u00fasqueda al 324 290 9801. Se recomienda a las familias, en el momento de reportar una desaparici\u00f3n, evitar compartir datos personales o publicar sus n\u00fameros de tel\u00e9fono en redes sociales, con el fin de prevenir posibles casos de estafa o suplantaci\u00f3n.<\/p>\n","protected":false},"excerpt":{"rendered":"<p>El Distrito ha logrado una efectividad del 75 % en la ruta de b\u00fasqueda No es necesario esperar 72 horas a partir de la desaparici\u00f3n para realizar la denuncia. La Alcald\u00eda de Medell\u00edn mantiene su &#8230;<\/p>\n","protected":false},"author":21,"featured_media":415778,"comment_status":"open","ping_status":"open","sticky":false,"template":"","format":"standard","meta":[],"categories":[701],"tags":[451],"formato_nota":[],"programas_tax":[],"acf":[],"_links":{"self":[{"href":"https:\/\/www.medellin.gov.co\/es\/wp-json\/wp\/v2\/posts\/415772"}],"collection":[{"href":"https:\/\/www.medellin.gov.co\/es\/wp-json\/wp\/v2\/posts"}],"about":[{"href":"https:\/\/www.medellin.gov.co\/es\/wp-json\/wp\/v2\/types\/post"}],"author":[{"embeddable":true,"href":"https:\/\/www.medellin.gov.co\/es\/wp-json\/wp\/v2\/users\/21"}],"replies":[{"embeddable":true,"href":"https:\/\/www.medellin.gov.co\/es\/wp-json\/wp\/v2\/comments?post=415772"}],"version-history":[{"count":1,"href":"https:\/\/www.medellin.gov.co\/es\/wp-json\/wp\/v2\/posts\/415772\/revisions"}],"predecessor-version":[{"id":415819,"href":"https:\/\/www.medellin.gov.co\/es\/wp-json\/wp\/v2\/posts\/415772\/revisions\/415819"}],"wp:featuredmedia":[{"embeddable":true,"href":"https:\/\/www.medellin.gov.co\/es\/wp-json\/wp\/v2\/media\/415778"}],"wp:attachment":[{"href":"https:\/\/www.medellin.gov.co\/es\/wp-json\/wp\/v2\/media?parent=415772"}],"wp:term":[{"taxonomy":"category","embeddable":true,"href":"https:\/\/www.medellin.gov.co\/es\/wp-json\/wp\/v2\/categories?post=415772"},{"taxonomy":"post_tag","embeddable":true,"href":"https:\/\/www.medellin.gov.co\/es\/wp-json\/wp\/v2\/tags?post=415772"},{"taxonomy":"formato_nota","embeddable":true,"href":"https:\/\/www.medellin.gov.co\/es\/wp-json\/wp\/v2\/formato_nota?post=415772"},{"taxonomy":"programas_tax","embeddable":true,"href":"https:\/\/www.medellin.gov.co\/es\/wp-json\/wp\/v2\/programas_tax?post=415772"}],"curies":[{"name":"wp","href":"https:\/\/api.w.org\/{rel}","templated":true}]}}