{"id":415822,"date":"2025-05-29T10:31:35","date_gmt":"2025-05-29T15:31:35","guid":{"rendered":"https:\/\/www.medellin.gov.co\/es\/?p=415822"},"modified":"2025-05-29T10:31:35","modified_gmt":"2025-05-29T15:31:35","slug":"en-medellin-van-7-050-cambuches-desmontados-y-759-toneladas-de-residuos-retirados-de-quebradas-senderos-y-parques","status":"publish","type":"post","link":"https:\/\/www.medellin.gov.co\/es\/sala-de-prensa\/noticias\/en-medellin-van-7-050-cambuches-desmontados-y-759-toneladas-de-residuos-retirados-de-quebradas-senderos-y-parques\/","title":{"rendered":"En Medell\u00edn van 7.050 cambuches desmontados y 759 toneladas de residuos retirados de quebradas, senderos y parques"},"content":{"rendered":"<ul>\n<li>Las intervenciones se han priorizado en La Candelaria, Guayabal y Bel\u00e9n, adem\u00e1s de parques que hoy lucen m\u00e1s seguros y accesibles.<\/li>\n<li>Colchones, muebles, neveras y lonas se cuentan entre los elementos recolectados.<\/li>\n<\/ul>\n<!--[if lt IE 9]><script>document.createElement('audio');<\/script><![endif]-->\n\t<div class=\"wp-playlist wp-audio-playlist wp-playlist-light\">\n\t\t\t<div class=\"wp-playlist-current-item\"><\/div>\n\t\t<audio controls=\"controls\" preload=\"none\" width=\"640\"\n\t\t\t><\/audio>\n\t<div class=\"wp-playlist-next\"><\/div>\n\t<div class=\"wp-playlist-prev\"><\/div>\n\t<noscript>\n\t<ol>\n\t\t<li><a href='https:\/\/www.medellin.gov.co\/es\/wp-content\/uploads\/2025\/05\/Audio-Declaraciones-del-subsecretario-de-Espacio-Publico-de-Medellin-David-Ramirez.mp3'>Audio Declaraciones del subsecretario de Espacio P\u00fablico de Medell\u00edn, David Ram\u00edrez<\/a><\/li>\t<\/ol>\n\t<\/noscript>\n\t<script type=\"application\/json\" class=\"wp-playlist-script\">{\"type\":\"audio\",\"tracklist\":true,\"tracknumbers\":true,\"images\":true,\"artists\":true,\"tracks\":[{\"src\":\"https:\\\/\\\/www.medellin.gov.co\\\/es\\\/wp-content\\\/uploads\\\/2025\\\/05\\\/Audio-Declaraciones-del-subsecretario-de-Espacio-Publico-de-Medellin-David-Ramirez.mp3\",\"type\":\"audio\\\/mpeg\",\"title\":\"Audio Declaraciones del subsecretario de Espacio P\\u00fablico de Medell\\u00edn, David Ram\\u00edrez\",\"caption\":\"Declaraciones del subsecretario de Espacio P\\u00fablico de Medell\\u00edn, David Ram\\u00edrez\",\"description\":\"\\u00abAudio Declaraciones del subsecretario de Espacio P\\u00fablico de Medell\\u00edn, David Ram\\u00edrez\\u00bb.\",\"meta\":{\"length_formatted\":\"1:37\"},\"image\":{\"src\":\"https:\\\/\\\/www.medellin.gov.co\\\/es\\\/wp-includes\\\/images\\\/media\\\/audio.png\",\"width\":48,\"height\":64},\"thumb\":{\"src\":\"https:\\\/\\\/www.medellin.gov.co\\\/es\\\/wp-includes\\\/images\\\/media\\\/audio.png\",\"width\":48,\"height\":64}}]}<\/script>\n<\/div>\n\t\n<p>Con una estrategia sostenida, la Administraci\u00f3n Distrital avanza en la recuperaci\u00f3n del espacio p\u00fablico, lo que contribuye con el orden y la convivencia. Este a\u00f1o, se han desmontado 7.050 cambuches y recogido cerca de 759 toneladas de residuos en comunas con presencia de estructuras irregulares y personas en situaci\u00f3n de calle, especialmente en La Candelaria, Guayabal y Bel\u00e9n.<\/p>\n<p>\u201c<em>Nuestra apuesta es clara: devolverle el espacio p\u00fablico a la ciudadan\u00eda y dignificar cada rinc\u00f3n. Estos resultados muestran el impacto real de un trabajo t\u00e9cnico, constante y comprometido con el orden y el bienestar colectivo. No solo retiramos estructuras, transformamos entornos y recuperamos la confianza en el uso compartido del territorio<\/em>\u201d, asegur\u00f3 el subsecretario de Espacio P\u00fablico, David Ram\u00edrez.<\/p>\n<p><a href=\"https:\/\/www.medellin.gov.co\/es\/wp-content\/uploads\/2025\/05\/Imagen-de-funcionarios-de-Espacio-Publico-desmontando-cambuches-2.jpg\" target=\"_blank\" rel=\"noopener\"><img loading=\"lazy\" class=\"alignnone wp-image-415787 size-full\" src=\"https:\/\/www.medellin.gov.co\/es\/wp-content\/uploads\/2025\/05\/Imagen-de-funcionarios-de-Espacio-Publico-desmontando-cambuches-2.jpg\" alt=\"Imagen de funcionarios de Espacio P\u00fablico desmontando cambuches\" width=\"1280\" height=\"720\" srcset=\"https:\/\/www.medellin.gov.co\/es\/wp-content\/uploads\/2025\/05\/Imagen-de-funcionarios-de-Espacio-Publico-desmontando-cambuches-2.jpg 1280w, https:\/\/www.medellin.gov.co\/es\/wp-content\/uploads\/2025\/05\/Imagen-de-funcionarios-de-Espacio-Publico-desmontando-cambuches-2-300x169.jpg 300w, https:\/\/www.medellin.gov.co\/es\/wp-content\/uploads\/2025\/05\/Imagen-de-funcionarios-de-Espacio-Publico-desmontando-cambuches-2-1024x576.jpg 1024w, https:\/\/www.medellin.gov.co\/es\/wp-content\/uploads\/2025\/05\/Imagen-de-funcionarios-de-Espacio-Publico-desmontando-cambuches-2-150x84.jpg 150w, https:\/\/www.medellin.gov.co\/es\/wp-content\/uploads\/2025\/05\/Imagen-de-funcionarios-de-Espacio-Publico-desmontando-cambuches-2-768x432.jpg 768w\" sizes=\"(max-width: 1280px) 100vw, 1280px\" \/><\/a><\/p>\n<p>Otras comunas intervenidas son Castilla, Doce de Octubre, Laureles\/Estadio y El Poblado. La labor se desarrolla con 30 promotores de espacio p\u00fablico, cuatro m\u00f3viles y dos carros compactadores diarios, para mantener estas \u00e1reas despejadas y en buenas condiciones. El plan de recuperaci\u00f3n incluye parques como Cristo Rey, La Paloma, Abejorral, Lleras, Berr\u00edo y La Presidenta.<\/p>\n<p>Entre los residuos recolectados se encuentran colchones, muebles, neveras, lonas y otros elementos que ocupaban de manera irregular espacios p\u00fablicos. Estos desechos han sido extra\u00eddos de quebradas, senderos peatonales, canchas deportivas, parques y zonas comunes, anteriormente inhabilitadas para el disfrute de la comunidad.<\/p>\n<p><a href=\"https:\/\/www.medellin.gov.co\/es\/wp-content\/uploads\/2025\/05\/Imagen-de-funcionarios-de-Espacio-Publico-desmontando-cambuches-3.jpg\" target=\"_blank\" rel=\"noopener\"><img loading=\"lazy\" class=\"alignnone wp-image-415786 size-full\" src=\"https:\/\/www.medellin.gov.co\/es\/wp-content\/uploads\/2025\/05\/Imagen-de-funcionarios-de-Espacio-Publico-desmontando-cambuches-3.jpg\" alt=\"Imagen de funcionarios de Espacio P\u00fablico desmontando cambuches\" width=\"1280\" height=\"720\" srcset=\"https:\/\/www.medellin.gov.co\/es\/wp-content\/uploads\/2025\/05\/Imagen-de-funcionarios-de-Espacio-Publico-desmontando-cambuches-3.jpg 1280w, https:\/\/www.medellin.gov.co\/es\/wp-content\/uploads\/2025\/05\/Imagen-de-funcionarios-de-Espacio-Publico-desmontando-cambuches-3-300x169.jpg 300w, https:\/\/www.medellin.gov.co\/es\/wp-content\/uploads\/2025\/05\/Imagen-de-funcionarios-de-Espacio-Publico-desmontando-cambuches-3-1024x576.jpg 1024w, https:\/\/www.medellin.gov.co\/es\/wp-content\/uploads\/2025\/05\/Imagen-de-funcionarios-de-Espacio-Publico-desmontando-cambuches-3-150x84.jpg 150w, https:\/\/www.medellin.gov.co\/es\/wp-content\/uploads\/2025\/05\/Imagen-de-funcionarios-de-Espacio-Publico-desmontando-cambuches-3-768x432.jpg 768w\" sizes=\"(max-width: 1280px) 100vw, 1280px\" \/><\/a><\/p>\n<p>\u201c<em>Cada parque recuperado, cada calle despejada, representa una oportunidad para que los ni\u00f1os jueguen, las familias se re\u00fanan y los adultos mayores transiten con tranquilidad. Seguiremos trabajando para que Medell\u00edn sea una ciudad m\u00e1s ordenada, incluyente y viva, donde el espacio p\u00fablico vuelva a ser un lugar de encuentro y no de exclusi\u00f3n<\/em>\u201d, agreg\u00f3 el subsecretario.<\/p>\n<p>Estas acciones hacen parte de una estrategia que promueve la convivencia, la inclusi\u00f3n y el cuidado colectivo de los entornos urbanos, con la convicci\u00f3n de que el espacio p\u00fablico es un bien com\u00fan que debe estar al servicio de todos.<\/p>\n","protected":false},"excerpt":{"rendered":"<p>Las intervenciones se han priorizado en La Candelaria, Guayabal y Bel\u00e9n, adem\u00e1s de parques que hoy lucen m\u00e1s seguros y accesibles. Colchones, muebles, neveras y lonas se cuentan entre los elementos recolectados. Con una estrategia &#8230;<\/p>\n","protected":false},"author":21,"featured_media":415788,"comment_status":"open","ping_status":"open","sticky":false,"template":"","format":"standard","meta":[],"categories":[21],"tags":[440,619],"formato_nota":[],"programas_tax":[],"acf":[],"_links":{"self":[{"href":"https:\/\/www.medellin.gov.co\/es\/wp-json\/wp\/v2\/posts\/415822"}],"collection":[{"href":"https:\/\/www.medellin.gov.co\/es\/wp-json\/wp\/v2\/posts"}],"about":[{"href":"https:\/\/www.medellin.gov.co\/es\/wp-json\/wp\/v2\/types\/post"}],"author":[{"embeddable":true,"href":"https:\/\/www.medellin.gov.co\/es\/wp-json\/wp\/v2\/users\/21"}],"replies":[{"embeddable":true,"href":"https:\/\/www.medellin.gov.co\/es\/wp-json\/wp\/v2\/comments?post=415822"}],"version-history":[{"count":1,"href":"https:\/\/www.medellin.gov.co\/es\/wp-json\/wp\/v2\/posts\/415822\/revisions"}],"predecessor-version":[{"id":415824,"href":"https:\/\/www.medellin.gov.co\/es\/wp-json\/wp\/v2\/posts\/415822\/revisions\/415824"}],"wp:featuredmedia":[{"embeddable":true,"href":"https:\/\/www.medellin.gov.co\/es\/wp-json\/wp\/v2\/media\/415788"}],"wp:attachment":[{"href":"https:\/\/www.medellin.gov.co\/es\/wp-json\/wp\/v2\/media?parent=415822"}],"wp:term":[{"taxonomy":"category","embeddable":true,"href":"https:\/\/www.medellin.gov.co\/es\/wp-json\/wp\/v2\/categories?post=415822"},{"taxonomy":"post_tag","embeddable":true,"href":"https:\/\/www.medellin.gov.co\/es\/wp-json\/wp\/v2\/tags?post=415822"},{"taxonomy":"formato_nota","embeddable":true,"href":"https:\/\/www.medellin.gov.co\/es\/wp-json\/wp\/v2\/formato_nota?post=415822"},{"taxonomy":"programas_tax","embeddable":true,"href":"https:\/\/www.medellin.gov.co\/es\/wp-json\/wp\/v2\/programas_tax?post=415822"}],"curies":[{"name":"wp","href":"https:\/\/api.w.org\/{rel}","templated":true}]}}