{"id":415827,"date":"2025-05-29T10:35:47","date_gmt":"2025-05-29T15:35:47","guid":{"rendered":"https:\/\/www.medellin.gov.co\/es\/?p=415827"},"modified":"2025-05-29T10:35:47","modified_gmt":"2025-05-29T15:35:47","slug":"la-venta-de-vivienda-nueva-en-medellin-crece-24-9-gracias-a-colaboracion-entre-la-administracion-distrital-y-el-sector-privado","status":"publish","type":"post","link":"https:\/\/www.medellin.gov.co\/es\/sala-de-prensa\/noticias\/la-venta-de-vivienda-nueva-en-medellin-crece-24-9-gracias-a-colaboracion-entre-la-administracion-distrital-y-el-sector-privado\/","title":{"rendered":"La venta de vivienda nueva en Medell\u00edn crece 24.9 %, gracias a colaboraci\u00f3n entre la Administraci\u00f3n Distrital y el sector privado"},"content":{"rendered":"<ul>\n<li>\u2018Compra tu Casa\u2019 y \u2018Vivienda, un Proyecto Familiar\u2019 son estrategias de la Administraci\u00f3n Distrital que facilitan el acceso a un techo propio.<\/li>\n<li>En marzo pasado, con la feria Expoinmobiliaria, se vendieron 610 soluciones, una cifra que no se ve\u00eda hace m\u00e1s de dos a\u00f1os.<\/li>\n<\/ul>\n<!--[if lt IE 9]><script>document.createElement('audio');<\/script><![endif]-->\n\t<div class=\"wp-playlist wp-audio-playlist wp-playlist-light\">\n\t\t\t<div class=\"wp-playlist-current-item\"><\/div>\n\t\t<audio controls=\"controls\" preload=\"none\" width=\"640\"\n\t\t\t><\/audio>\n\t<div class=\"wp-playlist-next\"><\/div>\n\t<div class=\"wp-playlist-prev\"><\/div>\n\t<noscript>\n\t<ol>\n\t\t<li><a href='https:\/\/www.medellin.gov.co\/es\/wp-content\/uploads\/2025\/05\/Audio-Declaraciones-de-la-directora-de-Isvimed-Valentina-Aguilar-Ramirez.mp3'>Audio Declaraciones de la directora de Isvimed, Valentina Aguilar Ram\u00edrez<\/a><\/li>\t<\/ol>\n\t<\/noscript>\n\t<script type=\"application\/json\" class=\"wp-playlist-script\">{\"type\":\"audio\",\"tracklist\":true,\"tracknumbers\":true,\"images\":true,\"artists\":true,\"tracks\":[{\"src\":\"https:\\\/\\\/www.medellin.gov.co\\\/es\\\/wp-content\\\/uploads\\\/2025\\\/05\\\/Audio-Declaraciones-de-la-directora-de-Isvimed-Valentina-Aguilar-Ramirez.mp3\",\"type\":\"audio\\\/mpeg\",\"title\":\"Audio Declaraciones de la directora de Isvimed, Valentina Aguilar Ram\\u00edrez\",\"caption\":\"Declaraciones de la directora de Isvimed, Valentina Aguilar Ram\\u00edrez\",\"description\":\"\\u00abAudio Declaraciones de la directora de Isvimed, Valentina Aguilar Ram\\u00edrez\\u00bb. \",\"meta\":{\"genre\":\"Blues\",\"length_formatted\":\"0:58\"},\"image\":{\"src\":\"https:\\\/\\\/www.medellin.gov.co\\\/es\\\/wp-includes\\\/images\\\/media\\\/audio.png\",\"width\":48,\"height\":64},\"thumb\":{\"src\":\"https:\\\/\\\/www.medellin.gov.co\\\/es\\\/wp-includes\\\/images\\\/media\\\/audio.png\",\"width\":48,\"height\":64}}]}<\/script>\n<\/div>\n\t\n<p>El alza de 24.9 % en la venta de vivienda nueva en Medell\u00edn se ha visto influenciada por varios factores relevantes, entre los que se destaca el trabajo articulado entre el sector p\u00fablico y el privado, lo que ha hecho posible la entrega de 1.355 unidades habitacionales, seg\u00fan Camacol Antioquia.<\/p>\n<p>Este incremento se da, en parte, por el impulso de las pol\u00edticas de vivienda y una mayor confianza en la Administraci\u00f3n Distrital y en el sector, adem\u00e1s de condiciones favorables, como la reducci\u00f3n de las tasas de inter\u00e9s en cr\u00e9dito hipotecario, tanto para Vivienda de Inter\u00e9s Social (VIS) como para No VIS.<\/p>\n<p><a href=\"https:\/\/www.medellin.gov.co\/es\/wp-content\/uploads\/2025\/05\/Imagen-panoramica-de-soluciones-de-vivienda-2.jpg\" target=\"_blank\" rel=\"noopener\"><img loading=\"lazy\" class=\"alignnone wp-image-415813 size-full\" src=\"https:\/\/www.medellin.gov.co\/es\/wp-content\/uploads\/2025\/05\/Imagen-panoramica-de-soluciones-de-vivienda-2.jpg\" alt=\"Imagen panor\u00e1mica de soluciones de vivienda\" width=\"1012\" height=\"760\" srcset=\"https:\/\/www.medellin.gov.co\/es\/wp-content\/uploads\/2025\/05\/Imagen-panoramica-de-soluciones-de-vivienda-2.jpg 1012w, https:\/\/www.medellin.gov.co\/es\/wp-content\/uploads\/2025\/05\/Imagen-panoramica-de-soluciones-de-vivienda-2-300x225.jpg 300w, https:\/\/www.medellin.gov.co\/es\/wp-content\/uploads\/2025\/05\/Imagen-panoramica-de-soluciones-de-vivienda-2-150x113.jpg 150w, https:\/\/www.medellin.gov.co\/es\/wp-content\/uploads\/2025\/05\/Imagen-panoramica-de-soluciones-de-vivienda-2-768x577.jpg 768w\" sizes=\"(max-width: 1012px) 100vw, 1012px\" \/><\/a><\/p>\n<p>La venta de Vivienda de Inter\u00e9s Social creci\u00f3 casi un 97 % y los desistimientos bajaron a la mitad. Solo en marzo, con la feria Expoinmobiliaria, se vendieron 610 soluciones, una cifra que no se ve\u00eda hace m\u00e1s de dos a\u00f1os. Esto es resultado de los esfuerzos econ\u00f3micos y los est\u00edmulos que desde la Alcald\u00eda de Medell\u00edn se impulsan, para que m\u00e1s familias puedan cumplir el sue\u00f1o de tener casa propia.<\/p>\n<p>La Administraci\u00f3n Distrital cuenta con diversas estrategias y programas de vivienda, como el subsidio Compra tu Casa, que entre 2024 y 2025 ha entregado unos $3.000 millones y a hoy cuenta con $9.300 millones priorizados para las familias m\u00e1s vulnerables. Este se encuentra vigente y las postulaciones se realizan a trav\u00e9s de <a href=\"http:\/\/www.isvimed.gov.co\" target=\"_blank\" rel=\"noopener\">www.isvimed.gov.co<\/a>.<\/p>\n<p><a href=\"https:\/\/www.medellin.gov.co\/es\/wp-content\/uploads\/2025\/05\/Imagen-panoramica-de-soluciones-de-vivienda-3.jpg\" target=\"_blank\" rel=\"noopener\"><img loading=\"lazy\" class=\"alignnone wp-image-415812 size-full\" src=\"https:\/\/www.medellin.gov.co\/es\/wp-content\/uploads\/2025\/05\/Imagen-panoramica-de-soluciones-de-vivienda-3.jpg\" alt=\"Imagen panor\u00e1mica de soluciones de vivienda\" width=\"1141\" height=\"760\" srcset=\"https:\/\/www.medellin.gov.co\/es\/wp-content\/uploads\/2025\/05\/Imagen-panoramica-de-soluciones-de-vivienda-3.jpg 1141w, https:\/\/www.medellin.gov.co\/es\/wp-content\/uploads\/2025\/05\/Imagen-panoramica-de-soluciones-de-vivienda-3-300x200.jpg 300w, https:\/\/www.medellin.gov.co\/es\/wp-content\/uploads\/2025\/05\/Imagen-panoramica-de-soluciones-de-vivienda-3-1024x682.jpg 1024w, https:\/\/www.medellin.gov.co\/es\/wp-content\/uploads\/2025\/05\/Imagen-panoramica-de-soluciones-de-vivienda-3-150x100.jpg 150w, https:\/\/www.medellin.gov.co\/es\/wp-content\/uploads\/2025\/05\/Imagen-panoramica-de-soluciones-de-vivienda-3-768x512.jpg 768w\" sizes=\"(max-width: 1141px) 100vw, 1141px\" \/><\/a><\/p>\n<p>\u201cCon la estrategia \u2018Vivienda, un Proyecto Familiar\u2019, estamos preparando a las familias para que puedan comprar una vivienda legal; con talleres y asesor\u00edas personalizadas, permiti\u00e9ndoles fortalecer sus capacidades financieras, obtener herramientas de ahorro y recibir informaci\u00f3n sobre los diferentes subsidios\u201d, dijo la directora de Isvimed, Valentina Aguilar Ram\u00edrez.<\/p>\n<p>Gracias a la articulaci\u00f3n entre el sector privado y el p\u00fablico, junto con programas de apoyo y est\u00edmulos econ\u00f3micos, se consolida una tendencia positiva en el sector de la construcci\u00f3n y la vivienda, para seguir creciendo y beneficiando a las familias m\u00e1s vulnerables.<\/p>\n","protected":false},"excerpt":{"rendered":"<p>\u2018Compra tu Casa\u2019 y \u2018Vivienda, un Proyecto Familiar\u2019 son estrategias de la Administraci\u00f3n Distrital que facilitan el acceso a un techo propio. En marzo pasado, con la feria Expoinmobiliaria, se vendieron 610 soluciones, una cifra &#8230;<\/p>\n","protected":false},"author":21,"featured_media":415816,"comment_status":"open","ping_status":"open","sticky":false,"template":"","format":"standard","meta":[],"categories":[17],"tags":[451,634,442],"formato_nota":[],"programas_tax":[],"acf":[],"_links":{"self":[{"href":"https:\/\/www.medellin.gov.co\/es\/wp-json\/wp\/v2\/posts\/415827"}],"collection":[{"href":"https:\/\/www.medellin.gov.co\/es\/wp-json\/wp\/v2\/posts"}],"about":[{"href":"https:\/\/www.medellin.gov.co\/es\/wp-json\/wp\/v2\/types\/post"}],"author":[{"embeddable":true,"href":"https:\/\/www.medellin.gov.co\/es\/wp-json\/wp\/v2\/users\/21"}],"replies":[{"embeddable":true,"href":"https:\/\/www.medellin.gov.co\/es\/wp-json\/wp\/v2\/comments?post=415827"}],"version-history":[{"count":1,"href":"https:\/\/www.medellin.gov.co\/es\/wp-json\/wp\/v2\/posts\/415827\/revisions"}],"predecessor-version":[{"id":415830,"href":"https:\/\/www.medellin.gov.co\/es\/wp-json\/wp\/v2\/posts\/415827\/revisions\/415830"}],"wp:featuredmedia":[{"embeddable":true,"href":"https:\/\/www.medellin.gov.co\/es\/wp-json\/wp\/v2\/media\/415816"}],"wp:attachment":[{"href":"https:\/\/www.medellin.gov.co\/es\/wp-json\/wp\/v2\/media?parent=415827"}],"wp:term":[{"taxonomy":"category","embeddable":true,"href":"https:\/\/www.medellin.gov.co\/es\/wp-json\/wp\/v2\/categories?post=415827"},{"taxonomy":"post_tag","embeddable":true,"href":"https:\/\/www.medellin.gov.co\/es\/wp-json\/wp\/v2\/tags?post=415827"},{"taxonomy":"formato_nota","embeddable":true,"href":"https:\/\/www.medellin.gov.co\/es\/wp-json\/wp\/v2\/formato_nota?post=415827"},{"taxonomy":"programas_tax","embeddable":true,"href":"https:\/\/www.medellin.gov.co\/es\/wp-json\/wp\/v2\/programas_tax?post=415827"}],"curies":[{"name":"wp","href":"https:\/\/api.w.org\/{rel}","templated":true}]}}