{"id":418129,"date":"2025-06-06T12:45:58","date_gmt":"2025-06-06T17:45:58","guid":{"rendered":"https:\/\/www.medellin.gov.co\/es\/?p=418129"},"modified":"2025-06-06T12:46:46","modified_gmt":"2025-06-06T17:46:46","slug":"medellin-marco-un-hito-para-la-ciencia-y-la-diplomacia-cientifica-en-el-pais-con-el-ctei-global-2025","status":"publish","type":"post","link":"https:\/\/www.medellin.gov.co\/es\/sala-de-prensa\/noticias\/medellin-marco-un-hito-para-la-ciencia-y-la-diplomacia-cientifica-en-el-pais-con-el-ctei-global-2025\/","title":{"rendered":"Medell\u00edn marc\u00f3 un hito para la ciencia y la diplomacia cient\u00edfica en el pa\u00eds, con el CTeI Global 2025"},"content":{"rendered":"<ul>\n<li>El evento dej\u00f3 un acuerdo de voluntades para construir una pol\u00edtica de diplomacia cient\u00edfica con impacto global desde <a href=\"https:\/\/antioquia.gov.co\/\" target=\"_blank\" rel=\"noopener\">Antioquia<\/a>.<\/li>\n<li>Ruta N fue sede y aliada estrat\u00e9gica del encuentro, que reuni\u00f3 a l\u00edderes nacionales e internacionales de ciencia, tecnolog\u00eda e innovaci\u00f3n.<\/li>\n<\/ul>\n<!--[if lt IE 9]><script>document.createElement('audio');<\/script><![endif]-->\n\t<div class=\"wp-playlist wp-audio-playlist wp-playlist-light\">\n\t\t\t<div class=\"wp-playlist-current-item\"><\/div>\n\t\t<audio controls=\"controls\" preload=\"none\" width=\"640\"\n\t\t\t><\/audio>\n\t<div class=\"wp-playlist-next\"><\/div>\n\t<div class=\"wp-playlist-prev\"><\/div>\n\t<noscript>\n\t<ol>\n\t\t<li><a href='https:\/\/www.medellin.gov.co\/es\/wp-content\/uploads\/2025\/06\/Audio-Declaraciones-de-la-directora-ejecutiva-de-Ruta-N-Carolina-Londono.mp3'>Audio Declaraciones de la directora ejecutiva de Ruta N, Carolina Londo\u00f1o<\/a><\/li><li><a href='https:\/\/www.medellin.gov.co\/es\/wp-content\/uploads\/2025\/06\/Audio-Declaraciones-de-Carolina-Vizcaino-vicerrectora-de-Investigaciones-de-la-Universidad-El-Bosque.mp3'>Audio Declaraciones de Carolina Vizca\u00edno, vicerrectora de Investigaciones de la Universidad El Bosque<\/a><\/li>\t<\/ol>\n\t<\/noscript>\n\t<script type=\"application\/json\" class=\"wp-playlist-script\">{\"type\":\"audio\",\"tracklist\":true,\"tracknumbers\":true,\"images\":true,\"artists\":true,\"tracks\":[{\"src\":\"https:\\\/\\\/www.medellin.gov.co\\\/es\\\/wp-content\\\/uploads\\\/2025\\\/06\\\/Audio-Declaraciones-de-la-directora-ejecutiva-de-Ruta-N-Carolina-Londono.mp3\",\"type\":\"audio\\\/mpeg\",\"title\":\"Audio Declaraciones de la directora ejecutiva de Ruta N, Carolina Londo\\u00f1o\",\"caption\":\"Declaraciones de la directora ejecutiva de Ruta N, Carolina Londo\\u00f1o\",\"description\":\"\\u00abAudio Declaraciones de la directora ejecutiva de Ruta N, Carolina Londo\\u00f1o\\u00bb. \",\"meta\":{\"genre\":\"Blues\",\"length_formatted\":\"0:45\"},\"image\":{\"src\":\"https:\\\/\\\/www.medellin.gov.co\\\/es\\\/wp-includes\\\/images\\\/media\\\/audio.png\",\"width\":48,\"height\":64},\"thumb\":{\"src\":\"https:\\\/\\\/www.medellin.gov.co\\\/es\\\/wp-includes\\\/images\\\/media\\\/audio.png\",\"width\":48,\"height\":64}},{\"src\":\"https:\\\/\\\/www.medellin.gov.co\\\/es\\\/wp-content\\\/uploads\\\/2025\\\/06\\\/Audio-Declaraciones-de-Carolina-Vizcaino-vicerrectora-de-Investigaciones-de-la-Universidad-El-Bosque.mp3\",\"type\":\"audio\\\/mpeg\",\"title\":\"Audio Declaraciones de Carolina Vizca\\u00edno, vicerrectora de Investigaciones de la Universidad El Bosque\",\"caption\":\"Declaraciones de Carolina Vizca\\u00edno, vicerrectora de Investigaciones de la Universidad El Bosque\",\"description\":\"\\u00abAudio Declaraciones de Carolina Vizca\\u00edno, vicerrectora de Investigaciones de la Universidad El Bosque\\u00bb. \",\"meta\":{\"genre\":\"Blues\",\"length_formatted\":\"0:57\"},\"image\":{\"src\":\"https:\\\/\\\/www.medellin.gov.co\\\/es\\\/wp-includes\\\/images\\\/media\\\/audio.png\",\"width\":48,\"height\":64},\"thumb\":{\"src\":\"https:\\\/\\\/www.medellin.gov.co\\\/es\\\/wp-includes\\\/images\\\/media\\\/audio.png\",\"width\":48,\"height\":64}}]}<\/script>\n<\/div>\n\t\n<p>Medell\u00edn fue sede por primera vez del evento CTeI Global 2025, iniciativa de la Universidad El Bosque y la Asociaci\u00f3n Colombiana de Universidades (ASCUN), que en su tercera edici\u00f3n se traslad\u00f3 de Bogot\u00e1 a las regiones para fortalecer el ecosistema de ciencia, tecnolog\u00eda e innovaci\u00f3n desde una mirada descentralizada y colaborativa.<\/p>\n<p>Es as\u00ed como, durante el 4 y 5 de junio, el Distrito se convirti\u00f3 en epicentro de conversaciones clave para proyectar la ciencia como un lenguaje com\u00fan entre gobiernos, academia, empresas y ciudadan\u00eda, con la mirada puesta en desaf\u00edos locales y globales, que exigen cooperaci\u00f3n y prop\u00f3sito colectivo, permeados por la sostenibilidad, la toma de decisiones basadas en evidencia y la proyecci\u00f3n internacional del conocimiento generado en el pa\u00eds.<\/p>\n<p><a href=\"https:\/\/www.medellin.gov.co\/es\/wp-content\/uploads\/2025\/06\/Imagen-de-panelistas-del-evento-CTeI-Global-2025.jpg\" target=\"_blank\" rel=\"noopener\"><img loading=\"lazy\" class=\"alignnone wp-image-418068 size-full\" src=\"https:\/\/www.medellin.gov.co\/es\/wp-content\/uploads\/2025\/06\/Imagen-de-panelistas-del-evento-CTeI-Global-2025.jpg\" alt=\"Imagen de panelistas del evento CTeI Global 2025\" width=\"1280\" height=\"720\" srcset=\"https:\/\/www.medellin.gov.co\/es\/wp-content\/uploads\/2025\/06\/Imagen-de-panelistas-del-evento-CTeI-Global-2025.jpg 1280w, https:\/\/www.medellin.gov.co\/es\/wp-content\/uploads\/2025\/06\/Imagen-de-panelistas-del-evento-CTeI-Global-2025-300x169.jpg 300w, https:\/\/www.medellin.gov.co\/es\/wp-content\/uploads\/2025\/06\/Imagen-de-panelistas-del-evento-CTeI-Global-2025-1024x576.jpg 1024w, https:\/\/www.medellin.gov.co\/es\/wp-content\/uploads\/2025\/06\/Imagen-de-panelistas-del-evento-CTeI-Global-2025-150x84.jpg 150w, https:\/\/www.medellin.gov.co\/es\/wp-content\/uploads\/2025\/06\/Imagen-de-panelistas-del-evento-CTeI-Global-2025-768x432.jpg 768w\" sizes=\"(max-width: 1280px) 100vw, 1280px\" \/><\/a><\/p>\n<p>\u201c<em>Desde Ruta N reconocemos que la diplomacia cient\u00edfica es una herramienta estrat\u00e9gica para la toma de decisiones ante los desaf\u00edos globales, por eso nos unimos firmemente a la construcci\u00f3n de la hoja de ruta regional, que permitir\u00e1 conectar el conocimiento con estos desaf\u00edos<\/em>\u201d expres\u00f3 la directora ejecutiva de Ruta N, Carolina Londo\u00f1o.<\/p>\n<p>El evento se centr\u00f3 en tres ejes tem\u00e1ticos: One Health, Paz, e Inteligencia Artificial y Tecnolog\u00edas Emergentes. Estos reflejaron no solo los desaf\u00edos de nuestra \u00e9poca, sino tambi\u00e9n las apuestas que Medell\u00edn ha priorizado para crecer con equidad, sostenibilidad y apertura al mundo.<\/p>\n<p>Uno de los hitos fue el acuerdo de voluntades en el que se sum\u00f3 Ruta N, ITM, ACI Medell\u00edn, Universidad El Bosque, ASCUN y otras instituciones, con el que se busca avanzar en la consolidaci\u00f3n de una pol\u00edtica de diplomacia cient\u00edfica en Antioquia, con alcance global, que le permita a las universidades regionales y\u00a0gobiernos conectarse con datos y evidencia cient\u00edfica, permitiendo tomar decisiones acertadas desde la ciencia y la investigaci\u00f3n.<\/p>\n<p><a href=\"https:\/\/www.medellin.gov.co\/es\/wp-content\/uploads\/2025\/06\/Imagen-de-asistentes-al-evento-CTeI-Global-2025.jpg\" target=\"_blank\" rel=\"noopener\"><img loading=\"lazy\" class=\"alignnone wp-image-418050 size-full\" src=\"https:\/\/www.medellin.gov.co\/es\/wp-content\/uploads\/2025\/06\/Imagen-de-asistentes-al-evento-CTeI-Global-2025.jpg\" alt=\"Imagen de asistentes al evento CTeI Global 2025\" width=\"1280\" height=\"720\" srcset=\"https:\/\/www.medellin.gov.co\/es\/wp-content\/uploads\/2025\/06\/Imagen-de-asistentes-al-evento-CTeI-Global-2025.jpg 1280w, https:\/\/www.medellin.gov.co\/es\/wp-content\/uploads\/2025\/06\/Imagen-de-asistentes-al-evento-CTeI-Global-2025-300x169.jpg 300w, https:\/\/www.medellin.gov.co\/es\/wp-content\/uploads\/2025\/06\/Imagen-de-asistentes-al-evento-CTeI-Global-2025-1024x576.jpg 1024w, https:\/\/www.medellin.gov.co\/es\/wp-content\/uploads\/2025\/06\/Imagen-de-asistentes-al-evento-CTeI-Global-2025-150x84.jpg 150w, https:\/\/www.medellin.gov.co\/es\/wp-content\/uploads\/2025\/06\/Imagen-de-asistentes-al-evento-CTeI-Global-2025-768x432.jpg 768w\" sizes=\"(max-width: 1280px) 100vw, 1280px\" \/><\/a><\/p>\n<p>\u201c<em>Medell\u00edn nos presenta, por supuesto. Un escenario privilegiado, siendo un Distrito de ciencia, tecnolog\u00eda e innovaci\u00f3n, y nos presenta una buena pr\u00e1ctica para replicar y es trabajar conectados como ecosistema, no como individuos, no como protagonistas, sino como equipos<\/em>\u201d, coment\u00f3 Carolina Vizca\u00edno, vicerrectora de Investigaciones de la Universidad El Bosque.<\/p>\n<p>Con este paso, Medell\u00edn reafirma su apuesta por liderar desde el conocimiento, tendiendo puentes entre lo local y lo global, y fortaleciendo su posici\u00f3n como ciudad referente en ciencia, tecnolog\u00eda e innovaci\u00f3n al servicio del desarrollo sostenible y la equidad.<\/p>\n","protected":false},"excerpt":{"rendered":"<p>El evento dej\u00f3 un acuerdo de voluntades para construir una pol\u00edtica de diplomacia cient\u00edfica con impacto global desde Antioquia. Ruta N fue sede y aliada estrat\u00e9gica del encuentro, que reuni\u00f3 a l\u00edderes nacionales e internacionales &#8230;<\/p>\n","protected":false},"author":21,"featured_media":418051,"comment_status":"open","ping_status":"open","sticky":false,"template":"","format":"standard","meta":[],"categories":[17],"tags":[634],"formato_nota":[],"programas_tax":[],"acf":[],"_links":{"self":[{"href":"https:\/\/www.medellin.gov.co\/es\/wp-json\/wp\/v2\/posts\/418129"}],"collection":[{"href":"https:\/\/www.medellin.gov.co\/es\/wp-json\/wp\/v2\/posts"}],"about":[{"href":"https:\/\/www.medellin.gov.co\/es\/wp-json\/wp\/v2\/types\/post"}],"author":[{"embeddable":true,"href":"https:\/\/www.medellin.gov.co\/es\/wp-json\/wp\/v2\/users\/21"}],"replies":[{"embeddable":true,"href":"https:\/\/www.medellin.gov.co\/es\/wp-json\/wp\/v2\/comments?post=418129"}],"version-history":[{"count":1,"href":"https:\/\/www.medellin.gov.co\/es\/wp-json\/wp\/v2\/posts\/418129\/revisions"}],"predecessor-version":[{"id":418131,"href":"https:\/\/www.medellin.gov.co\/es\/wp-json\/wp\/v2\/posts\/418129\/revisions\/418131"}],"wp:featuredmedia":[{"embeddable":true,"href":"https:\/\/www.medellin.gov.co\/es\/wp-json\/wp\/v2\/media\/418051"}],"wp:attachment":[{"href":"https:\/\/www.medellin.gov.co\/es\/wp-json\/wp\/v2\/media?parent=418129"}],"wp:term":[{"taxonomy":"category","embeddable":true,"href":"https:\/\/www.medellin.gov.co\/es\/wp-json\/wp\/v2\/categories?post=418129"},{"taxonomy":"post_tag","embeddable":true,"href":"https:\/\/www.medellin.gov.co\/es\/wp-json\/wp\/v2\/tags?post=418129"},{"taxonomy":"formato_nota","embeddable":true,"href":"https:\/\/www.medellin.gov.co\/es\/wp-json\/wp\/v2\/formato_nota?post=418129"},{"taxonomy":"programas_tax","embeddable":true,"href":"https:\/\/www.medellin.gov.co\/es\/wp-json\/wp\/v2\/programas_tax?post=418129"}],"curies":[{"name":"wp","href":"https:\/\/api.w.org\/{rel}","templated":true}]}}