{"id":418133,"date":"2025-06-06T13:00:37","date_gmt":"2025-06-06T18:00:37","guid":{"rendered":"https:\/\/www.medellin.gov.co\/es\/?p=418133"},"modified":"2025-06-06T13:00:37","modified_gmt":"2025-06-06T18:00:37","slug":"medellin-les-hace-frente-a-puntos-criticos-por-lluvias-mas-de-53-750-metros-cubicos-de-material-han-sido-removidos","status":"publish","type":"post","link":"https:\/\/www.medellin.gov.co\/es\/sala-de-prensa\/noticias\/medellin-les-hace-frente-a-puntos-criticos-por-lluvias-mas-de-53-750-metros-cubicos-de-material-han-sido-removidos\/","title":{"rendered":"Medell\u00edn les hace frente a puntos cr\u00edticos por lluvias: m\u00e1s de 53.750 metros c\u00fabicos de material han sido removidos"},"content":{"rendered":"<ul>\n<li>Entre los m\u00e1s afectados est\u00e1n: Los Balsos, El Popular y los corregimientos San Antonio de Prado, San Crist\u00f3bal, Altavista y Santa Elena.<\/li>\n<li>En la Loma de Los Balsos, hasta la fecha, la Alcald\u00eda ha retirado 35.486 m\u00b3 de material, equivalentes a 2.136 viajes de volquetas.<\/li>\n<li>Van 1.297 emergencias atendidas por el DAGRD debido a las lluvias.<\/li>\n<\/ul>\n<!--[if lt IE 9]><script>document.createElement('audio');<\/script><![endif]-->\n\t<div class=\"wp-playlist wp-audio-playlist wp-playlist-light\">\n\t\t\t<div class=\"wp-playlist-current-item\"><\/div>\n\t\t<audio controls=\"controls\" preload=\"none\" width=\"640\"\n\t\t\t><\/audio>\n\t<div class=\"wp-playlist-next\"><\/div>\n\t<div class=\"wp-playlist-prev\"><\/div>\n\t<noscript>\n\t<ol>\n\t\t<li><a href='https:\/\/www.medellin.gov.co\/es\/wp-content\/uploads\/2025\/06\/Audio-Declaraciones-del-secretario-de-Infraestructura-Fisica-Jaime-Andres-Naranjo-Medina-1.mp3'>Audio Declaraciones del secretario de Infraestructura F\u00edsica, Jaime Andr\u00e9s Naranjo Medina<\/a><\/li><li><a href='https:\/\/www.medellin.gov.co\/es\/wp-content\/uploads\/2025\/06\/Audio-Declaraciones-del-director-del-DAGRD-Carlos-Andres-Quintero-Monsalve.mp3'>Audio Declaraciones del director del DAGRD, Carlos Andr\u00e9s Quintero Monsalve<\/a><\/li>\t<\/ol>\n\t<\/noscript>\n\t<script type=\"application\/json\" class=\"wp-playlist-script\">{\"type\":\"audio\",\"tracklist\":true,\"tracknumbers\":true,\"images\":true,\"artists\":true,\"tracks\":[{\"src\":\"https:\\\/\\\/www.medellin.gov.co\\\/es\\\/wp-content\\\/uploads\\\/2025\\\/06\\\/Audio-Declaraciones-del-secretario-de-Infraestructura-Fisica-Jaime-Andres-Naranjo-Medina-1.mp3\",\"type\":\"audio\\\/mpeg\",\"title\":\"Audio Declaraciones del secretario de Infraestructura F\\u00edsica, Jaime Andr\\u00e9s Naranjo Medina\",\"caption\":\"Declaraciones del secretario de Infraestructura F\\u00edsica, Jaime Andr\\u00e9s Naranjo Medina\",\"description\":\"\\u00abAudio Declaraciones del secretario de Infraestructura F\\u00edsica, Jaime Andr\\u00e9s Naranjo Medina\\u00bb.\",\"meta\":{\"year\":\"1904\",\"length_formatted\":\"3:33\"},\"image\":{\"src\":\"https:\\\/\\\/www.medellin.gov.co\\\/es\\\/wp-includes\\\/images\\\/media\\\/audio.png\",\"width\":48,\"height\":64},\"thumb\":{\"src\":\"https:\\\/\\\/www.medellin.gov.co\\\/es\\\/wp-includes\\\/images\\\/media\\\/audio.png\",\"width\":48,\"height\":64}},{\"src\":\"https:\\\/\\\/www.medellin.gov.co\\\/es\\\/wp-content\\\/uploads\\\/2025\\\/06\\\/Audio-Declaraciones-del-director-del-DAGRD-Carlos-Andres-Quintero-Monsalve.mp3\",\"type\":\"audio\\\/mpeg\",\"title\":\"Audio Declaraciones del director del DAGRD, Carlos Andr\\u00e9s Quintero Monsalve\",\"caption\":\"Declaraciones del director del DAGRD, Carlos Andr\\u00e9s Quintero Monsalve\",\"description\":\"\\u00abAudio Declaraciones del director del DAGRD, Carlos Andr\\u00e9s Quintero Monsalve\\u00bb. G\\u00e9nero: Blues.\",\"meta\":{\"genre\":\"Blues\",\"length_formatted\":\"3:17\"},\"image\":{\"src\":\"https:\\\/\\\/www.medellin.gov.co\\\/es\\\/wp-includes\\\/images\\\/media\\\/audio.png\",\"width\":48,\"height\":64},\"thumb\":{\"src\":\"https:\\\/\\\/www.medellin.gov.co\\\/es\\\/wp-includes\\\/images\\\/media\\\/audio.png\",\"width\":48,\"height\":64}}]}<\/script>\n<\/div>\n\t\n<p>La Alcald\u00eda de Medell\u00edn ha ejecutado importantes acciones para atender las emergencias, mediante monitoreos realizados por el DAGRD y la remoci\u00f3n de material a cargo de la Secretar\u00eda de Infraestructura F\u00edsica, con el fin de habilitar puntos cr\u00edticos, as\u00ed como garantizar la seguridad y proteger la vida de los ciudadanos.<\/p>\n<p>A la fecha, la Administraci\u00f3n ha atendido 1.297 emergencias por lluvias, solo en mayo fueron 650. En lo que va del a\u00f1o se han presentado m\u00e1s de 780 evacuaciones entre temporales y definitivas. Estas eventualidades son intervenidas en las zonas urbanas y rurales, con la participaci\u00f3n de, aproximadamente, 300 personas.<\/p>\n<p>La Secretar\u00eda de Infraestructura F\u00edsica adelanta acciones en San Antonio de Prado, donde ha removido m\u00e1s de 10.530 metros c\u00fabicos (m\u00b3) de material y atendido siete veredas. En Altavista, retir\u00f3 m\u00e1s de 7.100 m\u00b3, habilitando el acceso a 13 sectores. En San Crist\u00f3bal, intervino tres veredas, con la extracci\u00f3n de m\u00e1s de 270 m\u00b3, mientras que en Santa Elena atendi\u00f3 una vereda, recogiendo 10 m\u00b3. En el \u00e1rea urbana, la Alcald\u00eda de Medell\u00edn realiza intervenciones en sectores como El Popular, El Poblado, Llanaditas y la zona industrial, donde se han separado m\u00e1s de 354 m\u00b3.<\/p>\n<p><img loading=\"lazy\" class=\"alignnone wp-image-414941 size-full\" src=\"https:\/\/www.medellin.gov.co\/es\/wp-content\/uploads\/2025\/05\/Imagen-deslizamiento-en-Villatina-por-emergencia-climatica.jpg\" alt=\"Imagen deslizamiento en Villatina por emergencia clim\u00e1tica\" width=\"1056\" height=\"760\" srcset=\"https:\/\/www.medellin.gov.co\/es\/wp-content\/uploads\/2025\/05\/Imagen-deslizamiento-en-Villatina-por-emergencia-climatica.jpg 1056w, https:\/\/www.medellin.gov.co\/es\/wp-content\/uploads\/2025\/05\/Imagen-deslizamiento-en-Villatina-por-emergencia-climatica-300x216.jpg 300w, https:\/\/www.medellin.gov.co\/es\/wp-content\/uploads\/2025\/05\/Imagen-deslizamiento-en-Villatina-por-emergencia-climatica-1024x737.jpg 1024w, https:\/\/www.medellin.gov.co\/es\/wp-content\/uploads\/2025\/05\/Imagen-deslizamiento-en-Villatina-por-emergencia-climatica-150x108.jpg 150w, https:\/\/www.medellin.gov.co\/es\/wp-content\/uploads\/2025\/05\/Imagen-deslizamiento-en-Villatina-por-emergencia-climatica-768x553.jpg 768w\" sizes=\"(max-width: 1056px) 100vw, 1056px\" \/><\/p>\n<p>El secretario de Infraestructura F\u00edsica, Jaime Andr\u00e9s Naranjo Medina, expres\u00f3: \u00ab<em>Seguiremos trabajando en conjunto con las dem\u00e1s dependencias, coordinando esfuerzos para garantizar una respuesta eficiente en todos los puntos de las emergencias. Con estrategias colaborativas y una comunicaci\u00f3n constante, buscamos realizar una intervenci\u00f3n integral<\/em>\u201d.<\/p>\n<p>Por otra parte, uno de los puntos cr\u00edticos m\u00e1s significativos, por su magnitud, es el deslizamiento en la Loma de Los Balsos. Hasta la fecha, esta dependencia ha sustra\u00eddo 35.486 m\u00b3 de material, equivalentes a 2.136 viajes de volquetas. Adicionalmente, ha realizado la fractura controlada de 826 m\u00b3 de roca para facilitar su remoci\u00f3n.<\/p>\n<p>En la ladera de ese sector, de aproximadamente 160 m de altura, se realizan terraceos (espacios en forma de escalones) para retirar material suelto, reducir peso y estabilizar el terreno. Adicionalmente, la Secretar\u00eda ha instalado 350 metros de desag\u00fces horizontales y ha excavado 350 metros de zanjas para controlar aguas y estabilizar la monta\u00f1a.<\/p>\n<p><a href=\"https:\/\/www.medellin.gov.co\/es\/wp-content\/uploads\/2025\/05\/Imagen-moviemiento-de-escombros-Los-Balsos-.jpg\"><img loading=\"lazy\" class=\"alignnone size-full wp-image-411110\" src=\"https:\/\/www.medellin.gov.co\/es\/wp-content\/uploads\/2025\/05\/Imagen-moviemiento-de-escombros-Los-Balsos-.jpg\" alt=\"Imagen moviemiento de escombros Los Balsos\" width=\"1280\" height=\"720\" srcset=\"https:\/\/www.medellin.gov.co\/es\/wp-content\/uploads\/2025\/05\/Imagen-moviemiento-de-escombros-Los-Balsos-.jpg 1280w, https:\/\/www.medellin.gov.co\/es\/wp-content\/uploads\/2025\/05\/Imagen-moviemiento-de-escombros-Los-Balsos--300x169.jpg 300w, https:\/\/www.medellin.gov.co\/es\/wp-content\/uploads\/2025\/05\/Imagen-moviemiento-de-escombros-Los-Balsos--1024x576.jpg 1024w, https:\/\/www.medellin.gov.co\/es\/wp-content\/uploads\/2025\/05\/Imagen-moviemiento-de-escombros-Los-Balsos--150x84.jpg 150w, https:\/\/www.medellin.gov.co\/es\/wp-content\/uploads\/2025\/05\/Imagen-moviemiento-de-escombros-Los-Balsos--768x432.jpg 768w\" sizes=\"(max-width: 1280px) 100vw, 1280px\" \/><\/a><\/p>\n<p>Asimismo, expertos llevan a cabo estudios que incluyen perforaciones para analizar la estructura interna y definir las obras de estabilizaci\u00f3n. Con estos datos se estimar\u00e1 el cronograma requerido para habilitar la v\u00eda y el valor aproximado de la ejecuci\u00f3n. Preliminarmente, eval\u00faan la construcci\u00f3n de un relleno de la base, utilizando la roca extra\u00edda de la ladera como barrera de contenci\u00f3n y soluci\u00f3n basada en la naturaleza.<\/p>\n<p>En total, los equipos han trabajado en 37 zonas afectadas por deslizamientos, como parte del compromiso con la mitigaci\u00f3n de los efectos del <a href=\"https:\/\/www.un.org\/es\/climatechange\/what-is-climate-change#:~:text=El%20cambio%20clim%C3%A1tico%20se%20refiere,solar%20o%20erupciones%20volc%C3%A1nicas%20grandes.\" target=\"_blank\" rel=\"noopener\">cambio clim\u00e1tico<\/a>.<\/p>\n<p>\u201c<em>En Medell\u00edn se mantienen las lluvias, aunque bajan en cantidad, siendo julio y agosto los meses m\u00e1s secos del a\u00f1o. Es por eso que la invitaci\u00f3n es a mantener la alerta, a reportar cualquier anomal\u00eda en nuestras quebradas<\/em>\u201d, manifest\u00f3 el director del DAGRD, Carlos Andr\u00e9s Quintero Monsalve.<\/p>\n","protected":false},"excerpt":{"rendered":"<p>Entre los m\u00e1s afectados est\u00e1n: Los Balsos, El Popular y los corregimientos San Antonio de Prado, San Crist\u00f3bal, Altavista y Santa Elena. En la Loma de Los Balsos, hasta la fecha, la Alcald\u00eda ha retirado &#8230;<\/p>\n","protected":false},"author":21,"featured_media":413100,"comment_status":"open","ping_status":"open","sticky":false,"template":"","format":"standard","meta":[],"categories":[30,11],"tags":[451,442],"formato_nota":[],"programas_tax":[],"acf":[],"_links":{"self":[{"href":"https:\/\/www.medellin.gov.co\/es\/wp-json\/wp\/v2\/posts\/418133"}],"collection":[{"href":"https:\/\/www.medellin.gov.co\/es\/wp-json\/wp\/v2\/posts"}],"about":[{"href":"https:\/\/www.medellin.gov.co\/es\/wp-json\/wp\/v2\/types\/post"}],"author":[{"embeddable":true,"href":"https:\/\/www.medellin.gov.co\/es\/wp-json\/wp\/v2\/users\/21"}],"replies":[{"embeddable":true,"href":"https:\/\/www.medellin.gov.co\/es\/wp-json\/wp\/v2\/comments?post=418133"}],"version-history":[{"count":1,"href":"https:\/\/www.medellin.gov.co\/es\/wp-json\/wp\/v2\/posts\/418133\/revisions"}],"predecessor-version":[{"id":418135,"href":"https:\/\/www.medellin.gov.co\/es\/wp-json\/wp\/v2\/posts\/418133\/revisions\/418135"}],"wp:featuredmedia":[{"embeddable":true,"href":"https:\/\/www.medellin.gov.co\/es\/wp-json\/wp\/v2\/media\/413100"}],"wp:attachment":[{"href":"https:\/\/www.medellin.gov.co\/es\/wp-json\/wp\/v2\/media?parent=418133"}],"wp:term":[{"taxonomy":"category","embeddable":true,"href":"https:\/\/www.medellin.gov.co\/es\/wp-json\/wp\/v2\/categories?post=418133"},{"taxonomy":"post_tag","embeddable":true,"href":"https:\/\/www.medellin.gov.co\/es\/wp-json\/wp\/v2\/tags?post=418133"},{"taxonomy":"formato_nota","embeddable":true,"href":"https:\/\/www.medellin.gov.co\/es\/wp-json\/wp\/v2\/formato_nota?post=418133"},{"taxonomy":"programas_tax","embeddable":true,"href":"https:\/\/www.medellin.gov.co\/es\/wp-json\/wp\/v2\/programas_tax?post=418133"}],"curies":[{"name":"wp","href":"https:\/\/api.w.org\/{rel}","templated":true}]}}