{"id":418467,"date":"2025-06-09T15:12:43","date_gmt":"2025-06-09T20:12:43","guid":{"rendered":"https:\/\/www.medellin.gov.co\/es\/?p=418467"},"modified":"2025-06-09T15:12:43","modified_gmt":"2025-06-09T20:12:43","slug":"el-centro-de-medellin-celebro-mostrando-al-mundo-su-diversidad-cultural-y-gastronomica","status":"publish","type":"post","link":"https:\/\/www.medellin.gov.co\/es\/sala-de-prensa\/noticias\/el-centro-de-medellin-celebro-mostrando-al-mundo-su-diversidad-cultural-y-gastronomica\/","title":{"rendered":"El Centro de Medell\u00edn celebr\u00f3 mostrando al mundo su diversidad cultural y gastron\u00f3mica"},"content":{"rendered":"<ul>\n<li>Con \u00e9xito se llev\u00f3 a cabo la Semana del Centro, un evento liderado por la Alcald\u00eda de Medell\u00edn en sectores referentes de la <a href=\"https:\/\/www.medellin.gov.co\/ndesarrollo\/wp-content\/uploads\/2023\/03\/Tarjetones-Comuna-10-La-Candelaria.pdf\">comuna 10-La Candelaria<\/a> como Cedemoda, Plaza Botero y los parques Berr\u00edo, Boston y San Antonio.<\/li>\n<li>Se realizaron ferias gastron\u00f3micas, presentaciones culturales, intervenciones de ornato, aseo, oferta institucional y cont\u00f3 con la presencia de m\u00e1s de 1.000 personas.<\/li>\n<\/ul>\n<!--[if lt IE 9]><script>document.createElement('audio');<\/script><![endif]-->\n\t<div class=\"wp-playlist wp-audio-playlist wp-playlist-light\">\n\t\t\t<div class=\"wp-playlist-current-item\"><\/div>\n\t\t<audio controls=\"controls\" preload=\"none\" width=\"640\"\n\t\t\t><\/audio>\n\t<div class=\"wp-playlist-next\"><\/div>\n\t<div class=\"wp-playlist-prev\"><\/div>\n\t<noscript>\n\t<ol>\n\t\t<li><a href='https:\/\/www.medellin.gov.co\/es\/wp-content\/uploads\/2025\/06\/Declaraciones-gerente-del-Centro-y-Territorios-Estrategicos-Juliana-Coral-1.mp3'>Declaraciones gerente del Centro y Territorios Estrat\u00e9gicos, Juliana Coral<\/a><\/li>\t<\/ol>\n\t<\/noscript>\n\t<script type=\"application\/json\" class=\"wp-playlist-script\">{\"type\":\"audio\",\"tracklist\":true,\"tracknumbers\":true,\"images\":true,\"artists\":true,\"tracks\":[{\"src\":\"https:\\\/\\\/www.medellin.gov.co\\\/es\\\/wp-content\\\/uploads\\\/2025\\\/06\\\/Declaraciones-gerente-del-Centro-y-Territorios-Estrategicos-Juliana-Coral-1.mp3\",\"type\":\"audio\\\/mpeg\",\"title\":\"Declaraciones gerente del Centro y Territorios Estrat\\u00e9gicos, Juliana Coral\",\"caption\":\"\",\"description\":\"\\u00abDeclaraciones gerente del Centro y Territorios Estrat\\u00e9gicos, Juliana Coral\\u00bb\",\"meta\":{\"genre\":\"Blues\",\"length_formatted\":\"0:39\"},\"image\":{\"src\":\"https:\\\/\\\/www.medellin.gov.co\\\/es\\\/wp-includes\\\/images\\\/media\\\/audio.png\",\"width\":48,\"height\":64},\"thumb\":{\"src\":\"https:\\\/\\\/www.medellin.gov.co\\\/es\\\/wp-includes\\\/images\\\/media\\\/audio.png\",\"width\":48,\"height\":64}}]}<\/script>\n<\/div>\n\t\n<p>Como parte de la celebraci\u00f3n, que tambi\u00e9n incluy\u00f3 las avenidas Oriental y La Playa, lugares que la administraci\u00f3n busca proyectar como corredores importantes para el fortalecimiento de las vocaciones culturales y gastron\u00f3micas de la ciudad, se acompa\u00f1\u00f3 el Festival Candelaria Food Fest que se desarroll\u00f3 en Maracaibo, espacio en el que participaron 17 restaurantes y 25 emprendimientos.<\/p>\n<p><img loading=\"lazy\" class=\"alignnone wp-image-418469 size-full\" src=\"https:\/\/www.medellin.gov.co\/es\/wp-content\/uploads\/2025\/06\/Imagen-centro-Medellin-5.jpg\" alt=\"Imagen centro Medell\u00edn 5\" width=\"1133\" height=\"850\" srcset=\"https:\/\/www.medellin.gov.co\/es\/wp-content\/uploads\/2025\/06\/Imagen-centro-Medellin-5.jpg 1133w, https:\/\/www.medellin.gov.co\/es\/wp-content\/uploads\/2025\/06\/Imagen-centro-Medellin-5-300x225.jpg 300w, https:\/\/www.medellin.gov.co\/es\/wp-content\/uploads\/2025\/06\/Imagen-centro-Medellin-5-1024x768.jpg 1024w, https:\/\/www.medellin.gov.co\/es\/wp-content\/uploads\/2025\/06\/Imagen-centro-Medellin-5-150x113.jpg 150w, https:\/\/www.medellin.gov.co\/es\/wp-content\/uploads\/2025\/06\/Imagen-centro-Medellin-5-768x576.jpg 768w\" sizes=\"(max-width: 1133px) 100vw, 1133px\" \/><\/p>\n<p>All\u00ed se resalt\u00f3 la diversidad de sabores y talentos que se encuentran en el coraz\u00f3n de la ciudad.<\/p>\n<p>Simult\u00e1neamente, la alcald\u00eda realiz\u00f3 el lavado de zonas verdes, andenes, mobiliario p\u00fablico, pintura, barrido y recolecci\u00f3n de residuos; adem\u00e1s de programas deportivos, recreativos, sensibilizaciones, acceso a la oferta institucional y servicios de salud.<\/p>\n\n\t\t<style type=\"text\/css\">\n\t\t\t#gallery-1 {\n\t\t\t\tmargin: auto;\n\t\t\t}\n\t\t\t#gallery-1 .gallery-item {\n\t\t\t\tfloat: left;\n\t\t\t\tmargin-top: 10px;\n\t\t\t\ttext-align: center;\n\t\t\t\twidth: 50%;\n\t\t\t}\n\t\t\t#gallery-1 img {\n\t\t\t\tborder: 2px solid #cfcfcf;\n\t\t\t}\n\t\t\t#gallery-1 .gallery-caption {\n\t\t\t\tmargin-left: 0;\n\t\t\t}\n\t\t\t\/* see gallery_shortcode() in wp-includes\/media.php *\/\n\t\t<\/style>\n\t\t<div id='gallery-1' class='gallery galleryid-418467 gallery-columns-2 gallery-size-full'><dl class='gallery-item'>\n\t\t\t<dt class='gallery-icon landscape'>\n\t\t\t\t<a href='https:\/\/www.medellin.gov.co\/es\/sala-de-prensa\/noticias\/el-centro-de-medellin-celebro-mostrando-al-mundo-su-diversidad-cultural-y-gastronomica\/imagen-centro-medellin-3\/'><img width=\"1272\" height=\"850\" src=\"https:\/\/www.medellin.gov.co\/es\/wp-content\/uploads\/2025\/06\/Imagen-centro-Medellin-3.jpg\" class=\"attachment-full size-full\" alt=\"Imagen centro Medell\u00edn 3\" loading=\"lazy\" srcset=\"https:\/\/www.medellin.gov.co\/es\/wp-content\/uploads\/2025\/06\/Imagen-centro-Medellin-3.jpg 1272w, https:\/\/www.medellin.gov.co\/es\/wp-content\/uploads\/2025\/06\/Imagen-centro-Medellin-3-300x200.jpg 300w, https:\/\/www.medellin.gov.co\/es\/wp-content\/uploads\/2025\/06\/Imagen-centro-Medellin-3-1024x684.jpg 1024w, https:\/\/www.medellin.gov.co\/es\/wp-content\/uploads\/2025\/06\/Imagen-centro-Medellin-3-150x100.jpg 150w, https:\/\/www.medellin.gov.co\/es\/wp-content\/uploads\/2025\/06\/Imagen-centro-Medellin-3-768x513.jpg 768w\" sizes=\"(max-width: 1272px) 100vw, 1272px\" \/><\/a>\n\t\t\t<\/dt><\/dl><dl class='gallery-item'>\n\t\t\t<dt class='gallery-icon landscape'>\n\t\t\t\t<a href='https:\/\/www.medellin.gov.co\/es\/sala-de-prensa\/noticias\/el-centro-de-medellin-celebro-mostrando-al-mundo-su-diversidad-cultural-y-gastronomica\/imagen-centro-medellin-2\/'><img width=\"1272\" height=\"850\" src=\"https:\/\/www.medellin.gov.co\/es\/wp-content\/uploads\/2025\/06\/Imagen-centro-Medellin-2.jpg\" class=\"attachment-full size-full\" alt=\"Imagen centro Medell\u00edn 2\" loading=\"lazy\" srcset=\"https:\/\/www.medellin.gov.co\/es\/wp-content\/uploads\/2025\/06\/Imagen-centro-Medellin-2.jpg 1272w, https:\/\/www.medellin.gov.co\/es\/wp-content\/uploads\/2025\/06\/Imagen-centro-Medellin-2-300x200.jpg 300w, https:\/\/www.medellin.gov.co\/es\/wp-content\/uploads\/2025\/06\/Imagen-centro-Medellin-2-1024x684.jpg 1024w, https:\/\/www.medellin.gov.co\/es\/wp-content\/uploads\/2025\/06\/Imagen-centro-Medellin-2-150x100.jpg 150w, https:\/\/www.medellin.gov.co\/es\/wp-content\/uploads\/2025\/06\/Imagen-centro-Medellin-2-768x513.jpg 768w\" sizes=\"(max-width: 1272px) 100vw, 1272px\" \/><\/a>\n\t\t\t<\/dt><\/dl><br style=\"clear: both\" \/>\n\t\t<\/div>\n\n<p>Dentro de las actividades se destaca el traslado de 113 habitantes de calle a los Centros D\u00eda del Distrito.\u00a0 Bajo la campa\u00f1a Cada Latido Cuenta, el prop\u00f3sito es promover acciones de corresponsabilidad para cuidar el espacio p\u00fablico.<\/p>\n","protected":false},"excerpt":{"rendered":"<p>Con \u00e9xito se llev\u00f3 a cabo la Semana del Centro, un evento liderado por la Alcald\u00eda de Medell\u00edn en sectores referentes de la comuna 10-La Candelaria como Cedemoda, Plaza Botero y los parques Berr\u00edo, Boston &#8230;<\/p>\n","protected":false},"author":95,"featured_media":418476,"comment_status":"open","ping_status":"open","sticky":false,"template":"","format":"standard","meta":[],"categories":[23],"tags":[451,438,455],"formato_nota":[],"programas_tax":[],"acf":[],"_links":{"self":[{"href":"https:\/\/www.medellin.gov.co\/es\/wp-json\/wp\/v2\/posts\/418467"}],"collection":[{"href":"https:\/\/www.medellin.gov.co\/es\/wp-json\/wp\/v2\/posts"}],"about":[{"href":"https:\/\/www.medellin.gov.co\/es\/wp-json\/wp\/v2\/types\/post"}],"author":[{"embeddable":true,"href":"https:\/\/www.medellin.gov.co\/es\/wp-json\/wp\/v2\/users\/95"}],"replies":[{"embeddable":true,"href":"https:\/\/www.medellin.gov.co\/es\/wp-json\/wp\/v2\/comments?post=418467"}],"version-history":[{"count":1,"href":"https:\/\/www.medellin.gov.co\/es\/wp-json\/wp\/v2\/posts\/418467\/revisions"}],"predecessor-version":[{"id":418479,"href":"https:\/\/www.medellin.gov.co\/es\/wp-json\/wp\/v2\/posts\/418467\/revisions\/418479"}],"wp:featuredmedia":[{"embeddable":true,"href":"https:\/\/www.medellin.gov.co\/es\/wp-json\/wp\/v2\/media\/418476"}],"wp:attachment":[{"href":"https:\/\/www.medellin.gov.co\/es\/wp-json\/wp\/v2\/media?parent=418467"}],"wp:term":[{"taxonomy":"category","embeddable":true,"href":"https:\/\/www.medellin.gov.co\/es\/wp-json\/wp\/v2\/categories?post=418467"},{"taxonomy":"post_tag","embeddable":true,"href":"https:\/\/www.medellin.gov.co\/es\/wp-json\/wp\/v2\/tags?post=418467"},{"taxonomy":"formato_nota","embeddable":true,"href":"https:\/\/www.medellin.gov.co\/es\/wp-json\/wp\/v2\/formato_nota?post=418467"},{"taxonomy":"programas_tax","embeddable":true,"href":"https:\/\/www.medellin.gov.co\/es\/wp-json\/wp\/v2\/programas_tax?post=418467"}],"curies":[{"name":"wp","href":"https:\/\/api.w.org\/{rel}","templated":true}]}}