{"id":421285,"date":"2025-06-23T20:45:56","date_gmt":"2025-06-24T01:45:56","guid":{"rendered":"https:\/\/www.medellin.gov.co\/es\/?p=421285"},"modified":"2025-06-24T10:47:39","modified_gmt":"2025-06-24T15:47:39","slug":"medellin-protege-a-los-animales-estas-son-las-rutas-de-atencion-al-maltrato-animal","status":"publish","type":"post","link":"https:\/\/www.medellin.gov.co\/es\/sala-de-prensa\/noticias\/medellin-protege-a-los-animales-estas-son-las-rutas-de-atencion-al-maltrato-animal\/","title":{"rendered":"Medell\u00edn protege a los animales: estas son las rutas de atenci\u00f3n al maltrato animal"},"content":{"rendered":"<blockquote><p>La Alcald\u00eda de Medell\u00edn refuerza su compromiso con el bienestar animal mediante la activaci\u00f3n y divulgaci\u00f3n de cinco rutas oficiales de atenci\u00f3n frente al maltrato, abandono o tenencia inadecuada. Estas rutas permiten a la ciudadan\u00eda reportar situaciones cr\u00edticas y activar respuestas articuladas, inmediatas y eficaces que garanticen la vida de los animales en el Distrito.<\/p><\/blockquote>\n<p>Desde la Secretar\u00eda de Medio Ambiente de Medell\u00edn nos orientan sobre la forma de proceder cuando conozcamos casos de maltrato animal en la ciudad, con el fin de protegerlos en su integridad.<\/p>\n<h4><strong>Primera<\/strong> <strong>opci\u00f3n<\/strong><\/h4>\n<p>Una vez presentada la situaci\u00f3n usted debe comunicarse lo m\u00e1s pronto posible con la <strong>l\u00ednea 123 Ambiental<\/strong>. Este es el canal de atenci\u00f3n inmediata para casos de animales en alto grado de vulnerabilidad, abandonados, enfermos, heridos, en gestaci\u00f3n, cachorros, atropellados, caninos de manejo especial sin tutor y gatos ferales, los cuales ser\u00e1n atendidos a trav\u00e9s del proyecto de fauna dom\u00e9stica de la Alcald\u00eda de Medell\u00edn.<\/p>\n<p>Por su parte, la <strong>l\u00ednea 122<\/strong>, operada por la Fiscal\u00eda a trav\u00e9s del grupo GELMA, atiende los delitos graves como muerte, lesiones severas, crueldad o tr\u00e1fico ilegal de fauna silvestre.<\/p>\n\n\t\t<style type=\"text\/css\">\n\t\t\t#gallery-1 {\n\t\t\t\tmargin: auto;\n\t\t\t}\n\t\t\t#gallery-1 .gallery-item {\n\t\t\t\tfloat: left;\n\t\t\t\tmargin-top: 10px;\n\t\t\t\ttext-align: center;\n\t\t\t\twidth: 50%;\n\t\t\t}\n\t\t\t#gallery-1 img {\n\t\t\t\tborder: 2px solid #cfcfcf;\n\t\t\t}\n\t\t\t#gallery-1 .gallery-caption {\n\t\t\t\tmargin-left: 0;\n\t\t\t}\n\t\t\t\/* see gallery_shortcode() in wp-includes\/media.php *\/\n\t\t<\/style>\n\t\t<div id='gallery-1' class='gallery galleryid-421285 gallery-columns-2 gallery-size-full'><dl class='gallery-item'>\n\t\t\t<dt class='gallery-icon landscape'>\n\t\t\t\t<a href='https:\/\/www.medellin.gov.co\/es\/sala-de-prensa\/noticias\/medellin-protege-a-los-animales-estas-son-las-rutas-de-atencion-al-maltrato-animal\/imagen-perro-foto-3\/'><img width=\"1080\" height=\"720\" src=\"https:\/\/www.medellin.gov.co\/es\/wp-content\/uploads\/2025\/06\/Imagen-Perro-foto-3.jpg\" class=\"attachment-full size-full\" alt=\"Imagen Perro foto 3\" loading=\"lazy\" srcset=\"https:\/\/www.medellin.gov.co\/es\/wp-content\/uploads\/2025\/06\/Imagen-Perro-foto-3.jpg 1080w, https:\/\/www.medellin.gov.co\/es\/wp-content\/uploads\/2025\/06\/Imagen-Perro-foto-3-300x200.jpg 300w, https:\/\/www.medellin.gov.co\/es\/wp-content\/uploads\/2025\/06\/Imagen-Perro-foto-3-1024x683.jpg 1024w, https:\/\/www.medellin.gov.co\/es\/wp-content\/uploads\/2025\/06\/Imagen-Perro-foto-3-150x100.jpg 150w, https:\/\/www.medellin.gov.co\/es\/wp-content\/uploads\/2025\/06\/Imagen-Perro-foto-3-768x512.jpg 768w\" sizes=\"(max-width: 1080px) 100vw, 1080px\" \/><\/a>\n\t\t\t<\/dt><\/dl><dl class='gallery-item'>\n\t\t\t<dt class='gallery-icon landscape'>\n\t\t\t\t<a href='https:\/\/www.medellin.gov.co\/es\/sala-de-prensa\/noticias\/medellin-protege-a-los-animales-estas-son-las-rutas-de-atencion-al-maltrato-animal\/imagen-perico-foto-1\/'><img width=\"1080\" height=\"720\" src=\"https:\/\/www.medellin.gov.co\/es\/wp-content\/uploads\/2025\/06\/imagen-perico-foto-1.jpg\" class=\"attachment-full size-full\" alt=\"imagen perico foto 1\" loading=\"lazy\" srcset=\"https:\/\/www.medellin.gov.co\/es\/wp-content\/uploads\/2025\/06\/imagen-perico-foto-1.jpg 1080w, https:\/\/www.medellin.gov.co\/es\/wp-content\/uploads\/2025\/06\/imagen-perico-foto-1-300x200.jpg 300w, https:\/\/www.medellin.gov.co\/es\/wp-content\/uploads\/2025\/06\/imagen-perico-foto-1-1024x683.jpg 1024w, https:\/\/www.medellin.gov.co\/es\/wp-content\/uploads\/2025\/06\/imagen-perico-foto-1-150x100.jpg 150w, https:\/\/www.medellin.gov.co\/es\/wp-content\/uploads\/2025\/06\/imagen-perico-foto-1-768x512.jpg 768w\" sizes=\"(max-width: 1080px) 100vw, 1080px\" \/><\/a>\n\t\t\t<\/dt><\/dl><br style=\"clear: both\" \/>\n\t\t<\/div>\n\n<h4><strong>Segunda opci\u00f3n<\/strong><\/h4>\n<p>Tambi\u00e9n lo puede hacer mediante una ruta de tipo administrativo encabezada por la Inspecci\u00f3n de Polic\u00eda de Protecci\u00f3n Animal (IPPA), que tiene como funci\u00f3n la prevenci\u00f3n, verificaci\u00f3n y sanci\u00f3n de casos relacionados con el maltrato o la tenencia inadecuada de fauna dom\u00e9stica. Esta inspecci\u00f3n puede imponer medidas correctivas, incluidas multas entre los 5 y los 50 salarios m\u00ednimos legales mensuales vigentes (SMLMV). \u00a0<strong>Para comunicarse con ellos puede marcar el n\u00famero 604 385 5555 extensiones 9773 y 9763.<\/strong>Las denuncias pueden presentarse a trav\u00e9s del portal de PQRSD de la Alcald\u00eda de Medell\u00edn o en la Casa de Justicia El Bosque, piso 2, oficina 211, tel\u00e9fono <strong>604 4939760.<\/strong><\/p>\n<p><img loading=\"lazy\" class=\"alignnone size-full wp-image-421287\" src=\"https:\/\/www.medellin.gov.co\/es\/wp-content\/uploads\/2025\/06\/Imagen-Gato-foto-2.jpg\" alt=\"Imagen Gato foto 2\" width=\"761\" height=\"720\" srcset=\"https:\/\/www.medellin.gov.co\/es\/wp-content\/uploads\/2025\/06\/Imagen-Gato-foto-2.jpg 761w, https:\/\/www.medellin.gov.co\/es\/wp-content\/uploads\/2025\/06\/Imagen-Gato-foto-2-300x284.jpg 300w, https:\/\/www.medellin.gov.co\/es\/wp-content\/uploads\/2025\/06\/Imagen-Gato-foto-2-150x142.jpg 150w\" sizes=\"(max-width: 761px) 100vw, 761px\" \/><\/p>\n<h4><strong>Tercera opci\u00f3n<\/strong><\/h4>\n<p>Finalmente, el \u00c1rea Metropolitana del Valle de Aburr\u00e1 dispone de una ruta especializada para atender emergencias con fauna silvestre que pueda estar en riesgo por tr\u00e1fico ilegal, accidentes o desplazamiento a zonas urbanas.<\/p>\n<p>Las l\u00edneas habilitadas para esto son: <strong>304 630 0090<\/strong> para emergencias y el <strong>604 385 6000<\/strong>, <strong>ext. 127<\/strong>, para reportes.<\/p>\n<p><img loading=\"lazy\" class=\"alignnone size-full wp-image-404178\" src=\"https:\/\/www.medellin.gov.co\/es\/wp-content\/uploads\/2025\/04\/Imagen-propietario-de-mascota-carga-a-su-perro.jpg\" alt=\"Imagen propietario de mascota carga a su perro\" width=\"996\" height=\"760\" srcset=\"https:\/\/www.medellin.gov.co\/es\/wp-content\/uploads\/2025\/04\/Imagen-propietario-de-mascota-carga-a-su-perro.jpg 996w, https:\/\/www.medellin.gov.co\/es\/wp-content\/uploads\/2025\/04\/Imagen-propietario-de-mascota-carga-a-su-perro-300x229.jpg 300w, https:\/\/www.medellin.gov.co\/es\/wp-content\/uploads\/2025\/04\/Imagen-propietario-de-mascota-carga-a-su-perro-150x114.jpg 150w, https:\/\/www.medellin.gov.co\/es\/wp-content\/uploads\/2025\/04\/Imagen-propietario-de-mascota-carga-a-su-perro-768x586.jpg 768w\" sizes=\"(max-width: 996px) 100vw, 996px\" \/><\/p>\n<p>De esta manera, Medell\u00edn avanza hacia una ciudad que defiende la vida en todas sus formas y en este caso, lo hace promoviendo una cultura de empat\u00eda, legalidad y corresponsabilidad con los animales que habitan nuestra ciudad y nuestro campo.<\/p>\n","protected":false},"excerpt":{"rendered":"<p>La Alcald\u00eda de Medell\u00edn refuerza su compromiso con el bienestar animal mediante la activaci\u00f3n y divulgaci\u00f3n de cinco rutas oficiales de atenci\u00f3n frente al maltrato, abandono o tenencia inadecuada. Estas rutas permiten a la ciudadan\u00eda &#8230;<\/p>\n","protected":false},"author":97,"featured_media":138788,"comment_status":"open","ping_status":"open","sticky":false,"template":"","format":"standard","meta":[],"categories":[531,13],"tags":[436,695],"formato_nota":[],"programas_tax":[],"acf":[],"_links":{"self":[{"href":"https:\/\/www.medellin.gov.co\/es\/wp-json\/wp\/v2\/posts\/421285"}],"collection":[{"href":"https:\/\/www.medellin.gov.co\/es\/wp-json\/wp\/v2\/posts"}],"about":[{"href":"https:\/\/www.medellin.gov.co\/es\/wp-json\/wp\/v2\/types\/post"}],"author":[{"embeddable":true,"href":"https:\/\/www.medellin.gov.co\/es\/wp-json\/wp\/v2\/users\/97"}],"replies":[{"embeddable":true,"href":"https:\/\/www.medellin.gov.co\/es\/wp-json\/wp\/v2\/comments?post=421285"}],"version-history":[{"count":2,"href":"https:\/\/www.medellin.gov.co\/es\/wp-json\/wp\/v2\/posts\/421285\/revisions"}],"predecessor-version":[{"id":421323,"href":"https:\/\/www.medellin.gov.co\/es\/wp-json\/wp\/v2\/posts\/421285\/revisions\/421323"}],"wp:featuredmedia":[{"embeddable":true,"href":"https:\/\/www.medellin.gov.co\/es\/wp-json\/wp\/v2\/media\/138788"}],"wp:attachment":[{"href":"https:\/\/www.medellin.gov.co\/es\/wp-json\/wp\/v2\/media?parent=421285"}],"wp:term":[{"taxonomy":"category","embeddable":true,"href":"https:\/\/www.medellin.gov.co\/es\/wp-json\/wp\/v2\/categories?post=421285"},{"taxonomy":"post_tag","embeddable":true,"href":"https:\/\/www.medellin.gov.co\/es\/wp-json\/wp\/v2\/tags?post=421285"},{"taxonomy":"formato_nota","embeddable":true,"href":"https:\/\/www.medellin.gov.co\/es\/wp-json\/wp\/v2\/formato_nota?post=421285"},{"taxonomy":"programas_tax","embeddable":true,"href":"https:\/\/www.medellin.gov.co\/es\/wp-json\/wp\/v2\/programas_tax?post=421285"}],"curies":[{"name":"wp","href":"https:\/\/api.w.org\/{rel}","templated":true}]}}