{"id":421870,"date":"2025-06-23T14:31:18","date_gmt":"2025-06-23T19:31:18","guid":{"rendered":"https:\/\/www.medellin.gov.co\/es\/?p=421870"},"modified":"2025-06-23T14:31:18","modified_gmt":"2025-06-23T19:31:18","slug":"medellin-honra-el-legado-de-gardel-con-programacion-artistica-de-tango","status":"publish","type":"post","link":"https:\/\/www.medellin.gov.co\/es\/sala-de-prensa\/noticias\/medellin-honra-el-legado-de-gardel-con-programacion-artistica-de-tango\/","title":{"rendered":"Medell\u00edn honra el legado de Gardel con programaci\u00f3n art\u00edstica de tango"},"content":{"rendered":"<ul>\n<li>Este martes se rendir\u00e1 homenaje al Zorzal Criollo tanto en el Aeropuerto Olaya Herrera como en la estatua de Carlos Gardel en Manrique.<\/li>\n<li>Cerca de mil artistas har\u00e1n parte de la programaci\u00f3n, que se extender\u00e1 hasta el 30 de junio, y en la que se destaca la Tangov\u00eda.<\/li>\n<\/ul>\n<!--[if lt IE 9]><script>document.createElement('audio');<\/script><![endif]-->\n\t<div class=\"wp-playlist wp-audio-playlist wp-playlist-light\">\n\t\t\t<div class=\"wp-playlist-current-item\"><\/div>\n\t\t<audio controls=\"controls\" preload=\"none\" width=\"640\"\n\t\t\t><\/audio>\n\t<div class=\"wp-playlist-next\"><\/div>\n\t<div class=\"wp-playlist-prev\"><\/div>\n\t<noscript>\n\t<ol>\n\t\t<li><a href='https:\/\/www.medellin.gov.co\/es\/wp-content\/uploads\/2025\/06\/Declaraciones-subsecretario-de-Arte-y-Cultura-Cristian-Cartagena.mp3'>Declaraciones subsecretario de Arte y Cultura, Cristian Cartagena<\/a><\/li>\t<\/ol>\n\t<\/noscript>\n\t<script type=\"application\/json\" class=\"wp-playlist-script\">{\"type\":\"audio\",\"tracklist\":true,\"tracknumbers\":true,\"images\":true,\"artists\":true,\"tracks\":[{\"src\":\"https:\\\/\\\/www.medellin.gov.co\\\/es\\\/wp-content\\\/uploads\\\/2025\\\/06\\\/Declaraciones-subsecretario-de-Arte-y-Cultura-Cristian-Cartagena.mp3\",\"type\":\"audio\\\/mpeg\",\"title\":\"Declaraciones subsecretario de Arte y Cultura, Cristian Cartagena\",\"caption\":\"\",\"description\":\"\\u00abDeclaraciones subsecretario de Arte y Cultura, Cristian Cartagena\\u00bb. G\\u00e9nero: Blues.\",\"meta\":{\"genre\":\"Blues\",\"length_formatted\":\"1:16\"},\"image\":{\"src\":\"https:\\\/\\\/www.medellin.gov.co\\\/es\\\/wp-includes\\\/images\\\/media\\\/audio.png\",\"width\":48,\"height\":64},\"thumb\":{\"src\":\"https:\\\/\\\/www.medellin.gov.co\\\/es\\\/wp-includes\\\/images\\\/media\\\/audio.png\",\"width\":48,\"height\":64}}]}<\/script>\n<\/div>\n\t\n<p>Este 24 de junio, a partir de las 3:00 p. m., Medell\u00edn se convierte en un canto eterno, rindiendo un sentido homenaje al cantautor Carlos Gardel. En esta edici\u00f3n 19 del Festival Internacional de Tango, la ciudad exalta el legado del int\u00e9rprete de Volver y Por una cabeza, de forma simult\u00e1nea desde las inmediaciones del <a href=\"https:\/\/www.aeropuertomedellin.co\/\">Aeropuerto Olaya Herrera<\/a>, as\u00ed como en la estatua del cantante, ubicada en Manrique.<\/p>\n<p><img loading=\"lazy\" class=\"alignnone wp-image-421888 size-full\" src=\"https:\/\/www.medellin.gov.co\/es\/wp-content\/uploads\/2025\/06\/Imagen-Tango-Gardel-2.jpg\" alt=\"Imagen Tango Gardel (2)\" width=\"1275\" height=\"850\" srcset=\"https:\/\/www.medellin.gov.co\/es\/wp-content\/uploads\/2025\/06\/Imagen-Tango-Gardel-2.jpg 1275w, https:\/\/www.medellin.gov.co\/es\/wp-content\/uploads\/2025\/06\/Imagen-Tango-Gardel-2-300x200.jpg 300w, https:\/\/www.medellin.gov.co\/es\/wp-content\/uploads\/2025\/06\/Imagen-Tango-Gardel-2-1024x683.jpg 1024w, https:\/\/www.medellin.gov.co\/es\/wp-content\/uploads\/2025\/06\/Imagen-Tango-Gardel-2-150x100.jpg 150w, https:\/\/www.medellin.gov.co\/es\/wp-content\/uploads\/2025\/06\/Imagen-Tango-Gardel-2-768x512.jpg 768w\" sizes=\"(max-width: 1275px) 100vw, 1275px\" \/><\/p>\n<p>Hasta el lunes 30 de junio, d\u00eda de la clausura con la Orquesta de Tango de la Red de M\u00fasicas de Medell\u00edn, bajo la direcci\u00f3n del maestro y bandoneonista cordob\u00e9s Pablo Jaurena, se llevar\u00e1n a cabo m\u00e1s de 40 actividades programadas. Desde ma\u00f1ana, la agenda comenzar\u00e1 a las 10:00 a. m. con las etapas clasificatorias del Campeonato de Baile, que contar\u00e1 con la presencia, como jurado, del bailar\u00edn y core\u00f3grafo argentino radicado en Italia, \u00c1ngel Coria. Asimismo, se realizar\u00e1 el Concurso de Canto. Ambos cert\u00e1menes ser\u00e1n en el Teatro Pablo Tob\u00f3n Uribe.<\/p>\n<p>Tambi\u00e9n, en el aeropuerto Olaya, donde ocurri\u00f3 el accidente en 1935 y perdi\u00f3 la vida el cantautor, se celebrar\u00e1 la noche de gala en la que se estrenar\u00e1 el espect\u00e1culo \u201cGardel, 90 a\u00f1os de un cantar eterno\u201d, este martes a las 7:00 p. m. La presentaci\u00f3n reunir\u00e1 a m\u00e1s de 35 artistas de la Selecci\u00f3n Colombo-Argentina de Tango, conformada por m\u00fasicos, cantantes y bailarines de diversas agrupaciones art\u00edsticas de Medell\u00edn, junto con el ensamble Tango Sin Fin, proveniente de Argentina.<\/p>\n\n\t\t<style type=\"text\/css\">\n\t\t\t#gallery-1 {\n\t\t\t\tmargin: auto;\n\t\t\t}\n\t\t\t#gallery-1 .gallery-item {\n\t\t\t\tfloat: left;\n\t\t\t\tmargin-top: 10px;\n\t\t\t\ttext-align: center;\n\t\t\t\twidth: 50%;\n\t\t\t}\n\t\t\t#gallery-1 img {\n\t\t\t\tborder: 2px solid #cfcfcf;\n\t\t\t}\n\t\t\t#gallery-1 .gallery-caption {\n\t\t\t\tmargin-left: 0;\n\t\t\t}\n\t\t\t\/* see gallery_shortcode() in wp-includes\/media.php *\/\n\t\t<\/style>\n\t\t<div id='gallery-1' class='gallery galleryid-421870 gallery-columns-2 gallery-size-full'><dl class='gallery-item'>\n\t\t\t<dt class='gallery-icon landscape'>\n\t\t\t\t<a href='https:\/\/www.medellin.gov.co\/es\/sala-de-prensa\/noticias\/medellin-honra-el-legado-de-gardel-con-programacion-artistica-de-tango\/imagen-tango-gardel-5\/'><img width=\"1275\" height=\"850\" src=\"https:\/\/www.medellin.gov.co\/es\/wp-content\/uploads\/2025\/06\/Imagen-Tango-Gardel-5.jpg\" class=\"attachment-full size-full\" alt=\"Imagen Tango Gardel (5)\" loading=\"lazy\" srcset=\"https:\/\/www.medellin.gov.co\/es\/wp-content\/uploads\/2025\/06\/Imagen-Tango-Gardel-5.jpg 1275w, https:\/\/www.medellin.gov.co\/es\/wp-content\/uploads\/2025\/06\/Imagen-Tango-Gardel-5-300x200.jpg 300w, https:\/\/www.medellin.gov.co\/es\/wp-content\/uploads\/2025\/06\/Imagen-Tango-Gardel-5-1024x683.jpg 1024w, https:\/\/www.medellin.gov.co\/es\/wp-content\/uploads\/2025\/06\/Imagen-Tango-Gardel-5-150x100.jpg 150w, https:\/\/www.medellin.gov.co\/es\/wp-content\/uploads\/2025\/06\/Imagen-Tango-Gardel-5-768x512.jpg 768w\" sizes=\"(max-width: 1275px) 100vw, 1275px\" \/><\/a>\n\t\t\t<\/dt><\/dl><dl class='gallery-item'>\n\t\t\t<dt class='gallery-icon landscape'>\n\t\t\t\t<a href='https:\/\/www.medellin.gov.co\/es\/sala-de-prensa\/noticias\/medellin-honra-el-legado-de-gardel-con-programacion-artistica-de-tango\/imagen-tango-gardel-4\/'><img width=\"1275\" height=\"850\" src=\"https:\/\/www.medellin.gov.co\/es\/wp-content\/uploads\/2025\/06\/Imagen-Tango-Gardel-4.jpg\" class=\"attachment-full size-full\" alt=\"Imagen Tango Gardel (4)\" loading=\"lazy\" srcset=\"https:\/\/www.medellin.gov.co\/es\/wp-content\/uploads\/2025\/06\/Imagen-Tango-Gardel-4.jpg 1275w, https:\/\/www.medellin.gov.co\/es\/wp-content\/uploads\/2025\/06\/Imagen-Tango-Gardel-4-300x200.jpg 300w, https:\/\/www.medellin.gov.co\/es\/wp-content\/uploads\/2025\/06\/Imagen-Tango-Gardel-4-1024x683.jpg 1024w, https:\/\/www.medellin.gov.co\/es\/wp-content\/uploads\/2025\/06\/Imagen-Tango-Gardel-4-150x100.jpg 150w, https:\/\/www.medellin.gov.co\/es\/wp-content\/uploads\/2025\/06\/Imagen-Tango-Gardel-4-768x512.jpg 768w\" sizes=\"(max-width: 1275px) 100vw, 1275px\" \/><\/a>\n\t\t\t<\/dt><\/dl><br style=\"clear: both\" \/>\n\t\t<\/div>\n\n<p>\u201cTendremos entrada libre para el goce y disfrute de la ciudadan\u00eda con eventos como el Concurso de Canto y el Campeonato de Baile. M\u00e1s de 490 parejas de baile y m\u00e1s de 45 cantores que van a estar en competencia. Adem\u00e1s, habr\u00e1 una nutrida agenda art\u00edstica con presencia de talento proveniente de muchas partes del mundo\u201d, coment\u00f3 el subsecretario de Arte y Cultura, Cristian Cartagena.<\/p>\n<p>El Festival Internacional de Tango tendr\u00e1 la presencia de diplom\u00e1ticos de Argentina, Uruguay, Brasil, Pa\u00edses Bajos, entre otros. Este relacionamiento a nivel global fortalece la consolidaci\u00f3n de Medell\u00edn como cuna de la cultura tanguera. Por ello, estos eventos impulsan el talento emergente y la diversidad art\u00edstica que se encuentra presente en cada comuna y corregimiento.<\/p>\n<p><img loading=\"lazy\" class=\"alignnone wp-image-421885 size-full\" src=\"https:\/\/www.medellin.gov.co\/es\/wp-content\/uploads\/2025\/06\/Imagen-Tango-Gardel-3.jpg\" alt=\"Imagen Tango Gardel (3)\" width=\"1275\" height=\"850\" srcset=\"https:\/\/www.medellin.gov.co\/es\/wp-content\/uploads\/2025\/06\/Imagen-Tango-Gardel-3.jpg 1275w, https:\/\/www.medellin.gov.co\/es\/wp-content\/uploads\/2025\/06\/Imagen-Tango-Gardel-3-300x200.jpg 300w, https:\/\/www.medellin.gov.co\/es\/wp-content\/uploads\/2025\/06\/Imagen-Tango-Gardel-3-1024x683.jpg 1024w, https:\/\/www.medellin.gov.co\/es\/wp-content\/uploads\/2025\/06\/Imagen-Tango-Gardel-3-150x100.jpg 150w, https:\/\/www.medellin.gov.co\/es\/wp-content\/uploads\/2025\/06\/Imagen-Tango-Gardel-3-768x512.jpg 768w\" sizes=\"(max-width: 1275px) 100vw, 1275px\" \/><\/p>\n<p>De igual manera, para este 2025 regresa al barrio Manrique uno de los grandes espect\u00e1culos del Festival: la reconocida Tangovia. Este viernes 27 de junio, desde las 4:00 p. m. hasta las 11:00 p. m., el p\u00fablico podr\u00e1 disfrutar de 8 presentaciones con m\u00e1s de 80 artistas en escena. En ese mismo escenario se presentar\u00e1n los ganadores del Concurso de Canto a las 7:00 p. m.<\/p>\n<p>Incluso, la ciudad recibir\u00e1 por primera vez la visita del reconocido productor musical argentino Ignacio Varchausky, fundador de la Orquesta El Arranque. Por otro lado, los asistentes podr\u00e1n disfrutar de clases especiales para DJ\u2019s de tango con Mart\u00edn Saravia, en las que se explorar\u00e1 la fusi\u00f3n del g\u00e9nero con otras sonoridades.<\/p>\n<p>Tambi\u00e9n se destaca invitados como L\u00e1zaro, C\u00f3caro, Franco Luciani Trio, Pablo y los Herederos del Comp\u00e1s, entre otros. La programaci\u00f3n completa est\u00e1 disponible en <a href=\"https:\/\/www.medellin.gov.co\/\" target=\"_blank\" rel=\"noopener\">www.medellin.gov.co<\/a> y en las redes sociales de @cultura.med.<\/p>\n","protected":false},"excerpt":{"rendered":"<p>Este martes se rendir\u00e1 homenaje al Zorzal Criollo tanto en el Aeropuerto Olaya Herrera como en la estatua de Carlos Gardel en Manrique. Cerca de mil artistas har\u00e1n parte de la programaci\u00f3n, que se extender\u00e1 &#8230;<\/p>\n","protected":false},"author":95,"featured_media":421886,"comment_status":"open","ping_status":"open","sticky":false,"template":"","format":"standard","meta":[],"categories":[31],"tags":[444],"formato_nota":[],"programas_tax":[],"acf":[],"_links":{"self":[{"href":"https:\/\/www.medellin.gov.co\/es\/wp-json\/wp\/v2\/posts\/421870"}],"collection":[{"href":"https:\/\/www.medellin.gov.co\/es\/wp-json\/wp\/v2\/posts"}],"about":[{"href":"https:\/\/www.medellin.gov.co\/es\/wp-json\/wp\/v2\/types\/post"}],"author":[{"embeddable":true,"href":"https:\/\/www.medellin.gov.co\/es\/wp-json\/wp\/v2\/users\/95"}],"replies":[{"embeddable":true,"href":"https:\/\/www.medellin.gov.co\/es\/wp-json\/wp\/v2\/comments?post=421870"}],"version-history":[{"count":1,"href":"https:\/\/www.medellin.gov.co\/es\/wp-json\/wp\/v2\/posts\/421870\/revisions"}],"predecessor-version":[{"id":421898,"href":"https:\/\/www.medellin.gov.co\/es\/wp-json\/wp\/v2\/posts\/421870\/revisions\/421898"}],"wp:featuredmedia":[{"embeddable":true,"href":"https:\/\/www.medellin.gov.co\/es\/wp-json\/wp\/v2\/media\/421886"}],"wp:attachment":[{"href":"https:\/\/www.medellin.gov.co\/es\/wp-json\/wp\/v2\/media?parent=421870"}],"wp:term":[{"taxonomy":"category","embeddable":true,"href":"https:\/\/www.medellin.gov.co\/es\/wp-json\/wp\/v2\/categories?post=421870"},{"taxonomy":"post_tag","embeddable":true,"href":"https:\/\/www.medellin.gov.co\/es\/wp-json\/wp\/v2\/tags?post=421870"},{"taxonomy":"formato_nota","embeddable":true,"href":"https:\/\/www.medellin.gov.co\/es\/wp-json\/wp\/v2\/formato_nota?post=421870"},{"taxonomy":"programas_tax","embeddable":true,"href":"https:\/\/www.medellin.gov.co\/es\/wp-json\/wp\/v2\/programas_tax?post=421870"}],"curies":[{"name":"wp","href":"https:\/\/api.w.org\/{rel}","templated":true}]}}