{"id":422029,"date":"2025-06-23T16:49:05","date_gmt":"2025-06-23T21:49:05","guid":{"rendered":"https:\/\/www.medellin.gov.co\/es\/?p=422029"},"modified":"2025-06-23T16:49:05","modified_gmt":"2025-06-23T21:49:05","slug":"la-alcaldia-de-medellin-aumenta-en-un-60-la-inversion-para-capacitaciones-de-personas-mayores-en-2025","status":"publish","type":"post","link":"https:\/\/www.medellin.gov.co\/es\/sala-de-prensa\/noticias\/la-alcaldia-de-medellin-aumenta-en-un-60-la-inversion-para-capacitaciones-de-personas-mayores-en-2025\/","title":{"rendered":"La Alcald\u00eda de Medell\u00edn aumenta en un 60\u2009% la inversi\u00f3n para capacitaciones de personas mayores en 2025"},"content":{"rendered":"<ul>\n<li>Las inscripciones est\u00e1n abiertas hasta el 31 de julio para acceder a talleres pr\u00e1cticos y vivenciales orientados al bienestar de los adultos mayores y cuidadores.<\/li>\n<\/ul>\n<!--[if lt IE 9]><script>document.createElement('audio');<\/script><![endif]-->\n\t<div class=\"wp-playlist wp-audio-playlist wp-playlist-light\">\n\t\t\t<div class=\"wp-playlist-current-item\"><\/div>\n\t\t<audio controls=\"controls\" preload=\"none\" width=\"640\"\n\t\t\t><\/audio>\n\t<div class=\"wp-playlist-next\"><\/div>\n\t<div class=\"wp-playlist-prev\"><\/div>\n\t<noscript>\n\t<ol>\n\t\t<li><a href='https:\/\/www.medellin.gov.co\/es\/wp-content\/uploads\/2025\/06\/Declaraciones-secretaria-de-Inclusion-Social-y-Familia-Sandra-Sanchez-4.mp3'>Declaraciones secretaria de Inclusi\u00f3n Social y Familia, Sandra S\u00e1nchez<\/a><\/li><li><a href='https:\/\/www.medellin.gov.co\/es\/wp-content\/uploads\/2025\/06\/Declaraciones-Lorda-Malfitano-beneficiaria.mp3'>Declaraciones Lorda Malfitano, beneficiaria<\/a><\/li>\t<\/ol>\n\t<\/noscript>\n\t<script type=\"application\/json\" class=\"wp-playlist-script\">{\"type\":\"audio\",\"tracklist\":true,\"tracknumbers\":true,\"images\":true,\"artists\":true,\"tracks\":[{\"src\":\"https:\\\/\\\/www.medellin.gov.co\\\/es\\\/wp-content\\\/uploads\\\/2025\\\/06\\\/Declaraciones-secretaria-de-Inclusion-Social-y-Familia-Sandra-Sanchez-4.mp3\",\"type\":\"audio\\\/mpeg\",\"title\":\"Declaraciones secretaria de Inclusi\\u00f3n Social y Familia, Sandra S\\u00e1nchez\",\"caption\":\"\",\"description\":\"\\u00abDeclaraciones secretaria de Inclusi\\u00f3n Social y Familia, Sandra S\\u00e1nchez\\u00bb. G\\u00e9nero: Blues.\",\"meta\":{\"genre\":\"Blues\",\"length_formatted\":\"1:07\"},\"image\":{\"src\":\"https:\\\/\\\/www.medellin.gov.co\\\/es\\\/wp-includes\\\/images\\\/media\\\/audio.png\",\"width\":48,\"height\":64},\"thumb\":{\"src\":\"https:\\\/\\\/www.medellin.gov.co\\\/es\\\/wp-includes\\\/images\\\/media\\\/audio.png\",\"width\":48,\"height\":64}},{\"src\":\"https:\\\/\\\/www.medellin.gov.co\\\/es\\\/wp-content\\\/uploads\\\/2025\\\/06\\\/Declaraciones-Lorda-Malfitano-beneficiaria.mp3\",\"type\":\"audio\\\/mpeg\",\"title\":\"Declaraciones Lorda Malfitano, beneficiaria\",\"caption\":\"\",\"description\":\"\\u00abDeclaraciones Lorda Malfitano, beneficiaria\\u00bb. G\\u00e9nero: Blues.\",\"meta\":{\"genre\":\"Blues\",\"length_formatted\":\"1:08\"},\"image\":{\"src\":\"https:\\\/\\\/www.medellin.gov.co\\\/es\\\/wp-includes\\\/images\\\/media\\\/audio.png\",\"width\":48,\"height\":64},\"thumb\":{\"src\":\"https:\\\/\\\/www.medellin.gov.co\\\/es\\\/wp-includes\\\/images\\\/media\\\/audio.png\",\"width\":48,\"height\":64}}]}<\/script>\n<\/div>\n\t\n<p>La Alcald\u00eda de Medell\u00edn fortalece su compromiso con una vejez digna, activa y aut\u00f3noma. Por eso, en 2025 regresan con mayor cobertura los Servicios de Capacitaciones, los cuales promueven el bienestar de las personas mayores y sus cuidadores.<\/p>\n<p>Este fortalecimiento es posible gracias a un aumento del 60 % en la inversi\u00f3n destinada a estas formaciones, que pas\u00f3 de $6.654 millones en 2024 a m\u00e1s de $10.700 millones para 2025. Gracias a ello, m\u00e1s de 11.900 adultos mayores acceder\u00e1n a talleres pr\u00e1cticos y vivenciales dise\u00f1ados para fortalecer sus habilidades personales, emocionales y comunitarias.<\/p>\n<p><img loading=\"lazy\" class=\"alignnone wp-image-422038 size-full\" src=\"https:\/\/www.medellin.gov.co\/es\/wp-content\/uploads\/2025\/06\/Imagen-capacitaciones-personas-mayores-3.jpg\" alt=\"Imagen capacitaciones personas mayores (3)\" width=\"1275\" height=\"850\" srcset=\"https:\/\/www.medellin.gov.co\/es\/wp-content\/uploads\/2025\/06\/Imagen-capacitaciones-personas-mayores-3.jpg 1275w, https:\/\/www.medellin.gov.co\/es\/wp-content\/uploads\/2025\/06\/Imagen-capacitaciones-personas-mayores-3-300x200.jpg 300w, https:\/\/www.medellin.gov.co\/es\/wp-content\/uploads\/2025\/06\/Imagen-capacitaciones-personas-mayores-3-1024x683.jpg 1024w, https:\/\/www.medellin.gov.co\/es\/wp-content\/uploads\/2025\/06\/Imagen-capacitaciones-personas-mayores-3-150x100.jpg 150w, https:\/\/www.medellin.gov.co\/es\/wp-content\/uploads\/2025\/06\/Imagen-capacitaciones-personas-mayores-3-768x512.jpg 768w\" sizes=\"(max-width: 1275px) 100vw, 1275px\" \/><\/p>\n<p>\u201cEn Medell\u00edn trabajamos en las oportunidades para todos, incluso para nuestras personas mayores que sabemos que son tan importantes. Fortalecer sus capacidades en: manualidades, artes y oficios, herramientas tecnol\u00f3gicas y proyectos de vida, son todas las oportunidades que tenemos dispuestas a partir de este momento\u201d, afirm\u00f3 la secretaria de Inclusi\u00f3n Social y Familia, Sandra S\u00e1nchez.<\/p>\n<p>La oferta incluye opciones gratuitas para promover una vejez activa y saludable.<\/p>\n<p>Entre ellas, una capacitaci\u00f3n dirigida a personas cuidadoras mayores de 18 a\u00f1os que atienden a familiares mayores de 60 con alg\u00fan nivel de dependencia funcional o cognitiva.<\/p>\n<p>&nbsp;<\/p>\n<p><img loading=\"lazy\" class=\"alignnone wp-image-422036 size-full\" src=\"https:\/\/www.medellin.gov.co\/es\/wp-content\/uploads\/2025\/06\/Imagen-capacitaciones-personas-mayores-2.jpg\" alt=\"Imagen capacitaciones personas mayores (2)\" width=\"1275\" height=\"850\" srcset=\"https:\/\/www.medellin.gov.co\/es\/wp-content\/uploads\/2025\/06\/Imagen-capacitaciones-personas-mayores-2.jpg 1275w, https:\/\/www.medellin.gov.co\/es\/wp-content\/uploads\/2025\/06\/Imagen-capacitaciones-personas-mayores-2-300x200.jpg 300w, https:\/\/www.medellin.gov.co\/es\/wp-content\/uploads\/2025\/06\/Imagen-capacitaciones-personas-mayores-2-1024x683.jpg 1024w, https:\/\/www.medellin.gov.co\/es\/wp-content\/uploads\/2025\/06\/Imagen-capacitaciones-personas-mayores-2-150x100.jpg 150w, https:\/\/www.medellin.gov.co\/es\/wp-content\/uploads\/2025\/06\/Imagen-capacitaciones-personas-mayores-2-768x512.jpg 768w\" sizes=\"(max-width: 1275px) 100vw, 1275px\" \/><\/p>\n<p>\u00abLe agradecemos por los programas de TIC, donde aprendemos a manejar computadores y celulares, algo que es s\u00faper importante para nosotros como adulto mayor. Tambi\u00e9n agradecemos otros programas, como: d\u00edas de sol, actividades de pintura, cojiner\u00eda y l\u00fadicas que nos ayudan a manejar la memoria, a compartir con muchos compa\u00f1eros y a no sentirnos tan solos\u00bb, dijo Lorda Malfitano, beneficiaria de algunos de los Servicios de Capacitaciones.<\/p>\n<p>Las personas interesadas pueden inscribirse hasta el 31 de julio a trav\u00e9s de tres opciones: en l\u00ednea, completando el formulario de inscripci\u00f3n; de manera presencial, acerc\u00e1ndose a los Clubes de Vida o a los Centros Integrales de Familia (CIF); o por medio del presidente del Club de Vida al que pertenezcan, quien deber\u00e1 diligenciar y entregar el formato correspondiente.<\/p>\n\n\t\t<style type=\"text\/css\">\n\t\t\t#gallery-1 {\n\t\t\t\tmargin: auto;\n\t\t\t}\n\t\t\t#gallery-1 .gallery-item {\n\t\t\t\tfloat: left;\n\t\t\t\tmargin-top: 10px;\n\t\t\t\ttext-align: center;\n\t\t\t\twidth: 50%;\n\t\t\t}\n\t\t\t#gallery-1 img {\n\t\t\t\tborder: 2px solid #cfcfcf;\n\t\t\t}\n\t\t\t#gallery-1 .gallery-caption {\n\t\t\t\tmargin-left: 0;\n\t\t\t}\n\t\t\t\/* see gallery_shortcode() in wp-includes\/media.php *\/\n\t\t<\/style>\n\t\t<div id='gallery-1' class='gallery galleryid-422029 gallery-columns-2 gallery-size-full'><dl class='gallery-item'>\n\t\t\t<dt class='gallery-icon landscape'>\n\t\t\t\t<a href='https:\/\/www.medellin.gov.co\/es\/sala-de-prensa\/noticias\/la-alcaldia-de-medellin-aumenta-en-un-60-la-inversion-para-capacitaciones-de-personas-mayores-en-2025\/imagen-capacitaciones-personas-mayores-4\/'><img width=\"1275\" height=\"850\" src=\"https:\/\/www.medellin.gov.co\/es\/wp-content\/uploads\/2025\/06\/Imagen-capacitaciones-personas-mayores-4.jpg\" class=\"attachment-full size-full\" alt=\"Imagen capacitaciones personas mayores (4)\" loading=\"lazy\" srcset=\"https:\/\/www.medellin.gov.co\/es\/wp-content\/uploads\/2025\/06\/Imagen-capacitaciones-personas-mayores-4.jpg 1275w, https:\/\/www.medellin.gov.co\/es\/wp-content\/uploads\/2025\/06\/Imagen-capacitaciones-personas-mayores-4-300x200.jpg 300w, https:\/\/www.medellin.gov.co\/es\/wp-content\/uploads\/2025\/06\/Imagen-capacitaciones-personas-mayores-4-1024x683.jpg 1024w, https:\/\/www.medellin.gov.co\/es\/wp-content\/uploads\/2025\/06\/Imagen-capacitaciones-personas-mayores-4-150x100.jpg 150w, https:\/\/www.medellin.gov.co\/es\/wp-content\/uploads\/2025\/06\/Imagen-capacitaciones-personas-mayores-4-768x512.jpg 768w\" sizes=\"(max-width: 1275px) 100vw, 1275px\" \/><\/a>\n\t\t\t<\/dt><\/dl><dl class='gallery-item'>\n\t\t\t<dt class='gallery-icon landscape'>\n\t\t\t\t<a href='https:\/\/www.medellin.gov.co\/es\/sala-de-prensa\/noticias\/la-alcaldia-de-medellin-aumenta-en-un-60-la-inversion-para-capacitaciones-de-personas-mayores-en-2025\/imagen-capacitaciones-personas-mayores-5\/'><img width=\"1275\" height=\"850\" src=\"https:\/\/www.medellin.gov.co\/es\/wp-content\/uploads\/2025\/06\/Imagen-capacitaciones-personas-mayores-5.jpg\" class=\"attachment-full size-full\" alt=\"Imagen capacitaciones personas mayores (5)\" loading=\"lazy\" srcset=\"https:\/\/www.medellin.gov.co\/es\/wp-content\/uploads\/2025\/06\/Imagen-capacitaciones-personas-mayores-5.jpg 1275w, https:\/\/www.medellin.gov.co\/es\/wp-content\/uploads\/2025\/06\/Imagen-capacitaciones-personas-mayores-5-300x200.jpg 300w, https:\/\/www.medellin.gov.co\/es\/wp-content\/uploads\/2025\/06\/Imagen-capacitaciones-personas-mayores-5-1024x683.jpg 1024w, https:\/\/www.medellin.gov.co\/es\/wp-content\/uploads\/2025\/06\/Imagen-capacitaciones-personas-mayores-5-150x100.jpg 150w, https:\/\/www.medellin.gov.co\/es\/wp-content\/uploads\/2025\/06\/Imagen-capacitaciones-personas-mayores-5-768x512.jpg 768w\" sizes=\"(max-width: 1275px) 100vw, 1275px\" \/><\/a>\n\t\t\t<\/dt><\/dl><br style=\"clear: both\" \/>\n\t\t<\/div>\n\n<p>M\u00e1s informaci\u00f3n en la sede <a href=\"https:\/\/www.medellin.gov.co\/es\/secretaria-de-inclusion-social-y-familia\/subsecretaria-de-grupos-poblacionales\/equipo-de-personas-mayores-amautta\/\">Amautta<\/a> (Cra. 45 #54-55). En la l\u00ednea fija: (604) 385 5555 ext. 6647 o por WhatsApp y celular: 310 790 9633. Con esta apuesta, Medell\u00edn reafirma su compromiso con el envejecimiento activo, saludable y digno.<\/p>\n","protected":false},"excerpt":{"rendered":"<p>Las inscripciones est\u00e1n abiertas hasta el 31 de julio para acceder a talleres pr\u00e1cticos y vivenciales orientados al bienestar de los adultos mayores y cuidadores. La Alcald\u00eda de Medell\u00edn fortalece su compromiso con una vejez &#8230;<\/p>\n","protected":false},"author":95,"featured_media":422039,"comment_status":"open","ping_status":"open","sticky":false,"template":"","format":"standard","meta":[],"categories":[706],"tags":[704],"formato_nota":[],"programas_tax":[],"acf":[],"_links":{"self":[{"href":"https:\/\/www.medellin.gov.co\/es\/wp-json\/wp\/v2\/posts\/422029"}],"collection":[{"href":"https:\/\/www.medellin.gov.co\/es\/wp-json\/wp\/v2\/posts"}],"about":[{"href":"https:\/\/www.medellin.gov.co\/es\/wp-json\/wp\/v2\/types\/post"}],"author":[{"embeddable":true,"href":"https:\/\/www.medellin.gov.co\/es\/wp-json\/wp\/v2\/users\/95"}],"replies":[{"embeddable":true,"href":"https:\/\/www.medellin.gov.co\/es\/wp-json\/wp\/v2\/comments?post=422029"}],"version-history":[{"count":1,"href":"https:\/\/www.medellin.gov.co\/es\/wp-json\/wp\/v2\/posts\/422029\/revisions"}],"predecessor-version":[{"id":422041,"href":"https:\/\/www.medellin.gov.co\/es\/wp-json\/wp\/v2\/posts\/422029\/revisions\/422041"}],"wp:featuredmedia":[{"embeddable":true,"href":"https:\/\/www.medellin.gov.co\/es\/wp-json\/wp\/v2\/media\/422039"}],"wp:attachment":[{"href":"https:\/\/www.medellin.gov.co\/es\/wp-json\/wp\/v2\/media?parent=422029"}],"wp:term":[{"taxonomy":"category","embeddable":true,"href":"https:\/\/www.medellin.gov.co\/es\/wp-json\/wp\/v2\/categories?post=422029"},{"taxonomy":"post_tag","embeddable":true,"href":"https:\/\/www.medellin.gov.co\/es\/wp-json\/wp\/v2\/tags?post=422029"},{"taxonomy":"formato_nota","embeddable":true,"href":"https:\/\/www.medellin.gov.co\/es\/wp-json\/wp\/v2\/formato_nota?post=422029"},{"taxonomy":"programas_tax","embeddable":true,"href":"https:\/\/www.medellin.gov.co\/es\/wp-json\/wp\/v2\/programas_tax?post=422029"}],"curies":[{"name":"wp","href":"https:\/\/api.w.org\/{rel}","templated":true}]}}