{"id":422043,"date":"2025-06-23T20:25:12","date_gmt":"2025-06-24T01:25:12","guid":{"rendered":"https:\/\/www.medellin.gov.co\/es\/?p=422043"},"modified":"2025-06-23T20:25:12","modified_gmt":"2025-06-24T01:25:12","slug":"medellin-revisa-su-plan-de-ordenamiento-territorial-con-empresas-y-sectores-estrategicos-de-la-ciudad","status":"publish","type":"post","link":"https:\/\/www.medellin.gov.co\/es\/sala-de-prensa\/noticias\/medellin-revisa-su-plan-de-ordenamiento-territorial-con-empresas-y-sectores-estrategicos-de-la-ciudad\/","title":{"rendered":"Medell\u00edn revisa su Plan de Ordenamiento Territorial con empresas y sectores estrat\u00e9gicos de la ciudad"},"content":{"rendered":"<ul>\n<li>Son espacios de conversaci\u00f3n con representantes de gremios, cl\u00fasteres, universidades, asociaciones y organizaciones del nivel distrital.<\/li>\n<li>Se abordan tem\u00e1ticas como vivienda, infraestructura, movilidad, salud, bienestar, industria, medio ambiente, entre otras.<\/li>\n<\/ul>\n<!--[if lt IE 9]><script>document.createElement('audio');<\/script><![endif]-->\n\t<div class=\"wp-playlist wp-audio-playlist wp-playlist-light\">\n\t\t\t<div class=\"wp-playlist-current-item\"><\/div>\n\t\t<audio controls=\"controls\" preload=\"none\" width=\"640\"\n\t\t\t><\/audio>\n\t<div class=\"wp-playlist-next\"><\/div>\n\t<div class=\"wp-playlist-prev\"><\/div>\n\t<noscript>\n\t<ol>\n\t\t<li><a href='https:\/\/www.medellin.gov.co\/es\/wp-content\/uploads\/2025\/06\/Declaraciones-directora-del-Departamento-Administrativo-de-Planeacion-Luz-Angela-Gonzalez.mp3'>Declaraciones directora del Departamento Administrativo de Planeaci\u00f3n, Luz \u00c1ngela Gonz\u00e1lez<\/a><\/li><li><a href='https:\/\/www.medellin.gov.co\/es\/wp-content\/uploads\/2025\/06\/Declaraciones-coordinadora-estrategica-de-Fenalco-Valentina-Hernandez.mp3'>Declaraciones coordinadora estrat\u00e9gica de Fenalco, Valentina Hern\u00e1ndez<\/a><\/li>\t<\/ol>\n\t<\/noscript>\n\t<script type=\"application\/json\" class=\"wp-playlist-script\">{\"type\":\"audio\",\"tracklist\":true,\"tracknumbers\":true,\"images\":true,\"artists\":true,\"tracks\":[{\"src\":\"https:\\\/\\\/www.medellin.gov.co\\\/es\\\/wp-content\\\/uploads\\\/2025\\\/06\\\/Declaraciones-directora-del-Departamento-Administrativo-de-Planeacion-Luz-Angela-Gonzalez.mp3\",\"type\":\"audio\\\/mpeg\",\"title\":\"Declaraciones directora del Departamento Administrativo de Planeaci\\u00f3n, Luz \\u00c1ngela Gonz\\u00e1lez\",\"caption\":\"\",\"description\":\"\\u00abDeclaraciones directora del Departamento Administrativo de Planeaci\\u00f3n, Luz \\u00c1ngela Gonz\\u00e1lez\\u00bb. G\\u00e9nero: Blues.\",\"meta\":{\"genre\":\"Blues\",\"length_formatted\":\"1:01\"},\"image\":{\"src\":\"https:\\\/\\\/www.medellin.gov.co\\\/es\\\/wp-includes\\\/images\\\/media\\\/audio.png\",\"width\":48,\"height\":64},\"thumb\":{\"src\":\"https:\\\/\\\/www.medellin.gov.co\\\/es\\\/wp-includes\\\/images\\\/media\\\/audio.png\",\"width\":48,\"height\":64}},{\"src\":\"https:\\\/\\\/www.medellin.gov.co\\\/es\\\/wp-content\\\/uploads\\\/2025\\\/06\\\/Declaraciones-coordinadora-estrategica-de-Fenalco-Valentina-Hernandez.mp3\",\"type\":\"audio\\\/mpeg\",\"title\":\"Declaraciones coordinadora estrat\\u00e9gica de Fenalco, Valentina Hern\\u00e1ndez\",\"caption\":\"\",\"description\":\"\\u00abDeclaraciones coordinadora estrat\\u00e9gica de Fenalco, Valentina Hern\\u00e1ndez\\u00bb. G\\u00e9nero: Blues.\",\"meta\":{\"genre\":\"Blues\",\"length_formatted\":\"1:08\"},\"image\":{\"src\":\"https:\\\/\\\/www.medellin.gov.co\\\/es\\\/wp-includes\\\/images\\\/media\\\/audio.png\",\"width\":48,\"height\":64},\"thumb\":{\"src\":\"https:\\\/\\\/www.medellin.gov.co\\\/es\\\/wp-includes\\\/images\\\/media\\\/audio.png\",\"width\":48,\"height\":64}}]}<\/script>\n<\/div>\n\t\n<p>Mapas, adhesivos y marcadores est\u00e1n sobre la mesa para indicar puntos neur\u00e1lgicos de movilidad, vivienda, industria o medio ambiente. Alrededor, diferentes voces que exponen las preocupaciones, los conflictos y las oportunidades en torno al desarrollo urbano de Medell\u00edn.<\/p>\n<p>As\u00ed transcurre cada jornada de las denominadas C\u00e9lulas Sectoriales, talleres realizados por el Departamento Administrativo de Planeaci\u00f3n, en alianza con 14 universidades y con la participaci\u00f3n de 430 actores pertenecientes a los gremios, cl\u00fasteres, asociaciones y organizaciones del nivel distrital \u201cEstos encuentros nos han permitido poner sobre la mesa esos retos y apuestas que enfrenta el territorio. Tambi\u00e9n, recoger insumos y perspectivas que desde las experiencias y conocimientos de los actores invitados hemos podido recoger\u201d, explic\u00f3 la directora del <a href=\"https:\/\/www.medellin.gov.co\/es\/departamento-administrativo-de-planeacion\/\">Departamento Administrativo de Planeaci\u00f3n<\/a>, Luz \u00c1ngela Gonz\u00e1lez.<\/p>\n<p><img loading=\"lazy\" class=\"alignnone wp-image-422048 size-full\" src=\"https:\/\/www.medellin.gov.co\/es\/wp-content\/uploads\/2025\/06\/Imagen-revision-POT-con-empresas-1.jpg\" alt=\"Imagen revisi\u00f3n POT con empresas (1)\" width=\"1276\" height=\"850\" srcset=\"https:\/\/www.medellin.gov.co\/es\/wp-content\/uploads\/2025\/06\/Imagen-revision-POT-con-empresas-1.jpg 1276w, https:\/\/www.medellin.gov.co\/es\/wp-content\/uploads\/2025\/06\/Imagen-revision-POT-con-empresas-1-300x200.jpg 300w, https:\/\/www.medellin.gov.co\/es\/wp-content\/uploads\/2025\/06\/Imagen-revision-POT-con-empresas-1-1024x682.jpg 1024w, https:\/\/www.medellin.gov.co\/es\/wp-content\/uploads\/2025\/06\/Imagen-revision-POT-con-empresas-1-150x100.jpg 150w, https:\/\/www.medellin.gov.co\/es\/wp-content\/uploads\/2025\/06\/Imagen-revision-POT-con-empresas-1-768x512.jpg 768w\" sizes=\"(max-width: 1276px) 100vw, 1276px\" \/><\/p>\n<p>Durante la primera semana se abordaron cinco sectores que se dividieron en Vivienda; Infraestructura y Movilidad; Medio ambiente, H\u00e1bitat, Gesti\u00f3n del Riesgo y Sostenibilidad; Comercio y Servicios; e Industria.<\/p>\n<p>Se determinaron desaf\u00edos en la regulaci\u00f3n urban\u00edstica de la vivienda, la planeaci\u00f3n ambiental, la actualizaci\u00f3n de la normatividad urbana, la movilidad y conectividad intermodal, los parqueaderos y el uso del espacio p\u00fablico.<\/p>\n<p>Adem\u00e1s, se habl\u00f3 del d\u00e9ficit de recursos y del aumento de la capacidad institucional, la gesti\u00f3n y regulaci\u00f3n del suelo y la importancia de reordenar la ciudad en torno a los sistemas de transporte p\u00fablico y masivo, incentivando el ecosistema de ciencia, tecnolog\u00eda e innovaci\u00f3n. Tambi\u00e9n surgieron algunas propuestas para destrabar proyectos estrat\u00e9gicos para flexibilizar normas urban\u00edsticas. Las discusiones se dieron alrededor de lo normativo, lo t\u00e9cnico, lo social y ambiental.<\/p>\n<p><img loading=\"lazy\" class=\"alignnone wp-image-422047 size-full\" src=\"https:\/\/www.medellin.gov.co\/es\/wp-content\/uploads\/2025\/06\/Imagen-revision-POT-con-empresas-3.jpg\" alt=\"Imagen revisi\u00f3n POT con empresas (3)\" width=\"1276\" height=\"850\" srcset=\"https:\/\/www.medellin.gov.co\/es\/wp-content\/uploads\/2025\/06\/Imagen-revision-POT-con-empresas-3.jpg 1276w, https:\/\/www.medellin.gov.co\/es\/wp-content\/uploads\/2025\/06\/Imagen-revision-POT-con-empresas-3-300x200.jpg 300w, https:\/\/www.medellin.gov.co\/es\/wp-content\/uploads\/2025\/06\/Imagen-revision-POT-con-empresas-3-1024x682.jpg 1024w, https:\/\/www.medellin.gov.co\/es\/wp-content\/uploads\/2025\/06\/Imagen-revision-POT-con-empresas-3-150x100.jpg 150w, https:\/\/www.medellin.gov.co\/es\/wp-content\/uploads\/2025\/06\/Imagen-revision-POT-con-empresas-3-768x512.jpg 768w\" sizes=\"(max-width: 1276px) 100vw, 1276px\" \/><\/p>\n<p>Por su parte, la coordinadora estrat\u00e9gica de Fenalco, Valentina Hern\u00e1ndez, opin\u00f3: \u201cLa mesa tuvo, en general, una posici\u00f3n muy unificada desde el inicio. Todos coincidimos en que los principales puntos de la zona eran, b\u00e1sicamente, el tema de la densidad y de tr\u00e1mites. Nosotros, desde Fenalco, tambi\u00e9n estamos recolectando toda la informaci\u00f3n de nuestros empresarios para mandar las ideas y hacer la representaci\u00f3n de ellos\u201d.<\/p>\n\n\t\t<style type=\"text\/css\">\n\t\t\t#gallery-1 {\n\t\t\t\tmargin: auto;\n\t\t\t}\n\t\t\t#gallery-1 .gallery-item {\n\t\t\t\tfloat: left;\n\t\t\t\tmargin-top: 10px;\n\t\t\t\ttext-align: center;\n\t\t\t\twidth: 50%;\n\t\t\t}\n\t\t\t#gallery-1 img {\n\t\t\t\tborder: 2px solid #cfcfcf;\n\t\t\t}\n\t\t\t#gallery-1 .gallery-caption {\n\t\t\t\tmargin-left: 0;\n\t\t\t}\n\t\t\t\/* see gallery_shortcode() in wp-includes\/media.php *\/\n\t\t<\/style>\n\t\t<div id='gallery-1' class='gallery galleryid-422043 gallery-columns-2 gallery-size-full'><dl class='gallery-item'>\n\t\t\t<dt class='gallery-icon landscape'>\n\t\t\t\t<a href='https:\/\/www.medellin.gov.co\/es\/sala-de-prensa\/noticias\/medellin-revisa-su-plan-de-ordenamiento-territorial-con-empresas-y-sectores-estrategicos-de-la-ciudad\/imagen-revision-pot-con-empresas-4\/'><img width=\"1276\" height=\"850\" src=\"https:\/\/www.medellin.gov.co\/es\/wp-content\/uploads\/2025\/06\/Imagen-revision-POT-con-empresas-4.jpg\" class=\"attachment-full size-full\" alt=\"Imagen revisi\u00f3n POT con empresas (4)\" loading=\"lazy\" srcset=\"https:\/\/www.medellin.gov.co\/es\/wp-content\/uploads\/2025\/06\/Imagen-revision-POT-con-empresas-4.jpg 1276w, https:\/\/www.medellin.gov.co\/es\/wp-content\/uploads\/2025\/06\/Imagen-revision-POT-con-empresas-4-300x200.jpg 300w, https:\/\/www.medellin.gov.co\/es\/wp-content\/uploads\/2025\/06\/Imagen-revision-POT-con-empresas-4-1024x682.jpg 1024w, https:\/\/www.medellin.gov.co\/es\/wp-content\/uploads\/2025\/06\/Imagen-revision-POT-con-empresas-4-150x100.jpg 150w, https:\/\/www.medellin.gov.co\/es\/wp-content\/uploads\/2025\/06\/Imagen-revision-POT-con-empresas-4-768x512.jpg 768w\" sizes=\"(max-width: 1276px) 100vw, 1276px\" \/><\/a>\n\t\t\t<\/dt><\/dl><dl class='gallery-item'>\n\t\t\t<dt class='gallery-icon landscape'>\n\t\t\t\t<a href='https:\/\/www.medellin.gov.co\/es\/sala-de-prensa\/noticias\/medellin-revisa-su-plan-de-ordenamiento-territorial-con-empresas-y-sectores-estrategicos-de-la-ciudad\/imagen-revision-pot-con-empresas-2\/'><img width=\"1276\" height=\"850\" src=\"https:\/\/www.medellin.gov.co\/es\/wp-content\/uploads\/2025\/06\/Imagen-revision-POT-con-empresas-2.jpg\" class=\"attachment-full size-full\" alt=\"Imagen revisi\u00f3n POT con empresas (2)\" loading=\"lazy\" srcset=\"https:\/\/www.medellin.gov.co\/es\/wp-content\/uploads\/2025\/06\/Imagen-revision-POT-con-empresas-2.jpg 1276w, https:\/\/www.medellin.gov.co\/es\/wp-content\/uploads\/2025\/06\/Imagen-revision-POT-con-empresas-2-300x200.jpg 300w, https:\/\/www.medellin.gov.co\/es\/wp-content\/uploads\/2025\/06\/Imagen-revision-POT-con-empresas-2-1024x682.jpg 1024w, https:\/\/www.medellin.gov.co\/es\/wp-content\/uploads\/2025\/06\/Imagen-revision-POT-con-empresas-2-150x100.jpg 150w, https:\/\/www.medellin.gov.co\/es\/wp-content\/uploads\/2025\/06\/Imagen-revision-POT-con-empresas-2-768x512.jpg 768w\" sizes=\"(max-width: 1276px) 100vw, 1276px\" \/><\/a>\n\t\t\t<\/dt><\/dl><br style=\"clear: both\" \/>\n\t\t<\/div>\n\n<p>Los siguientes encuentros ir\u00e1n hasta el 25 de junio y abordar\u00e1n bloques tem\u00e1ticos como Salud y Bienestar; Turismo, Entretenimiento e Industrias Creativas y Patrimonio; Financiero e Inversi\u00f3n; Educaci\u00f3n, Deporte y Cultura.<\/p>\n","protected":false},"excerpt":{"rendered":"<p>Son espacios de conversaci\u00f3n con representantes de gremios, cl\u00fasteres, universidades, asociaciones y organizaciones del nivel distrital. Se abordan tem\u00e1ticas como vivienda, infraestructura, movilidad, salud, bienestar, industria, medio ambiente, entre otras. Mapas, adhesivos y marcadores est\u00e1n &#8230;<\/p>\n","protected":false},"author":95,"featured_media":422046,"comment_status":"open","ping_status":"open","sticky":false,"template":"","format":"standard","meta":[],"categories":[29],"tags":[443],"formato_nota":[],"programas_tax":[],"acf":[],"_links":{"self":[{"href":"https:\/\/www.medellin.gov.co\/es\/wp-json\/wp\/v2\/posts\/422043"}],"collection":[{"href":"https:\/\/www.medellin.gov.co\/es\/wp-json\/wp\/v2\/posts"}],"about":[{"href":"https:\/\/www.medellin.gov.co\/es\/wp-json\/wp\/v2\/types\/post"}],"author":[{"embeddable":true,"href":"https:\/\/www.medellin.gov.co\/es\/wp-json\/wp\/v2\/users\/95"}],"replies":[{"embeddable":true,"href":"https:\/\/www.medellin.gov.co\/es\/wp-json\/wp\/v2\/comments?post=422043"}],"version-history":[{"count":1,"href":"https:\/\/www.medellin.gov.co\/es\/wp-json\/wp\/v2\/posts\/422043\/revisions"}],"predecessor-version":[{"id":422056,"href":"https:\/\/www.medellin.gov.co\/es\/wp-json\/wp\/v2\/posts\/422043\/revisions\/422056"}],"wp:featuredmedia":[{"embeddable":true,"href":"https:\/\/www.medellin.gov.co\/es\/wp-json\/wp\/v2\/media\/422046"}],"wp:attachment":[{"href":"https:\/\/www.medellin.gov.co\/es\/wp-json\/wp\/v2\/media?parent=422043"}],"wp:term":[{"taxonomy":"category","embeddable":true,"href":"https:\/\/www.medellin.gov.co\/es\/wp-json\/wp\/v2\/categories?post=422043"},{"taxonomy":"post_tag","embeddable":true,"href":"https:\/\/www.medellin.gov.co\/es\/wp-json\/wp\/v2\/tags?post=422043"},{"taxonomy":"formato_nota","embeddable":true,"href":"https:\/\/www.medellin.gov.co\/es\/wp-json\/wp\/v2\/formato_nota?post=422043"},{"taxonomy":"programas_tax","embeddable":true,"href":"https:\/\/www.medellin.gov.co\/es\/wp-json\/wp\/v2\/programas_tax?post=422043"}],"curies":[{"name":"wp","href":"https:\/\/api.w.org\/{rel}","templated":true}]}}