{"id":422156,"date":"2025-06-24T16:37:15","date_gmt":"2025-06-24T21:37:15","guid":{"rendered":"https:\/\/www.medellin.gov.co\/es\/?p=422156"},"modified":"2025-06-24T16:37:15","modified_gmt":"2025-06-24T21:37:15","slug":"dulceapis-el-apiario-impulsado-por-el-distrito-que-ayuda-a-la-conservacion-de-zonas-rurales-y-de-reserva","status":"publish","type":"post","link":"https:\/\/www.medellin.gov.co\/es\/sala-de-prensa\/noticias\/dulceapis-el-apiario-impulsado-por-el-distrito-que-ayuda-a-la-conservacion-de-zonas-rurales-y-de-reserva\/","title":{"rendered":"DulceApis, el apiario impulsado por el Distrito que ayuda a la conservaci\u00f3n de zonas rurales y de reserva"},"content":{"rendered":"<ul>\n<li>La vereda La Volcana de San Sebasti\u00e1n de Palmitas resguarda un tesoro para la preservaci\u00f3n de la ciudad. Se trata de DulceApis, un apiario dedicado al manejo t\u00e9cnico, rescate y reubicaci\u00f3n de diferentes tipos de abejas.<\/li>\n<\/ul>\n<p>Diana Arboleda, ingeniera forestal, y Mauricio Silva, zootecnista, son los creadores de esta iniciativa de conservaci\u00f3n que tambi\u00e9n le apuesta al turismo sostenible y a la transformaci\u00f3n de productos ap\u00edcolas, con un alto impacto para la sostenibilidad del territorio y su biodiversidad.<\/p>\n<p>Ellos hacen parte de los 15 apicultores inscritos en el Distrito que participan en los diferentes programas que impulsan el desarrollo econ\u00f3mico y agropecuario. El 100% de estos apicultores son transformadores y tienen marca propia, y el 40% de ellos ha accedido a insumos y herramientas a trav\u00e9s de la oferta institucional. Diana y Mauricio, por ejemplo, han accedido a beneficios para mejorar el m\u00f3dulo operativo en el que procesan y envasan la miel, deshidratan el polen y hacen la extracci\u00f3n del prop\u00f3leo.<\/p>\n<p>El comportamiento de las abejas nos ense\u00f1a mucho de organizaci\u00f3n, colaboraci\u00f3n y equilibrio con la naturaleza. Ellas son las responsables de la polinizaci\u00f3n de m\u00e1s del 75% de los cultivos alimentarios del planeta, y su reproducci\u00f3n no tiene un impacto negativo en el ecosistema, como si ocurre con otras especies. Estas son solo algunas de las razones por las que los creadores de DulceApis decidieron dedicar su vida al cuidado y conservaci\u00f3n de las abejas, y a la producci\u00f3n y comercializaci\u00f3n de productos basados en miel, cera y polen.<\/p>\n<p><img loading=\"lazy\" class=\"alignnone wp-image-422160 size-full\" src=\"https:\/\/www.medellin.gov.co\/es\/wp-content\/uploads\/2025\/06\/Imagen-DulceApis-el-apiario-impulsado-por-el-Distrito.jpg\" alt=\"Imagen DulceApis, el apiario impulsado por el Distrito\" width=\"1133\" height=\"850\" srcset=\"https:\/\/www.medellin.gov.co\/es\/wp-content\/uploads\/2025\/06\/Imagen-DulceApis-el-apiario-impulsado-por-el-Distrito.jpg 1133w, https:\/\/www.medellin.gov.co\/es\/wp-content\/uploads\/2025\/06\/Imagen-DulceApis-el-apiario-impulsado-por-el-Distrito-300x225.jpg 300w, https:\/\/www.medellin.gov.co\/es\/wp-content\/uploads\/2025\/06\/Imagen-DulceApis-el-apiario-impulsado-por-el-Distrito-1024x768.jpg 1024w, https:\/\/www.medellin.gov.co\/es\/wp-content\/uploads\/2025\/06\/Imagen-DulceApis-el-apiario-impulsado-por-el-Distrito-150x113.jpg 150w, https:\/\/www.medellin.gov.co\/es\/wp-content\/uploads\/2025\/06\/Imagen-DulceApis-el-apiario-impulsado-por-el-Distrito-768x576.jpg 768w\" sizes=\"(max-width: 1133px) 100vw, 1133px\" \/><\/p>\n<p>Su casa y su apiario est\u00e1n ubicados en un predio de m\u00e1s de 9 hect\u00e1reas en un \u00e1rea de conservaci\u00f3n a la que se puede acceder desde la centralidad del corregimiento o desde la parte alta de la monta\u00f1a, en plena antigua v\u00eda al mar, pero solo caminando. Mientras recorremos el sendero, Diana nos cuenta algunos de los beneficios de consumir miel y no otros az\u00facares refinados: \u201cLa miel tiene muchos az\u00facares monosac\u00e1ridos, que se absorben muy r\u00e1pidamente porque el cuerpo no tiene que romper las cadenas, eso lo hace la abeja, entonces te la comes y en pocos minutos sientes la energ\u00eda que te proporciona\u201d.<\/p>\n<p>Todo en su casa est\u00e1 pensado para que las abejas de las 30 colmenas que tienen hoy puedan habitar el entorno a su antojo. A la finca la antecede un peque\u00f1o campo de flores ap\u00edcolas como la salvia blanca o la verbena, y unos 500 metros monta\u00f1a abajo est\u00e1 ubicado el apiario.<\/p>\n<p>Diana mueve con suavidad el ahumador casero \u201cpara cortar la comunicaci\u00f3n entre las abejas y evitar que activen una conducta defensiva o de ataque\u201d, explica ella mientras Mauricio, su esposo, destapa cuidadosamente una colmena para mostrarnos c\u00f3mo producen la miel, c\u00f3mo ellas mismas la cubren con cera y en qu\u00e9 parte dejan el polen que toman de las flores y traen en las patas hasta sus casitas.<\/p>\n<p>Como productores y propietarios de DulceApis, Diana y Mauricio tambi\u00e9n son beneficiarios de Mercados Campesinos y de otros programas del distrito, como por ejemplo Plan de Desarrollo Local y Presupuesto Participativo -PDL y PP, a trav\u00e9s del cual han recibido apoyo para fortalecer su producto tur\u00edstico, una experiencia completa de turismo ecol\u00f3gico, \u201cque es una oportunidad para ense\u00f1arle a la gente la importancia de cuidar y preservar esta especie, para que descubran que para producir miel, o cualquier producto ap\u00edcola, no hay que recurrir al maltrato o la explotaci\u00f3n animal. La prueba de ello es que las abejas no est\u00e1n en cautiverio. Aqu\u00ed ellas, por su comportamiento natural, salen por la ma\u00f1ana y regresan al final del d\u00eda, y si regresan es porque el lugar en el que est\u00e1n es c\u00f3modo y seguro para ellas\u201d, concluye Mauricio.<\/p>\n<p>Hoy, en el apiario DulceApis producen entre 25 y 30 kg de miel al a\u00f1o, por cada colmena, casi 10 kg de polen y cerca de un 1 kg de prop\u00f3leo. Todo lo transforman y lo comercializan sin intermediarios. Pero esto no es lo que m\u00e1s los enorgullece, \u201cnuestra motivaci\u00f3n m\u00e1s importante es la labor de conservaci\u00f3n del territorio, primero, por los servicios ecosist\u00e9micos que nos prestan las abejas en la zona, y segundo, porque tenemos la tranquilidad de que en este predio no van a construir ni a traer turismo invasor y destructor del entorno\u201d, asegura Diana.<\/p>\n<p>Con 14 programas institucionales, la Alcald\u00eda sigue impulsando el campo, su producci\u00f3n y conservaci\u00f3n. Las personas interesadas en inscribirse a la base de datos para aplicar a todos los programas de desarrollo econ\u00f3mico y rural, pueden comunicarse a la l\u00ednea 6043855555 ext. 2839.<\/p>\n","protected":false},"excerpt":{"rendered":"<p>La vereda La Volcana de San Sebasti\u00e1n de Palmitas resguarda un tesoro para la preservaci\u00f3n de la ciudad. Se trata de DulceApis, un apiario dedicado al manejo t\u00e9cnico, rescate y reubicaci\u00f3n de diferentes tipos de &#8230;<\/p>\n","protected":false},"author":95,"featured_media":422158,"comment_status":"open","ping_status":"open","sticky":false,"template":"","format":"standard","meta":[],"categories":[24],"tags":[455],"formato_nota":[],"programas_tax":[],"acf":[],"_links":{"self":[{"href":"https:\/\/www.medellin.gov.co\/es\/wp-json\/wp\/v2\/posts\/422156"}],"collection":[{"href":"https:\/\/www.medellin.gov.co\/es\/wp-json\/wp\/v2\/posts"}],"about":[{"href":"https:\/\/www.medellin.gov.co\/es\/wp-json\/wp\/v2\/types\/post"}],"author":[{"embeddable":true,"href":"https:\/\/www.medellin.gov.co\/es\/wp-json\/wp\/v2\/users\/95"}],"replies":[{"embeddable":true,"href":"https:\/\/www.medellin.gov.co\/es\/wp-json\/wp\/v2\/comments?post=422156"}],"version-history":[{"count":1,"href":"https:\/\/www.medellin.gov.co\/es\/wp-json\/wp\/v2\/posts\/422156\/revisions"}],"predecessor-version":[{"id":422161,"href":"https:\/\/www.medellin.gov.co\/es\/wp-json\/wp\/v2\/posts\/422156\/revisions\/422161"}],"wp:featuredmedia":[{"embeddable":true,"href":"https:\/\/www.medellin.gov.co\/es\/wp-json\/wp\/v2\/media\/422158"}],"wp:attachment":[{"href":"https:\/\/www.medellin.gov.co\/es\/wp-json\/wp\/v2\/media?parent=422156"}],"wp:term":[{"taxonomy":"category","embeddable":true,"href":"https:\/\/www.medellin.gov.co\/es\/wp-json\/wp\/v2\/categories?post=422156"},{"taxonomy":"post_tag","embeddable":true,"href":"https:\/\/www.medellin.gov.co\/es\/wp-json\/wp\/v2\/tags?post=422156"},{"taxonomy":"formato_nota","embeddable":true,"href":"https:\/\/www.medellin.gov.co\/es\/wp-json\/wp\/v2\/formato_nota?post=422156"},{"taxonomy":"programas_tax","embeddable":true,"href":"https:\/\/www.medellin.gov.co\/es\/wp-json\/wp\/v2\/programas_tax?post=422156"}],"curies":[{"name":"wp","href":"https:\/\/api.w.org\/{rel}","templated":true}]}}