{"id":424304,"date":"2025-07-03T15:54:14","date_gmt":"2025-07-03T20:54:14","guid":{"rendered":"https:\/\/www.medellin.gov.co\/es\/?p=424304"},"modified":"2025-07-03T10:04:21","modified_gmt":"2025-07-03T15:04:21","slug":"juanita-espera-acariciar-la-gloria-en-la-cita-que-tendra-el-patinaje-continental-en-medellin","status":"publish","type":"post","link":"https:\/\/www.medellin.gov.co\/es\/sala-de-prensa\/noticias\/juanita-espera-acariciar-la-gloria-en-la-cita-que-tendra-el-patinaje-continental-en-medellin\/","title":{"rendered":"Juanita espera acariciar la gloria en la cita que tendr\u00e1 el patinaje continental en Medell\u00edn"},"content":{"rendered":"<p>Juanita Mazo G\u00f3mez tiene nueve a\u00f1os, y en su espalda lleva m\u00e1s que una maleta con casco y patines; carga historias de cicatrices, logros, entrenamientos, ca\u00eddas y aprendizajes que han marcado su corta pero firme carrera en el patinaje de velocidad.<\/p>\n<p>Su historia empez\u00f3 como un juego. A los seis a\u00f1os, Juanita se puso unos patines por diversi\u00f3n y descubri\u00f3 su pasi\u00f3n. Se inscribi\u00f3 en el club de patinaje \u00a0y desde entonces entrena todos los d\u00edas con la misma alegr\u00eda con la que, en sus palabras, se siente <em>\u201clibre<\/em>\u201d cada vez que rueda en la pista. Lo que no sab\u00eda entonces es que ese camino estar\u00eda lleno de desaf\u00edos.<\/p>\n<p><img loading=\"lazy\" class=\"alignnone size-full wp-image-424311\" src=\"https:\/\/www.medellin.gov.co\/es\/wp-content\/uploads\/2025\/07\/Imagen-podio-de-patinadoras-foto-1.jpg\" alt=\"Imagen podio de patinadoras foto 1\" width=\"702\" height=\"720\" srcset=\"https:\/\/www.medellin.gov.co\/es\/wp-content\/uploads\/2025\/07\/Imagen-podio-de-patinadoras-foto-1.jpg 702w, https:\/\/www.medellin.gov.co\/es\/wp-content\/uploads\/2025\/07\/Imagen-podio-de-patinadoras-foto-1-293x300.jpg 293w, https:\/\/www.medellin.gov.co\/es\/wp-content\/uploads\/2025\/07\/Imagen-podio-de-patinadoras-foto-1-146x150.jpg 146w\" sizes=\"(max-width: 702px) 100vw, 702px\" \/><\/p>\n<h4><strong>De las lesiones al \u00e9xito<\/strong><\/h4>\n<p>A los cuatro d\u00edas de nacida fue operada a coraz\u00f3n abierto. M\u00e1s adelante, entrenando, se fractur\u00f3 un pie. Seis meses de recuperaci\u00f3n y justo despu\u00e9s, otra ca\u00edda: radio y c\u00fabito rotos. Aun as\u00ed, no dej\u00f3 de asistir a sus clases, haciendo entrenamientos f\u00edsicos aunque no pudiera competir. En su primer Panamericano, una lesi\u00f3n le impidi\u00f3 competir, pero estuvo presente como espectadora, alimentando las ganas de regresar mucho m\u00e1s fuerte.<\/p>\n<p>Y lo hizo. Gan\u00f3 medallas en festivales escolares, competencias nacionales en Bogot\u00e1, Cali, Medell\u00edn e Ibagu\u00e9 y en las Finales Departamentales de los Juegos Escolares, que se realizaron en Amalfi Antioquia, Juanita represent\u00f3 a nuestra ciudad y obtuvo una de oro y otra de plata.\u00a0 Vale la pena destacar que detr\u00e1s de sus logros est\u00e1 el esfuerzo constante de una familia que la respalda.<\/p>\n<p>&nbsp;<\/p>\n<p><img loading=\"lazy\" class=\"alignnone size-full wp-image-424307\" src=\"https:\/\/www.medellin.gov.co\/es\/wp-content\/uploads\/2025\/07\/Imagen-equipo-de-patinadora-foto-5.jpg\" alt=\"Imagen equipo de patinadora foto 5\" width=\"995\" height=\"720\" srcset=\"https:\/\/www.medellin.gov.co\/es\/wp-content\/uploads\/2025\/07\/Imagen-equipo-de-patinadora-foto-5.jpg 995w, https:\/\/www.medellin.gov.co\/es\/wp-content\/uploads\/2025\/07\/Imagen-equipo-de-patinadora-foto-5-300x217.jpg 300w, https:\/\/www.medellin.gov.co\/es\/wp-content\/uploads\/2025\/07\/Imagen-equipo-de-patinadora-foto-5-150x109.jpg 150w, https:\/\/www.medellin.gov.co\/es\/wp-content\/uploads\/2025\/07\/Imagen-equipo-de-patinadora-foto-5-768x556.jpg 768w\" sizes=\"(max-width: 995px) 100vw, 995px\" \/><\/p>\n<p>\u201c<em>Nos sentimos bendecidos de tener una hija deportista. Nos ha ense\u00f1ado con su ejemplo lo que es levantarse, avanzar y disfrutar cada paso\u201d,<\/em> dicen Camilo y Mayerly, sus padres. Juanita entrena, compite y sue\u00f1a, pero no est\u00e1 sola. Cuenta con el apoyo del<a href=\"https:\/\/www.inder.gov.co\/\" target=\"_blank\" rel=\"noopener\"> Inder<\/a>, Alcald\u00eda de Medell\u00edn, que le ha brindado escenarios adecuados, entrenadores comprometidos y la posibilidad de competir nacional e internacionalmente.<\/p>\n<p>Y justo ahora, cuando Medell\u00edn se prepara para recibir las finales del Campeonato Panamericano de Patinaje de Velocidad 2025, su historia toma a\u00fan m\u00e1s sentido.<\/p>\n<p><img loading=\"lazy\" class=\"alignnone size-large wp-image-424314\" src=\"https:\/\/www.medellin.gov.co\/es\/wp-content\/uploads\/2025\/07\/Imagen-de-patinadora-foto-2-1024x683.jpg\" alt=\"Imagen de patinadora foto 2\" width=\"1024\" height=\"683\" srcset=\"https:\/\/www.medellin.gov.co\/es\/wp-content\/uploads\/2025\/07\/Imagen-de-patinadora-foto-2-1024x683.jpg 1024w, https:\/\/www.medellin.gov.co\/es\/wp-content\/uploads\/2025\/07\/Imagen-de-patinadora-foto-2-300x200.jpg 300w, https:\/\/www.medellin.gov.co\/es\/wp-content\/uploads\/2025\/07\/Imagen-de-patinadora-foto-2-150x100.jpg 150w, https:\/\/www.medellin.gov.co\/es\/wp-content\/uploads\/2025\/07\/Imagen-de-patinadora-foto-2-768x512.jpg 768w, https:\/\/www.medellin.gov.co\/es\/wp-content\/uploads\/2025\/07\/Imagen-de-patinadora-foto-2.jpg 1080w\" sizes=\"(max-width: 1024px) 100vw, 1024px\" \/><\/p>\n<p>Del 10 al 13 de julio, Medell\u00edn ser\u00e1 la sede del gran cierre del evento continental de patinaje, tras un acuerdo entre la <a href=\"https:\/\/worldskateamerica.org\/\" target=\"_blank\" rel=\"noopener\">World Skate America<\/a> y la <a href=\"https:\/\/www.medellin.gov.co\/es\/\" target=\"_blank\" rel=\"noopener\">Alcald\u00eda de Medell\u00edn<\/a>, a trav\u00e9s del Inder. El \u00a0patin\u00f3dromo Guillermo Le\u00f3n Botero acoger\u00e1 las carreras internacionales y una gran marat\u00f3n urbana para cerrar. Se esperan cerca de 2000 personas del continente entre deportistas, delegaciones y acompa\u00f1antes. Este evento internacional consolida una vez m\u00e1s a nuestra capital como epicentro del deporte en Am\u00e9rica Latina.<\/p>\n<p><img loading=\"lazy\" class=\"alignnone size-full wp-image-424310\" src=\"https:\/\/www.medellin.gov.co\/es\/wp-content\/uploads\/2025\/07\/Imagen-ganadora-con-copa-foto-7.jpg\" alt=\"Imagen ganadora con copa foto 7\" width=\"825\" height=\"720\" srcset=\"https:\/\/www.medellin.gov.co\/es\/wp-content\/uploads\/2025\/07\/Imagen-ganadora-con-copa-foto-7.jpg 825w, https:\/\/www.medellin.gov.co\/es\/wp-content\/uploads\/2025\/07\/Imagen-ganadora-con-copa-foto-7-300x262.jpg 300w, https:\/\/www.medellin.gov.co\/es\/wp-content\/uploads\/2025\/07\/Imagen-ganadora-con-copa-foto-7-150x131.jpg 150w, https:\/\/www.medellin.gov.co\/es\/wp-content\/uploads\/2025\/07\/Imagen-ganadora-con-copa-foto-7-768x670.jpg 768w\" sizes=\"(max-width: 825px) 100vw, 825px\" \/><\/p>\n<p>Y ah\u00ed estar\u00e1 Juanita, tambi\u00e9n como reflejo de una ciudad que se levanta, entrena, compite y transforma vidas a trav\u00e9s del deporte.<\/p>\n","protected":false},"excerpt":{"rendered":"<p>Juanita Mazo G\u00f3mez tiene nueve a\u00f1os, y en su espalda lleva m\u00e1s que una maleta con casco y patines; carga historias de cicatrices, logros, entrenamientos, ca\u00eddas y aprendizajes que han marcado su corta pero firme &#8230;<\/p>\n","protected":false},"author":97,"featured_media":424317,"comment_status":"open","ping_status":"open","sticky":false,"template":"","format":"standard","meta":[],"categories":[531,17],"tags":[689],"formato_nota":[],"programas_tax":[],"acf":[],"_links":{"self":[{"href":"https:\/\/www.medellin.gov.co\/es\/wp-json\/wp\/v2\/posts\/424304"}],"collection":[{"href":"https:\/\/www.medellin.gov.co\/es\/wp-json\/wp\/v2\/posts"}],"about":[{"href":"https:\/\/www.medellin.gov.co\/es\/wp-json\/wp\/v2\/types\/post"}],"author":[{"embeddable":true,"href":"https:\/\/www.medellin.gov.co\/es\/wp-json\/wp\/v2\/users\/97"}],"replies":[{"embeddable":true,"href":"https:\/\/www.medellin.gov.co\/es\/wp-json\/wp\/v2\/comments?post=424304"}],"version-history":[{"count":2,"href":"https:\/\/www.medellin.gov.co\/es\/wp-json\/wp\/v2\/posts\/424304\/revisions"}],"predecessor-version":[{"id":424321,"href":"https:\/\/www.medellin.gov.co\/es\/wp-json\/wp\/v2\/posts\/424304\/revisions\/424321"}],"wp:featuredmedia":[{"embeddable":true,"href":"https:\/\/www.medellin.gov.co\/es\/wp-json\/wp\/v2\/media\/424317"}],"wp:attachment":[{"href":"https:\/\/www.medellin.gov.co\/es\/wp-json\/wp\/v2\/media?parent=424304"}],"wp:term":[{"taxonomy":"category","embeddable":true,"href":"https:\/\/www.medellin.gov.co\/es\/wp-json\/wp\/v2\/categories?post=424304"},{"taxonomy":"post_tag","embeddable":true,"href":"https:\/\/www.medellin.gov.co\/es\/wp-json\/wp\/v2\/tags?post=424304"},{"taxonomy":"formato_nota","embeddable":true,"href":"https:\/\/www.medellin.gov.co\/es\/wp-json\/wp\/v2\/formato_nota?post=424304"},{"taxonomy":"programas_tax","embeddable":true,"href":"https:\/\/www.medellin.gov.co\/es\/wp-json\/wp\/v2\/programas_tax?post=424304"}],"curies":[{"name":"wp","href":"https:\/\/api.w.org\/{rel}","templated":true}]}}