{"id":424445,"date":"2025-07-03T15:42:59","date_gmt":"2025-07-03T20:42:59","guid":{"rendered":"https:\/\/www.medellin.gov.co\/es\/?p=424445"},"modified":"2025-07-03T15:42:59","modified_gmt":"2025-07-03T20:42:59","slug":"en-64-avanzan-trabajos-en-vias-peatonales-y-obras-complementarias-en-medellin","status":"publish","type":"post","link":"https:\/\/www.medellin.gov.co\/es\/sala-de-prensa\/noticias\/en-64-avanzan-trabajos-en-vias-peatonales-y-obras-complementarias-en-medellin\/","title":{"rendered":"En 64 % avanzan trabajos en v\u00edas peatonales y obras complementarias en Medell\u00edn"},"content":{"rendered":"<ul>\n<li>La inversi\u00f3n es superior a $13.300 millones entre obras e interventor\u00eda.<\/li>\n<\/ul>\n<!--[if lt IE 9]><script>document.createElement('audio');<\/script><![endif]-->\n\t<div class=\"wp-playlist wp-audio-playlist wp-playlist-light\">\n\t\t\t<div class=\"wp-playlist-current-item\"><\/div>\n\t\t<audio controls=\"controls\" preload=\"none\" width=\"640\"\n\t\t\t><\/audio>\n\t<div class=\"wp-playlist-next\"><\/div>\n\t<div class=\"wp-playlist-prev\"><\/div>\n\t<noscript>\n\t<ol>\n\t\t<li><a href='https:\/\/www.medellin.gov.co\/es\/wp-content\/uploads\/2025\/07\/Declaraciones-secretario-de-Infraestructura-Fisica-Jaime-Andres-Naranjo-Medina.mp3'>Declaraciones secretario de Infraestructura F\u00edsica, Jaime Andr\u00e9s Naranjo Medina<\/a><\/li>\t<\/ol>\n\t<\/noscript>\n\t<script type=\"application\/json\" class=\"wp-playlist-script\">{\"type\":\"audio\",\"tracklist\":true,\"tracknumbers\":true,\"images\":true,\"artists\":true,\"tracks\":[{\"src\":\"https:\\\/\\\/www.medellin.gov.co\\\/es\\\/wp-content\\\/uploads\\\/2025\\\/07\\\/Declaraciones-secretario-de-Infraestructura-Fisica-Jaime-Andres-Naranjo-Medina.mp3\",\"type\":\"audio\\\/mpeg\",\"title\":\"Declaraciones secretario de Infraestructura F\\u00edsica, Jaime Andr\\u00e9s Naranjo Medina\",\"caption\":\"\",\"description\":\"\\u00abDeclaraciones secretario de Infraestructura F\\u00edsica, Jaime Andr\\u00e9s Naranjo Medina\\u00bb. G\\u00e9nero: Blues.\",\"meta\":{\"genre\":\"Blues\",\"length_formatted\":\"0:31\"},\"image\":{\"src\":\"https:\\\/\\\/www.medellin.gov.co\\\/es\\\/wp-includes\\\/images\\\/media\\\/audio.png\",\"width\":48,\"height\":64},\"thumb\":{\"src\":\"https:\\\/\\\/www.medellin.gov.co\\\/es\\\/wp-includes\\\/images\\\/media\\\/audio.png\",\"width\":48,\"height\":64}}]}<\/script>\n<\/div>\n\t\n<p>A trav\u00e9s del contrato para la construcci\u00f3n, mejoramiento y conservaci\u00f3n de v\u00edas peatonales, as\u00ed como de la ejecuci\u00f3n de obras complementarias en distintos sectores de la ciudad, la Administraci\u00f3n Distrital fortalece la infraestructura urbana y mejora la movilidad peatonal.<\/p>\n<p><img loading=\"lazy\" class=\"alignnone wp-image-424457 size-full\" src=\"https:\/\/www.medellin.gov.co\/es\/wp-content\/uploads\/2025\/07\/Imagen-vias-peatonales-y-obras-2.jpg\" alt=\"Imagen v\u00edas peatonales y obras (2)\" width=\"1133\" height=\"850\" srcset=\"https:\/\/www.medellin.gov.co\/es\/wp-content\/uploads\/2025\/07\/Imagen-vias-peatonales-y-obras-2.jpg 1133w, https:\/\/www.medellin.gov.co\/es\/wp-content\/uploads\/2025\/07\/Imagen-vias-peatonales-y-obras-2-300x225.jpg 300w, https:\/\/www.medellin.gov.co\/es\/wp-content\/uploads\/2025\/07\/Imagen-vias-peatonales-y-obras-2-1024x768.jpg 1024w, https:\/\/www.medellin.gov.co\/es\/wp-content\/uploads\/2025\/07\/Imagen-vias-peatonales-y-obras-2-150x113.jpg 150w, https:\/\/www.medellin.gov.co\/es\/wp-content\/uploads\/2025\/07\/Imagen-vias-peatonales-y-obras-2-768x576.jpg 768w\" sizes=\"(max-width: 1133px) 100vw, 1133px\" \/><\/p>\n<p>Actualmente, se intervienen 42 puntos, ubicados en las comunas Popular, Santa Cruz, Aranjuez, Doce de Octubre, Robledo, Buenos Aires, La Candelaria, Laureles\/Estadio, La Am\u00e9rica, El Poblado y Bel\u00e9n, abarcando zonas estrat\u00e9gicas con alta demanda de movilidad peatonal y prioridad social. Estas acciones responden a necesidades identificadas por las comunidades y a criterios t\u00e9cnicos definidos por la Administraci\u00f3n Distrital.<\/p>\n<p>\u201cEl contrato para el mejoramiento y construcci\u00f3n de andenes inici\u00f3 el 5 de noviembre de 2024 y tiene una duraci\u00f3n de 11 meses. Avanza sin contratiempos, con un progreso f\u00edsico de 64 %, lo que evidencia un ritmo de ejecuci\u00f3n muy favorable. El valor total de la obra y la interventor\u00eda superan los $13.300 millones y ha permitido intervenir m\u00e1s de 11.500 metros cuadrados\u201d, expres\u00f3 el secretario de Infraestructura F\u00edsica, Jaime Andr\u00e9s Naranjo Medina.<\/p>\n\n\t\t<style type=\"text\/css\">\n\t\t\t#gallery-1 {\n\t\t\t\tmargin: auto;\n\t\t\t}\n\t\t\t#gallery-1 .gallery-item {\n\t\t\t\tfloat: left;\n\t\t\t\tmargin-top: 10px;\n\t\t\t\ttext-align: center;\n\t\t\t\twidth: 50%;\n\t\t\t}\n\t\t\t#gallery-1 img {\n\t\t\t\tborder: 2px solid #cfcfcf;\n\t\t\t}\n\t\t\t#gallery-1 .gallery-caption {\n\t\t\t\tmargin-left: 0;\n\t\t\t}\n\t\t\t\/* see gallery_shortcode() in wp-includes\/media.php *\/\n\t\t<\/style>\n\t\t<div id='gallery-1' class='gallery galleryid-424445 gallery-columns-2 gallery-size-full'><dl class='gallery-item'>\n\t\t\t<dt class='gallery-icon landscape'>\n\t\t\t\t<a href='https:\/\/www.medellin.gov.co\/es\/sala-de-prensa\/noticias\/en-64-avanzan-trabajos-en-vias-peatonales-y-obras-complementarias-en-medellin\/imagen-vias-peatonales-y-obras-1\/'><img width=\"1133\" height=\"850\" src=\"https:\/\/www.medellin.gov.co\/es\/wp-content\/uploads\/2025\/07\/Imagen-vias-peatonales-y-obras-1.jpg\" class=\"attachment-full size-full\" alt=\"Imagen v\u00edas peatonales y obras (1)\" loading=\"lazy\" srcset=\"https:\/\/www.medellin.gov.co\/es\/wp-content\/uploads\/2025\/07\/Imagen-vias-peatonales-y-obras-1.jpg 1133w, https:\/\/www.medellin.gov.co\/es\/wp-content\/uploads\/2025\/07\/Imagen-vias-peatonales-y-obras-1-300x225.jpg 300w, https:\/\/www.medellin.gov.co\/es\/wp-content\/uploads\/2025\/07\/Imagen-vias-peatonales-y-obras-1-1024x768.jpg 1024w, https:\/\/www.medellin.gov.co\/es\/wp-content\/uploads\/2025\/07\/Imagen-vias-peatonales-y-obras-1-150x113.jpg 150w, https:\/\/www.medellin.gov.co\/es\/wp-content\/uploads\/2025\/07\/Imagen-vias-peatonales-y-obras-1-768x576.jpg 768w\" sizes=\"(max-width: 1133px) 100vw, 1133px\" \/><\/a>\n\t\t\t<\/dt><\/dl><dl class='gallery-item'>\n\t\t\t<dt class='gallery-icon landscape'>\n\t\t\t\t<a href='https:\/\/www.medellin.gov.co\/es\/sala-de-prensa\/noticias\/en-64-avanzan-trabajos-en-vias-peatonales-y-obras-complementarias-en-medellin\/imagen-vias-peatonales-y-obras-3\/'><img width=\"1133\" height=\"850\" src=\"https:\/\/www.medellin.gov.co\/es\/wp-content\/uploads\/2025\/07\/Imagen-vias-peatonales-y-obras-3.jpg\" class=\"attachment-full size-full\" alt=\"Imagen v\u00edas peatonales y obras (3)\" loading=\"lazy\" srcset=\"https:\/\/www.medellin.gov.co\/es\/wp-content\/uploads\/2025\/07\/Imagen-vias-peatonales-y-obras-3.jpg 1133w, https:\/\/www.medellin.gov.co\/es\/wp-content\/uploads\/2025\/07\/Imagen-vias-peatonales-y-obras-3-300x225.jpg 300w, https:\/\/www.medellin.gov.co\/es\/wp-content\/uploads\/2025\/07\/Imagen-vias-peatonales-y-obras-3-1024x768.jpg 1024w, https:\/\/www.medellin.gov.co\/es\/wp-content\/uploads\/2025\/07\/Imagen-vias-peatonales-y-obras-3-150x113.jpg 150w, https:\/\/www.medellin.gov.co\/es\/wp-content\/uploads\/2025\/07\/Imagen-vias-peatonales-y-obras-3-768x576.jpg 768w\" sizes=\"(max-width: 1133px) 100vw, 1133px\" \/><\/a>\n\t\t\t<\/dt><\/dl><br style=\"clear: both\" \/>\n\t\t<\/div>\n\n<p>Los andenes con un ancho m\u00ednimo de 1.80 metros incluyen la gu\u00eda t\u00e1ctil en el centro. Esta es una herramienta de apoyo y orientaci\u00f3n para las personas con discapacidad visual. Los andenes con un ancho menor al anteriormente mencionado, cuentan con una franja lateral, que permite una mejor orientaci\u00f3n.<\/p>\n<p>Este contrato reafirma el compromiso institucional con una Medell\u00edn m\u00e1s segura, accesible y amigable. Las intervenciones en infraestructura peatonal representan una apuesta por una ciudad donde el espacio p\u00fablico sea digno, funcional y pensado para el bienestar colectivo.<\/p>\n","protected":false},"excerpt":{"rendered":"<p>La inversi\u00f3n es superior a $13.300 millones entre obras e interventor\u00eda. A trav\u00e9s del contrato para la construcci\u00f3n, mejoramiento y conservaci\u00f3n de v\u00edas peatonales, as\u00ed como de la ejecuci\u00f3n de obras complementarias en distintos sectores &#8230;<\/p>\n","protected":false},"author":95,"featured_media":424451,"comment_status":"open","ping_status":"open","sticky":false,"template":"","format":"standard","meta":[],"categories":[11],"tags":[442],"formato_nota":[],"programas_tax":[],"acf":[],"_links":{"self":[{"href":"https:\/\/www.medellin.gov.co\/es\/wp-json\/wp\/v2\/posts\/424445"}],"collection":[{"href":"https:\/\/www.medellin.gov.co\/es\/wp-json\/wp\/v2\/posts"}],"about":[{"href":"https:\/\/www.medellin.gov.co\/es\/wp-json\/wp\/v2\/types\/post"}],"author":[{"embeddable":true,"href":"https:\/\/www.medellin.gov.co\/es\/wp-json\/wp\/v2\/users\/95"}],"replies":[{"embeddable":true,"href":"https:\/\/www.medellin.gov.co\/es\/wp-json\/wp\/v2\/comments?post=424445"}],"version-history":[{"count":1,"href":"https:\/\/www.medellin.gov.co\/es\/wp-json\/wp\/v2\/posts\/424445\/revisions"}],"predecessor-version":[{"id":424501,"href":"https:\/\/www.medellin.gov.co\/es\/wp-json\/wp\/v2\/posts\/424445\/revisions\/424501"}],"wp:featuredmedia":[{"embeddable":true,"href":"https:\/\/www.medellin.gov.co\/es\/wp-json\/wp\/v2\/media\/424451"}],"wp:attachment":[{"href":"https:\/\/www.medellin.gov.co\/es\/wp-json\/wp\/v2\/media?parent=424445"}],"wp:term":[{"taxonomy":"category","embeddable":true,"href":"https:\/\/www.medellin.gov.co\/es\/wp-json\/wp\/v2\/categories?post=424445"},{"taxonomy":"post_tag","embeddable":true,"href":"https:\/\/www.medellin.gov.co\/es\/wp-json\/wp\/v2\/tags?post=424445"},{"taxonomy":"formato_nota","embeddable":true,"href":"https:\/\/www.medellin.gov.co\/es\/wp-json\/wp\/v2\/formato_nota?post=424445"},{"taxonomy":"programas_tax","embeddable":true,"href":"https:\/\/www.medellin.gov.co\/es\/wp-json\/wp\/v2\/programas_tax?post=424445"}],"curies":[{"name":"wp","href":"https:\/\/api.w.org\/{rel}","templated":true}]}}