{"id":429168,"date":"2025-07-16T14:33:22","date_gmt":"2025-07-16T19:33:22","guid":{"rendered":"https:\/\/www.medellin.gov.co\/es\/?p=429168"},"modified":"2025-07-16T14:33:22","modified_gmt":"2025-07-16T19:33:22","slug":"descubre-que-es-una-unidad-de-planificacion-rural-y-como-puede-transformar-tu-territorio","status":"publish","type":"post","link":"https:\/\/www.medellin.gov.co\/es\/sala-de-prensa\/noticias\/descubre-que-es-una-unidad-de-planificacion-rural-y-como-puede-transformar-tu-territorio\/","title":{"rendered":"Descubre qu\u00e9 es una Unidad de Planificaci\u00f3n Rural y c\u00f3mo puede transformar tu territorio"},"content":{"rendered":"<h4>\u00bfQu\u00e9 es una UPR?<\/h4>\n<p>Una Unidad de Planificaci\u00f3n Rural (UPR) es una herramienta t\u00e9cnica y normativa que sirve para organizar y proyectar el desarrollo de una zona espec\u00edfica del territorio rural.<\/p>\n<p>Es un complemento del Plan de Ordenamiento Territorial (POT), pero con un enfoque mucho m\u00e1s localizado. La UPR define c\u00f3mo debe crecer o transformarse una vereda o corregimiento, teniendo en cuenta sus particularidades sociales, ambientales, econ\u00f3micas y culturales.<\/p>\n<p>Este instrumento permite establecer normas urban\u00edsticas claras, definir proyectos estrat\u00e9gicos, y orientar inversiones p\u00fablicas y privadas a corto, mediano y largo plazo.<\/p>\n<p><img loading=\"lazy\" class=\"alignnone size-large wp-image-429197\" src=\"https:\/\/www.medellin.gov.co\/es\/wp-content\/uploads\/2025\/07\/Imagen-de-corregimiento-1024x576.jpg\" alt=\"Imagen de corregimiento\" width=\"1024\" height=\"576\" srcset=\"https:\/\/www.medellin.gov.co\/es\/wp-content\/uploads\/2025\/07\/Imagen-de-corregimiento-1024x576.jpg 1024w, https:\/\/www.medellin.gov.co\/es\/wp-content\/uploads\/2025\/07\/Imagen-de-corregimiento-300x169.jpg 300w, https:\/\/www.medellin.gov.co\/es\/wp-content\/uploads\/2025\/07\/Imagen-de-corregimiento-150x84.jpg 150w, https:\/\/www.medellin.gov.co\/es\/wp-content\/uploads\/2025\/07\/Imagen-de-corregimiento-768x432.jpg 768w, https:\/\/www.medellin.gov.co\/es\/wp-content\/uploads\/2025\/07\/Imagen-de-corregimiento.jpg 1280w\" sizes=\"(max-width: 1024px) 100vw, 1024px\" \/><\/p>\n<h4>\u00bfPara qu\u00e9 sirve una UPR?<\/h4>\n<p>Las UPR permiten pasar del discurso a la acci\u00f3n. Ayudan a que el desarrollo rural no dependa solo de voluntades pol\u00edticas, sino de un plan t\u00e9cnico y participativo con visi\u00f3n a futuro.<\/p>\n<p>1. Planear y ejecutar proyectos concretos en temas como:<\/p>\n<ul>\n<li>Vivienda nueva y mejoramientos.<\/li>\n<li>Espacio p\u00fablico: parques, ecoparques, plazoletas.<\/li>\n<li>Equipamientos educativos, comunitarios, cient\u00edficos o tecnol\u00f3gicos.<\/li>\n<li>Nuevas v\u00edas peatonales y ciclorrutas.<\/li>\n<li>Corredores verdes y conectividad ambiental.<\/li>\n<li>Recuperaci\u00f3n de fuentes h\u00eddricas y protecci\u00f3n del entorno.<\/li>\n<\/ul>\n<p><img loading=\"lazy\" class=\"alignnone size-large wp-image-357761\" src=\"https:\/\/www.medellin.gov.co\/es\/wp-content\/uploads\/2024\/10\/Nin\u0303os-de-corregimientos-vocacion-agropecuaria-1-1024x768.jpg\" alt=\"Foto corregimiento\" width=\"1024\" height=\"768\" srcset=\"https:\/\/www.medellin.gov.co\/es\/wp-content\/uploads\/2024\/10\/Nin\u0303os-de-corregimientos-vocacion-agropecuaria-1-1024x768.jpg 1024w, https:\/\/www.medellin.gov.co\/es\/wp-content\/uploads\/2024\/10\/Nin\u0303os-de-corregimientos-vocacion-agropecuaria-1-300x225.jpg 300w, https:\/\/www.medellin.gov.co\/es\/wp-content\/uploads\/2024\/10\/Nin\u0303os-de-corregimientos-vocacion-agropecuaria-1-150x113.jpg 150w, https:\/\/www.medellin.gov.co\/es\/wp-content\/uploads\/2024\/10\/Nin\u0303os-de-corregimientos-vocacion-agropecuaria-1-768x576.jpg 768w, https:\/\/www.medellin.gov.co\/es\/wp-content\/uploads\/2024\/10\/Nin\u0303os-de-corregimientos-vocacion-agropecuaria-1.jpg 1200w\" sizes=\"(max-width: 1024px) 100vw, 1024px\" \/><\/p>\n<p>2. Evitar el crecimiento desordenado o las construcciones sin control en suelo rural.<\/p>\n<p>3. Articular el trabajo de diferentes entidades p\u00fablicas, con las necesidades de las comunidades.<\/p>\n<p>4. Visibilizar las prioridades reales de los territorios rurales en los planes de desarrollo de la ciudad.<\/p>\n<h4>\u00bfPor qu\u00e9 es tan importante para Medell\u00edn?<\/h4>\n<p><img loading=\"lazy\" class=\"alignnone size-full wp-image-348081\" src=\"https:\/\/www.medellin.gov.co\/es\/wp-content\/uploads\/2024\/09\/corregimiento-santa-elena.jpg\" alt=\"Imagen Corregimiento de Santa Elena\" width=\"981\" height=\"653\" srcset=\"https:\/\/www.medellin.gov.co\/es\/wp-content\/uploads\/2024\/09\/corregimiento-santa-elena.jpg 981w, https:\/\/www.medellin.gov.co\/es\/wp-content\/uploads\/2024\/09\/corregimiento-santa-elena-300x200.jpg 300w, https:\/\/www.medellin.gov.co\/es\/wp-content\/uploads\/2024\/09\/corregimiento-santa-elena-150x100.jpg 150w, https:\/\/www.medellin.gov.co\/es\/wp-content\/uploads\/2024\/09\/corregimiento-santa-elena-768x511.jpg 768w\" sizes=\"(max-width: 981px) 100vw, 981px\" \/><\/p>\n<p>Porque Medell\u00edn es tambi\u00e9n rural: m\u00e1s del 70% de su territorio est\u00e1 en los corregimientos, y permite que las comunidades rurales tengan una hoja de ruta clara para transformar su territorio con dignidad. Gracias a la firma de la primera UPR de Medell\u00edn en la vereda El Llano, en el corregimiento de San Crist\u00f3bal (<a href=\"https:\/\/www.medellin.gov.co\/es\/sala-de-prensa\/noticias\/vereda-de-medellin-es-la-primera-en-contar-con-unidad-de-planificacion-rural\/\" target=\"_blank\" rel=\"noopener\">leer m\u00e1s<\/a>) se podr\u00e1n gestionar en la actual o futuras administraciones:<\/p>\n<ul>\n<li>6 proyectos de vivienda nueva (226 soluciones habitacionales).<\/li>\n<li>50 mejoramientos de vivienda.<\/li>\n<li>3 nuevos equipamientos para ciencia, educaci\u00f3n y comunidad.<\/li>\n<li>23.971 m\u00b2 de nuevos espacios p\u00fablicos.<\/li>\n<li>+1.600 metros de v\u00edas peatonales.<\/li>\n<li>740 metros de corredores verdes.<\/li>\n<li>570 m\u00b2 de nuevas ciclorrutas.<\/li>\n<li>Recuperaci\u00f3n de las quebradas La Puerta y La Monta\u00f1ita.<\/li>\n<\/ul>\n","protected":false},"excerpt":{"rendered":"<p>\u00bfQu\u00e9 es una UPR? Una Unidad de Planificaci\u00f3n Rural (UPR) es una herramienta t\u00e9cnica y normativa que sirve para organizar y proyectar el desarrollo de una zona espec\u00edfica del territorio rural. Es un complemento del &#8230;<\/p>\n","protected":false},"author":97,"featured_media":429198,"comment_status":"open","ping_status":"open","sticky":false,"template":"","format":"standard","meta":[],"categories":[24],"tags":[440,436,443],"formato_nota":[],"programas_tax":[],"acf":[],"_links":{"self":[{"href":"https:\/\/www.medellin.gov.co\/es\/wp-json\/wp\/v2\/posts\/429168"}],"collection":[{"href":"https:\/\/www.medellin.gov.co\/es\/wp-json\/wp\/v2\/posts"}],"about":[{"href":"https:\/\/www.medellin.gov.co\/es\/wp-json\/wp\/v2\/types\/post"}],"author":[{"embeddable":true,"href":"https:\/\/www.medellin.gov.co\/es\/wp-json\/wp\/v2\/users\/97"}],"replies":[{"embeddable":true,"href":"https:\/\/www.medellin.gov.co\/es\/wp-json\/wp\/v2\/comments?post=429168"}],"version-history":[{"count":1,"href":"https:\/\/www.medellin.gov.co\/es\/wp-json\/wp\/v2\/posts\/429168\/revisions"}],"predecessor-version":[{"id":429202,"href":"https:\/\/www.medellin.gov.co\/es\/wp-json\/wp\/v2\/posts\/429168\/revisions\/429202"}],"wp:featuredmedia":[{"embeddable":true,"href":"https:\/\/www.medellin.gov.co\/es\/wp-json\/wp\/v2\/media\/429198"}],"wp:attachment":[{"href":"https:\/\/www.medellin.gov.co\/es\/wp-json\/wp\/v2\/media?parent=429168"}],"wp:term":[{"taxonomy":"category","embeddable":true,"href":"https:\/\/www.medellin.gov.co\/es\/wp-json\/wp\/v2\/categories?post=429168"},{"taxonomy":"post_tag","embeddable":true,"href":"https:\/\/www.medellin.gov.co\/es\/wp-json\/wp\/v2\/tags?post=429168"},{"taxonomy":"formato_nota","embeddable":true,"href":"https:\/\/www.medellin.gov.co\/es\/wp-json\/wp\/v2\/formato_nota?post=429168"},{"taxonomy":"programas_tax","embeddable":true,"href":"https:\/\/www.medellin.gov.co\/es\/wp-json\/wp\/v2\/programas_tax?post=429168"}],"curies":[{"name":"wp","href":"https:\/\/api.w.org\/{rel}","templated":true}]}}