{"id":433681,"date":"2025-07-24T09:13:03","date_gmt":"2025-07-24T14:13:03","guid":{"rendered":"https:\/\/www.medellin.gov.co\/es\/?p=433681"},"modified":"2025-07-24T09:13:03","modified_gmt":"2025-07-24T14:13:03","slug":"con-intervenciones-en-14-comunas-avanza-la-estrategia-de-las-cuadrillas-de-la-alcaldia-de-la-gente","status":"publish","type":"post","link":"https:\/\/www.medellin.gov.co\/es\/sala-de-prensa\/noticias\/con-intervenciones-en-14-comunas-avanza-la-estrategia-de-las-cuadrillas-de-la-alcaldia-de-la-gente\/","title":{"rendered":"Con intervenciones en 14 comunas, avanza la estrategia de Las Cuadrillas de la Alcald\u00eda de la Gente"},"content":{"rendered":"<ul>\n<li>Con esta iniciativa se han generado m\u00e1s de 300 empleos para adelantar obras menores en los barrios.<\/li>\n<li>A la fecha se han ejecutado m\u00e1s de $5.115 millones.<\/li>\n<\/ul>\n<!--[if lt IE 9]><script>document.createElement('audio');<\/script><![endif]-->\n\t<div class=\"wp-playlist wp-audio-playlist wp-playlist-light\">\n\t\t\t<div class=\"wp-playlist-current-item\"><\/div>\n\t\t<audio controls=\"controls\" preload=\"none\" width=\"640\"\n\t\t\t><\/audio>\n\t<div class=\"wp-playlist-next\"><\/div>\n\t<div class=\"wp-playlist-prev\"><\/div>\n\t<noscript>\n\t<ol>\n\t\t<li><a href='https:\/\/www.medellin.gov.co\/es\/wp-content\/uploads\/2025\/07\/Declaraciones-del-secretario-e-de-Infraestructura-Fisica-Jorge-Ivan-Jaramillo-Perez.mp3'>Declaraciones del secretario (e) de Infraestructura F\u00edsica, Jorge Iv\u00e1n\u00a0Jaramillo\u00a0P\u00e9rez<\/a><\/li><li><a href='https:\/\/www.medellin.gov.co\/es\/wp-content\/uploads\/2025\/07\/Declaraciones-del-gerente-de-la-EDU-Emiro-Valdes-Lopez.mp3'>Declaraciones del gerente de la EDU, Emiro Vald\u00e9s\u00a0L\u00f3pez<\/a><\/li>\t<\/ol>\n\t<\/noscript>\n\t<script type=\"application\/json\" class=\"wp-playlist-script\">{\"type\":\"audio\",\"tracklist\":true,\"tracknumbers\":true,\"images\":true,\"artists\":true,\"tracks\":[{\"src\":\"https:\\\/\\\/www.medellin.gov.co\\\/es\\\/wp-content\\\/uploads\\\/2025\\\/07\\\/Declaraciones-del-secretario-e-de-Infraestructura-Fisica-Jorge-Ivan-Jaramillo-Perez.mp3\",\"type\":\"audio\\\/mpeg\",\"title\":\"Declaraciones del secretario (e) de Infraestructura F\\u00edsica, Jorge Iv\\u00e1n\\u00a0Jaramillo\\u00a0P\\u00e9rez\",\"caption\":\"\",\"description\":\"\\u00abDeclaraciones del secretario (e) de Infraestructura F\\u00edsica, Jorge Iv\\u00e1n\\u00a0Jaramillo\\u00a0P\\u00e9rez\\u00bb.\",\"meta\":{\"length_formatted\":\"0:37\"},\"image\":{\"src\":\"https:\\\/\\\/www.medellin.gov.co\\\/es\\\/wp-includes\\\/images\\\/media\\\/audio.png\",\"width\":48,\"height\":64},\"thumb\":{\"src\":\"https:\\\/\\\/www.medellin.gov.co\\\/es\\\/wp-includes\\\/images\\\/media\\\/audio.png\",\"width\":48,\"height\":64}},{\"src\":\"https:\\\/\\\/www.medellin.gov.co\\\/es\\\/wp-content\\\/uploads\\\/2025\\\/07\\\/Declaraciones-del-gerente-de-la-EDU-Emiro-Valdes-Lopez.mp3\",\"type\":\"audio\\\/mpeg\",\"title\":\"Declaraciones del gerente de la EDU, Emiro Vald\\u00e9s\\u00a0L\\u00f3pez\",\"caption\":\"\",\"description\":\"\\u00abDeclaraciones del gerente de la EDU, Emiro Vald\\u00e9s\\u00a0L\\u00f3pez\\u00bb.\",\"meta\":{\"length_formatted\":\"1:09\"},\"image\":{\"src\":\"https:\\\/\\\/www.medellin.gov.co\\\/es\\\/wp-includes\\\/images\\\/media\\\/audio.png\",\"width\":48,\"height\":64},\"thumb\":{\"src\":\"https:\\\/\\\/www.medellin.gov.co\\\/es\\\/wp-includes\\\/images\\\/media\\\/audio.png\",\"width\":48,\"height\":64}}]}<\/script>\n<\/div>\n\t\n<p>Con m\u00e1s de 430 puntos intervenidos en 14 comunas de la ciudad, el Distrito avanza con Las Cuadrillas de la Alcald\u00eda de la Gente, iniciativa para atender afectaciones en espacios p\u00fablicos por medio de mantenimientos, mejoramientos, adecuaciones y recuperaciones.<\/p>\n<p>Un mes despu\u00e9s de presentada la estrategia, las cuadrillas han llegado a las comunas Popular, Santa Cruz, Manrique, Aranjuez, Castilla, Doce de Octubre, Robledo, Villa Hermosa, Buenos Aires, La Candelaria, Laureles-Estadio, La Am\u00e9rica, El Poblado y Bel\u00e9n, para el mejoramiento y recuperaci\u00f3n de andenes, escalas, bordillos, cunetas, pasamanos, sumideros y otras obras complementarias.<\/p>\n\n\t\t<style type=\"text\/css\">\n\t\t\t#gallery-1 {\n\t\t\t\tmargin: auto;\n\t\t\t}\n\t\t\t#gallery-1 .gallery-item {\n\t\t\t\tfloat: left;\n\t\t\t\tmargin-top: 10px;\n\t\t\t\ttext-align: center;\n\t\t\t\twidth: 50%;\n\t\t\t}\n\t\t\t#gallery-1 img {\n\t\t\t\tborder: 2px solid #cfcfcf;\n\t\t\t}\n\t\t\t#gallery-1 .gallery-caption {\n\t\t\t\tmargin-left: 0;\n\t\t\t}\n\t\t\t\/* see gallery_shortcode() in wp-includes\/media.php *\/\n\t\t<\/style>\n\t\t<div id='gallery-1' class='gallery galleryid-433681 gallery-columns-2 gallery-size-full'><dl class='gallery-item'>\n\t\t\t<dt class='gallery-icon landscape'>\n\t\t\t\t<a href='https:\/\/www.medellin.gov.co\/es\/sala-de-prensa\/noticias\/con-intervenciones-en-14-comunas-avanza-la-estrategia-de-las-cuadrillas-de-la-alcaldia-de-la-gente\/imagen-antes-de-una-calle\/'><img width=\"1081\" height=\"720\" src=\"https:\/\/www.medellin.gov.co\/es\/wp-content\/uploads\/2025\/07\/Imagen-antes-de-una-calle.jpg\" class=\"attachment-full size-full\" alt=\"Imagen antes de una calle\" loading=\"lazy\" aria-describedby=\"gallery-1-433686\" srcset=\"https:\/\/www.medellin.gov.co\/es\/wp-content\/uploads\/2025\/07\/Imagen-antes-de-una-calle.jpg 1081w, https:\/\/www.medellin.gov.co\/es\/wp-content\/uploads\/2025\/07\/Imagen-antes-de-una-calle-300x200.jpg 300w, https:\/\/www.medellin.gov.co\/es\/wp-content\/uploads\/2025\/07\/Imagen-antes-de-una-calle-1024x682.jpg 1024w, https:\/\/www.medellin.gov.co\/es\/wp-content\/uploads\/2025\/07\/Imagen-antes-de-una-calle-150x100.jpg 150w, https:\/\/www.medellin.gov.co\/es\/wp-content\/uploads\/2025\/07\/Imagen-antes-de-una-calle-768x512.jpg 768w\" sizes=\"(max-width: 1081px) 100vw, 1081px\" \/><\/a>\n\t\t\t<\/dt>\n\t\t\t\t<dd class='wp-caption-text gallery-caption' id='gallery-1-433686'>\n\t\t\t\tAntes\n\t\t\t\t<\/dd><\/dl><dl class='gallery-item'>\n\t\t\t<dt class='gallery-icon landscape'>\n\t\t\t\t<a href='https:\/\/www.medellin.gov.co\/es\/sala-de-prensa\/noticias\/con-intervenciones-en-14-comunas-avanza-la-estrategia-de-las-cuadrillas-de-la-alcaldia-de-la-gente\/imagen-despues-de-una-calle\/'><img width=\"960\" height=\"720\" src=\"https:\/\/www.medellin.gov.co\/es\/wp-content\/uploads\/2025\/07\/Imagen-despues-de-una-calle.jpg\" class=\"attachment-full size-full\" alt=\"Imagen despu\u00e9s de una calle\" loading=\"lazy\" aria-describedby=\"gallery-1-433689\" srcset=\"https:\/\/www.medellin.gov.co\/es\/wp-content\/uploads\/2025\/07\/Imagen-despues-de-una-calle.jpg 960w, https:\/\/www.medellin.gov.co\/es\/wp-content\/uploads\/2025\/07\/Imagen-despues-de-una-calle-300x225.jpg 300w, https:\/\/www.medellin.gov.co\/es\/wp-content\/uploads\/2025\/07\/Imagen-despues-de-una-calle-150x113.jpg 150w, https:\/\/www.medellin.gov.co\/es\/wp-content\/uploads\/2025\/07\/Imagen-despues-de-una-calle-768x576.jpg 768w\" sizes=\"(max-width: 960px) 100vw, 960px\" \/><\/a>\n\t\t\t<\/dt>\n\t\t\t\t<dd class='wp-caption-text gallery-caption' id='gallery-1-433689'>\n\t\t\t\tDespu\u00e9s\n\t\t\t\t<\/dd><\/dl><br style=\"clear: both\" \/>\n\t\t<\/div>\n\n<p>\u201c<em>Medell\u00edn est\u00e1 mejorando, y lo estamos haciendo con hechos. A trav\u00e9s de la estrategia Las Cuadrillas de la Alcald\u00eda de la Gente, hemos intervenido varios puntos. Esta iniciativa no solo est\u00e1 transformando el espacio p\u00fablico con obras visibles y necesarias como andenes, escalas, bordillos y sumideros, sino que tambi\u00e9n est\u00e1 resolviendo muchas de las quejas hist\u00f3ricas de la ciudadan\u00eda sobre el deterioro urbano. A Medell\u00edn lo estamos recuperando entre todos, barrio por barrio, y lo estamos haciendo con la gente y para la gente<\/em>\u201d, expres\u00f3 el secretario (e) de Infraestructura F\u00edsica, Jorge Iv\u00e1n Jaramillo P\u00e9rez.<\/p>\n<p>Actualmente, la Empresa de Desarrollo Urbano (EDU) tiene adjudicados seis contratos de obra y dos de interventor\u00eda para adelantar estas obras menores, con una adjudicaci\u00f3n presupuestal superior a los $14.500 millones, de la cual se han ejecutado m\u00e1s de $5.115 millones.<\/p>\n\n\t\t<style type=\"text\/css\">\n\t\t\t#gallery-2 {\n\t\t\t\tmargin: auto;\n\t\t\t}\n\t\t\t#gallery-2 .gallery-item {\n\t\t\t\tfloat: left;\n\t\t\t\tmargin-top: 10px;\n\t\t\t\ttext-align: center;\n\t\t\t\twidth: 50%;\n\t\t\t}\n\t\t\t#gallery-2 img {\n\t\t\t\tborder: 2px solid #cfcfcf;\n\t\t\t}\n\t\t\t#gallery-2 .gallery-caption {\n\t\t\t\tmargin-left: 0;\n\t\t\t}\n\t\t\t\/* see gallery_shortcode() in wp-includes\/media.php *\/\n\t\t<\/style>\n\t\t<div id='gallery-2' class='gallery galleryid-433681 gallery-columns-2 gallery-size-full'><dl class='gallery-item'>\n\t\t\t<dt class='gallery-icon landscape'>\n\t\t\t\t<a href='https:\/\/www.medellin.gov.co\/es\/sala-de-prensa\/noticias\/con-intervenciones-en-14-comunas-avanza-la-estrategia-de-las-cuadrillas-de-la-alcaldia-de-la-gente\/imagen-antes-cuadrilla\/'><img width=\"1081\" height=\"720\" src=\"https:\/\/www.medellin.gov.co\/es\/wp-content\/uploads\/2025\/07\/Imagen-antes-cuadrilla.jpg\" class=\"attachment-full size-full\" alt=\"Imagen antes cuadrilla\" loading=\"lazy\" aria-describedby=\"gallery-2-433685\" srcset=\"https:\/\/www.medellin.gov.co\/es\/wp-content\/uploads\/2025\/07\/Imagen-antes-cuadrilla.jpg 1081w, https:\/\/www.medellin.gov.co\/es\/wp-content\/uploads\/2025\/07\/Imagen-antes-cuadrilla-300x200.jpg 300w, https:\/\/www.medellin.gov.co\/es\/wp-content\/uploads\/2025\/07\/Imagen-antes-cuadrilla-1024x682.jpg 1024w, https:\/\/www.medellin.gov.co\/es\/wp-content\/uploads\/2025\/07\/Imagen-antes-cuadrilla-150x100.jpg 150w, https:\/\/www.medellin.gov.co\/es\/wp-content\/uploads\/2025\/07\/Imagen-antes-cuadrilla-768x512.jpg 768w\" sizes=\"(max-width: 1081px) 100vw, 1081px\" \/><\/a>\n\t\t\t<\/dt>\n\t\t\t\t<dd class='wp-caption-text gallery-caption' id='gallery-2-433685'>\n\t\t\t\tAntes\n\t\t\t\t<\/dd><\/dl><dl class='gallery-item'>\n\t\t\t<dt class='gallery-icon landscape'>\n\t\t\t\t<a href='https:\/\/www.medellin.gov.co\/es\/sala-de-prensa\/noticias\/con-intervenciones-en-14-comunas-avanza-la-estrategia-de-las-cuadrillas-de-la-alcaldia-de-la-gente\/imagen-despues-cuadrilla\/'><img width=\"960\" height=\"720\" src=\"https:\/\/www.medellin.gov.co\/es\/wp-content\/uploads\/2025\/07\/Imagen-despues-cuadrilla.jpg\" class=\"attachment-full size-full\" alt=\"Imagen despu\u00e9s cuadrilla\" loading=\"lazy\" aria-describedby=\"gallery-2-433688\" srcset=\"https:\/\/www.medellin.gov.co\/es\/wp-content\/uploads\/2025\/07\/Imagen-despues-cuadrilla.jpg 960w, https:\/\/www.medellin.gov.co\/es\/wp-content\/uploads\/2025\/07\/Imagen-despues-cuadrilla-300x225.jpg 300w, https:\/\/www.medellin.gov.co\/es\/wp-content\/uploads\/2025\/07\/Imagen-despues-cuadrilla-150x113.jpg 150w, https:\/\/www.medellin.gov.co\/es\/wp-content\/uploads\/2025\/07\/Imagen-despues-cuadrilla-768x576.jpg 768w\" sizes=\"(max-width: 960px) 100vw, 960px\" \/><\/a>\n\t\t\t<\/dt>\n\t\t\t\t<dd class='wp-caption-text gallery-caption' id='gallery-2-433688'>\n\t\t\t\tDespu\u00e9s\n\t\t\t\t<\/dd><\/dl><br style=\"clear: both\" \/>\n\t\t<\/div>\n\n<p><em>\u201cNuestra ciudad est\u00e1 mejorando no solo con grandes obras sino con intervenciones en el espacio p\u00fablico que son muy importantes para nuestros barrios, comunidades y vecinos. Con la estrategia de contingencias seguimos <\/em><em>atendiendo puntos en 14 comunas, donde hemos generado m\u00e1s de 300 <\/em><em>empleos\u201d<\/em>, destac\u00f3 el gerente de la EDU, Emiro Vald\u00e9s L\u00f3pez.<\/p>\n<p><img loading=\"lazy\" class=\"alignnone size-full wp-image-433684\" src=\"https:\/\/www.medellin.gov.co\/es\/wp-content\/uploads\/2025\/07\/Image-trabajadores-en-obra.jpg\" alt=\"Imagen trabajadores en obra\" width=\"960\" height=\"720\" srcset=\"https:\/\/www.medellin.gov.co\/es\/wp-content\/uploads\/2025\/07\/Image-trabajadores-en-obra.jpg 960w, https:\/\/www.medellin.gov.co\/es\/wp-content\/uploads\/2025\/07\/Image-trabajadores-en-obra-300x225.jpg 300w, https:\/\/www.medellin.gov.co\/es\/wp-content\/uploads\/2025\/07\/Image-trabajadores-en-obra-150x113.jpg 150w, https:\/\/www.medellin.gov.co\/es\/wp-content\/uploads\/2025\/07\/Image-trabajadores-en-obra-768x576.jpg 768w\" sizes=\"(max-width: 960px) 100vw, 960px\" \/><\/p>\n<p>Para la implementaci\u00f3n de este plan en 2025, la Secretar\u00eda de Infraestructura F\u00edsica y la EDU tienen un contrato interadministrativo con un presupuesto cercano a los $24.000 millones.<\/p>\n","protected":false},"excerpt":{"rendered":"<p>Con esta iniciativa se han generado m\u00e1s de 300 empleos para adelantar obras menores en los barrios. A la fecha se han ejecutado m\u00e1s de $5.115 millones. Con m\u00e1s de 430 puntos intervenidos en 14 &#8230;<\/p>\n","protected":false},"author":97,"featured_media":433687,"comment_status":"open","ping_status":"open","sticky":false,"template":"","format":"standard","meta":[],"categories":[17],"tags":[634],"formato_nota":[],"programas_tax":[],"acf":[],"_links":{"self":[{"href":"https:\/\/www.medellin.gov.co\/es\/wp-json\/wp\/v2\/posts\/433681"}],"collection":[{"href":"https:\/\/www.medellin.gov.co\/es\/wp-json\/wp\/v2\/posts"}],"about":[{"href":"https:\/\/www.medellin.gov.co\/es\/wp-json\/wp\/v2\/types\/post"}],"author":[{"embeddable":true,"href":"https:\/\/www.medellin.gov.co\/es\/wp-json\/wp\/v2\/users\/97"}],"replies":[{"embeddable":true,"href":"https:\/\/www.medellin.gov.co\/es\/wp-json\/wp\/v2\/comments?post=433681"}],"version-history":[{"count":1,"href":"https:\/\/www.medellin.gov.co\/es\/wp-json\/wp\/v2\/posts\/433681\/revisions"}],"predecessor-version":[{"id":433694,"href":"https:\/\/www.medellin.gov.co\/es\/wp-json\/wp\/v2\/posts\/433681\/revisions\/433694"}],"wp:featuredmedia":[{"embeddable":true,"href":"https:\/\/www.medellin.gov.co\/es\/wp-json\/wp\/v2\/media\/433687"}],"wp:attachment":[{"href":"https:\/\/www.medellin.gov.co\/es\/wp-json\/wp\/v2\/media?parent=433681"}],"wp:term":[{"taxonomy":"category","embeddable":true,"href":"https:\/\/www.medellin.gov.co\/es\/wp-json\/wp\/v2\/categories?post=433681"},{"taxonomy":"post_tag","embeddable":true,"href":"https:\/\/www.medellin.gov.co\/es\/wp-json\/wp\/v2\/tags?post=433681"},{"taxonomy":"formato_nota","embeddable":true,"href":"https:\/\/www.medellin.gov.co\/es\/wp-json\/wp\/v2\/formato_nota?post=433681"},{"taxonomy":"programas_tax","embeddable":true,"href":"https:\/\/www.medellin.gov.co\/es\/wp-json\/wp\/v2\/programas_tax?post=433681"}],"curies":[{"name":"wp","href":"https:\/\/api.w.org\/{rel}","templated":true}]}}