{"id":433695,"date":"2025-07-24T09:22:47","date_gmt":"2025-07-24T14:22:47","guid":{"rendered":"https:\/\/www.medellin.gov.co\/es\/?p=433695"},"modified":"2025-07-24T09:22:47","modified_gmt":"2025-07-24T14:22:47","slug":"en-el-dia-de-la-persona-cuidadora-el-distrito-reafirma-su-compromiso-con-mas-inversion-y-programas","status":"publish","type":"post","link":"https:\/\/www.medellin.gov.co\/es\/sala-de-prensa\/noticias\/en-el-dia-de-la-persona-cuidadora-el-distrito-reafirma-su-compromiso-con-mas-inversion-y-programas\/","title":{"rendered":"En el D\u00eda de la Persona Cuidadora, el Distrito reafirma su compromiso con m\u00e1s inversi\u00f3n y programas"},"content":{"rendered":"<ul>\n<li>La ciudad cuenta con cuatro C\u00edrculos de Cuidado en funcionamiento y se espera llegar a nueve este a\u00f1o.<\/li>\n<li>Seg\u00fan el Observatorio de Igualdad de G\u00e9nero para las Mujeres de Medell\u00edn, m\u00e1s del 50 % de las cuidadoras trabajan m\u00e1s de 30 horas semanales sin remuneraci\u00f3n. El 95 % no recibe pago alguno por su labor.<\/li>\n<\/ul>\n<!--[if lt IE 9]><script>document.createElement('audio');<\/script><![endif]-->\n\t<div class=\"wp-playlist wp-audio-playlist wp-playlist-light\">\n\t\t\t<div class=\"wp-playlist-current-item\"><\/div>\n\t\t<audio controls=\"controls\" preload=\"none\" width=\"640\"\n\t\t\t><\/audio>\n\t<div class=\"wp-playlist-next\"><\/div>\n\t<div class=\"wp-playlist-prev\"><\/div>\n\t<noscript>\n\t<ol>\n\t\t<li><a href='https:\/\/www.medellin.gov.co\/es\/wp-content\/uploads\/2025\/07\/Declaraciones-dela-secretaria-de-las-Mujeres-Valeria-Molina.-Personas-cuidadoras.mp3'>Declaraciones dela secretaria de las Mujeres, Valeria\u00a0Molina. Personas cuidadoras<\/a><\/li><li><a href='https:\/\/www.medellin.gov.co\/es\/wp-content\/uploads\/2025\/07\/Declaraciones-de-la-secretaria-de-Inclusion-Social-y-Familia-Sandra-Sanchez-Alvarez.-Personas-cuidadoras.mp3'>Declaraciones de la secretaria de Inclusi\u00f3n Social y Familia, Sandra\u00a0S\u00e1nchez\u00a0\u00c1lvarez. Personas cuidadoras<\/a><\/li><li><a href='https:\/\/www.medellin.gov.co\/es\/wp-content\/uploads\/2025\/07\/Declaraciones-del-director-del-Inder-Eduardo-Silva-Meluk.-Personas-cuidadoras.mp3'>Declaraciones del director del Inder, Eduardo Silva\u00a0Meluk. Personas cuidadoras<\/a><\/li>\t<\/ol>\n\t<\/noscript>\n\t<script type=\"application\/json\" class=\"wp-playlist-script\">{\"type\":\"audio\",\"tracklist\":true,\"tracknumbers\":true,\"images\":true,\"artists\":true,\"tracks\":[{\"src\":\"https:\\\/\\\/www.medellin.gov.co\\\/es\\\/wp-content\\\/uploads\\\/2025\\\/07\\\/Declaraciones-dela-secretaria-de-las-Mujeres-Valeria-Molina.-Personas-cuidadoras.mp3\",\"type\":\"audio\\\/mpeg\",\"title\":\"Declaraciones dela secretaria de las Mujeres, Valeria\\u00a0Molina. Personas cuidadoras\",\"caption\":\"\",\"description\":\"\\u00abDeclaraciones dela secretaria de las Mujeres, Valeria\\u00a0Molina. Personas cuidadoras\\u00bb. Lanzamiento: 2025.\",\"meta\":{\"year\":\"2025\",\"length_formatted\":\"0:48\"},\"image\":{\"src\":\"https:\\\/\\\/www.medellin.gov.co\\\/es\\\/wp-includes\\\/images\\\/media\\\/audio.png\",\"width\":48,\"height\":64},\"thumb\":{\"src\":\"https:\\\/\\\/www.medellin.gov.co\\\/es\\\/wp-includes\\\/images\\\/media\\\/audio.png\",\"width\":48,\"height\":64}},{\"src\":\"https:\\\/\\\/www.medellin.gov.co\\\/es\\\/wp-content\\\/uploads\\\/2025\\\/07\\\/Declaraciones-de-la-secretaria-de-Inclusion-Social-y-Familia-Sandra-Sanchez-Alvarez.-Personas-cuidadoras.mp3\",\"type\":\"audio\\\/mpeg\",\"title\":\"Declaraciones de la secretaria de Inclusi\\u00f3n Social y Familia, Sandra\\u00a0S\\u00e1nchez\\u00a0\\u00c1lvarez. Personas cuidadoras\",\"caption\":\"\",\"description\":\"\\u00abDeclaraciones de la secretaria de Inclusi\\u00f3n Social y Familia, Sandra\\u00a0S\\u00e1nchez\\u00a0\\u00c1lvarez. Personas cuidadoras\\u00bb.\",\"meta\":{\"length_formatted\":\"0:40\"},\"image\":{\"src\":\"https:\\\/\\\/www.medellin.gov.co\\\/es\\\/wp-includes\\\/images\\\/media\\\/audio.png\",\"width\":48,\"height\":64},\"thumb\":{\"src\":\"https:\\\/\\\/www.medellin.gov.co\\\/es\\\/wp-includes\\\/images\\\/media\\\/audio.png\",\"width\":48,\"height\":64}},{\"src\":\"https:\\\/\\\/www.medellin.gov.co\\\/es\\\/wp-content\\\/uploads\\\/2025\\\/07\\\/Declaraciones-del-director-del-Inder-Eduardo-Silva-Meluk.-Personas-cuidadoras.mp3\",\"type\":\"audio\\\/mpeg\",\"title\":\"Declaraciones del director del Inder, Eduardo Silva\\u00a0Meluk. Personas cuidadoras\",\"caption\":\"\",\"description\":\"\\u00abDeclaraciones del director del Inder, Eduardo Silva\\u00a0Meluk. Personas cuidadoras\\u00bb.\",\"meta\":{\"length_formatted\":\"0:54\"},\"image\":{\"src\":\"https:\\\/\\\/www.medellin.gov.co\\\/es\\\/wp-includes\\\/images\\\/media\\\/audio.png\",\"width\":48,\"height\":64},\"thumb\":{\"src\":\"https:\\\/\\\/www.medellin.gov.co\\\/es\\\/wp-includes\\\/images\\\/media\\\/audio.png\",\"width\":48,\"height\":64}}]}<\/script>\n<\/div>\n\t\n<p>Medell\u00edn reconoce el trabajo de las cuidadoras como un trabajo vital que hist\u00f3ricamente ha sido invisibilizado. En el marco del D\u00eda de la Persona Cuidadora, la ciudad present\u00f3 el Observatorio de Igualdad de G\u00e9nero para las Mujeres.<\/p>\n<p>De esta manera se revel\u00f3 que el 22,7 % de las mujeres en el Distrito se dedica al cuidado frente al 2,2 % de los hombres; y solo el 3,1 % tiene ingresos constantes. Adem\u00e1s, el 61,2 % de las cuidadoras dedican menos de cinco horas semanales a su propio cuidado, el 62 % considera que ha descuidado su estado f\u00edsico y el 43 % no cuenta con redes de apoyo para cuidar.<\/p>\n<p><img loading=\"lazy\" class=\"alignnone size-large wp-image-433708\" src=\"https:\/\/www.medellin.gov.co\/es\/wp-content\/uploads\/2025\/07\/Imagen-de-personas-haciendo-yoga-1024x682.jpg\" alt=\"Imagen de personas haciendo yoga\" width=\"1024\" height=\"682\" srcset=\"https:\/\/www.medellin.gov.co\/es\/wp-content\/uploads\/2025\/07\/Imagen-de-personas-haciendo-yoga-1024x682.jpg 1024w, https:\/\/www.medellin.gov.co\/es\/wp-content\/uploads\/2025\/07\/Imagen-de-personas-haciendo-yoga-300x200.jpg 300w, https:\/\/www.medellin.gov.co\/es\/wp-content\/uploads\/2025\/07\/Imagen-de-personas-haciendo-yoga-150x100.jpg 150w, https:\/\/www.medellin.gov.co\/es\/wp-content\/uploads\/2025\/07\/Imagen-de-personas-haciendo-yoga-768x512.jpg 768w, https:\/\/www.medellin.gov.co\/es\/wp-content\/uploads\/2025\/07\/Imagen-de-personas-haciendo-yoga.jpg 1081w\" sizes=\"(max-width: 1024px) 100vw, 1024px\" \/><\/p>\n<p>\u201c<em>Las mujeres cuidadoras tienen unas barreras mucho m\u00e1s grandes que cualquier otra mujer. En la ciudad, m\u00e1s del 50 % trabajan 30 horas a la semana sin ninguna remuneraci\u00f3n. El Sistema de Cuidado de Medell\u00edn lo que pretende, a trav\u00e9s de nuestros C\u00edrculos de Cuidado, es liberar tiempo para ellas, para que se conecten con sus sue\u00f1os y con su proyecto de vida<\/em>\u201d, expres\u00f3 la secretaria de las Mujeres, Valeria Molina.<\/p>\n<p><img loading=\"lazy\" class=\"alignnone size-large wp-image-433705\" src=\"https:\/\/www.medellin.gov.co\/es\/wp-content\/uploads\/2025\/07\/Imagen-de-personas-cuidadoras-1024x682.jpg\" alt=\"Imagen de personas cuidadoras\" width=\"1024\" height=\"682\" srcset=\"https:\/\/www.medellin.gov.co\/es\/wp-content\/uploads\/2025\/07\/Imagen-de-personas-cuidadoras-1024x682.jpg 1024w, https:\/\/www.medellin.gov.co\/es\/wp-content\/uploads\/2025\/07\/Imagen-de-personas-cuidadoras-300x200.jpg 300w, https:\/\/www.medellin.gov.co\/es\/wp-content\/uploads\/2025\/07\/Imagen-de-personas-cuidadoras-150x100.jpg 150w, https:\/\/www.medellin.gov.co\/es\/wp-content\/uploads\/2025\/07\/Imagen-de-personas-cuidadoras-768x512.jpg 768w, https:\/\/www.medellin.gov.co\/es\/wp-content\/uploads\/2025\/07\/Imagen-de-personas-cuidadoras.jpg 1081w\" sizes=\"(max-width: 1024px) 100vw, 1024px\" \/><\/p>\n<p>Actualmente, el Distrito cuenta con cuatro C\u00edrculos de Cuidado en Manrique, Aranjuez, Castilla y Villa Hermosa. All\u00ed, las personas cuidadoras, en su mayor\u00eda mujeres, acceden sin costo a servicios de descanso, bienestar emocional, formaci\u00f3n, asesor\u00eda jur\u00eddica, actividades culturales y de emprendimiento. En 2025 se espera llegar a nueve espacios en Popular, Santa Cruz, Robledo, San Javier y en el corregimiento de San Crist\u00f3bal para beneficiar a 4.500 personas, gracias a una inversi\u00f3n de $6.600 millones, y cerrar el cuatrienio con 21 c\u00edrculos activos.<\/p>\n<p>Adem\u00e1s, desde la Secretar\u00eda de Inclusi\u00f3n Social y Familia se lideran acciones clave, a trav\u00e9s del programa Familias Cuidadoras; se acompa\u00f1a a m\u00e1s de 240 familias con apoyo psicosocial y econ\u00f3mico mensual. Adem\u00e1s, 350 personas participan en procesos formativos y 585 en actividades relacionadas con la econom\u00eda del cuidado. Tambi\u00e9n se han destinado 42 cupos de relevo temporal, permitiendo que cuidadoras asistan a citas m\u00e9dicas, capacitaciones o simplemente descansen.<\/p>\n<p><img loading=\"lazy\" class=\"alignnone size-large wp-image-433704\" src=\"https:\/\/www.medellin.gov.co\/es\/wp-content\/uploads\/2025\/07\/Imagen-de-personas-cuidadoras-3-1024x682.jpg\" alt=\"Imagen de personas cuidadoras 3\" width=\"1024\" height=\"682\" srcset=\"https:\/\/www.medellin.gov.co\/es\/wp-content\/uploads\/2025\/07\/Imagen-de-personas-cuidadoras-3-1024x682.jpg 1024w, https:\/\/www.medellin.gov.co\/es\/wp-content\/uploads\/2025\/07\/Imagen-de-personas-cuidadoras-3-300x200.jpg 300w, https:\/\/www.medellin.gov.co\/es\/wp-content\/uploads\/2025\/07\/Imagen-de-personas-cuidadoras-3-150x100.jpg 150w, https:\/\/www.medellin.gov.co\/es\/wp-content\/uploads\/2025\/07\/Imagen-de-personas-cuidadoras-3-768x512.jpg 768w, https:\/\/www.medellin.gov.co\/es\/wp-content\/uploads\/2025\/07\/Imagen-de-personas-cuidadoras-3.jpg 1081w\" sizes=\"(max-width: 1024px) 100vw, 1024px\" \/><\/p>\n<p>\u201c<em>Valoramos el rol de cada uno de los ciudadanos, en especial de las personas cuidadoras. Por eso queremos conmemorar un d\u00eda muy especial: el D\u00eda de las Personas Cuidadoras, porque sabemos que es donde se mueve una fuerza productiva y de una integraci\u00f3n familiar muy importante<\/em>\u201d, se\u00f1al\u00f3 la secretaria de Inclusi\u00f3n Social y Familia, Sandra S\u00e1nchez \u00c1lvarez.<\/p>\n<p>Para que estas personas se sientan reconocidas, la alcald\u00eda tiene programaci\u00f3n, que se extiende hasta el 31 de julio, como jornadas de respiro, foros, encuentros comunitarios y espacios de exaltaci\u00f3n.<\/p>\n<p><img loading=\"lazy\" class=\"alignnone size-large wp-image-433703\" src=\"https:\/\/www.medellin.gov.co\/es\/wp-content\/uploads\/2025\/07\/Imagen-de-personas-cuidadoras-2-1024x682.jpg\" alt=\"Imagen de personas cuidadoras 2\" width=\"1024\" height=\"682\" srcset=\"https:\/\/www.medellin.gov.co\/es\/wp-content\/uploads\/2025\/07\/Imagen-de-personas-cuidadoras-2-1024x682.jpg 1024w, https:\/\/www.medellin.gov.co\/es\/wp-content\/uploads\/2025\/07\/Imagen-de-personas-cuidadoras-2-300x200.jpg 300w, https:\/\/www.medellin.gov.co\/es\/wp-content\/uploads\/2025\/07\/Imagen-de-personas-cuidadoras-2-150x100.jpg 150w, https:\/\/www.medellin.gov.co\/es\/wp-content\/uploads\/2025\/07\/Imagen-de-personas-cuidadoras-2-768x512.jpg 768w, https:\/\/www.medellin.gov.co\/es\/wp-content\/uploads\/2025\/07\/Imagen-de-personas-cuidadoras-2.jpg 1081w\" sizes=\"(max-width: 1024px) 100vw, 1024px\" \/><\/p>\n<p>\u201c<em>Este 24 de julio, tenemos actividades para los m\u00e1s de 600 cuidadores que hacen parte de nuestra oferta, para que est\u00e9n con sus seres queridos o para que disfruten. Estas actividades son en todas las comunas y en dos corregimientos de la ciudad<\/em>\u201d, agreg\u00f3 el director del <a href=\"https:\/\/www.inder.gov.co\/\" target=\"_blank\" rel=\"noopener\">Inder<\/a>, Eduardo Silva Meluk.<\/p>\n<p>Este instituto, por su parte, atiende regularmente a 630 personas cuidadoras, con clases acu\u00e1ticas, adem\u00e1s de sesiones enfocadas en su bienestar f\u00edsico y mental. En el D\u00eda Nacional de la Persona Cuidadora, se realizar\u00e1n sesiones de yoga, rumba aer\u00f3bica y circuitos l\u00fadicos acu\u00e1ticos en todas las comunas y dos corregimientos, como parte de la celebraci\u00f3n.<\/p>\n","protected":false},"excerpt":{"rendered":"<p>La ciudad cuenta con cuatro C\u00edrculos de Cuidado en funcionamiento y se espera llegar a nueve este a\u00f1o. Seg\u00fan el Observatorio de Igualdad de G\u00e9nero para las Mujeres de Medell\u00edn, m\u00e1s del 50 % de &#8230;<\/p>\n","protected":false},"author":97,"featured_media":433709,"comment_status":"open","ping_status":"open","sticky":false,"template":"","format":"standard","meta":[],"categories":[15],"tags":[437,451,634],"formato_nota":[],"programas_tax":[],"acf":[],"_links":{"self":[{"href":"https:\/\/www.medellin.gov.co\/es\/wp-json\/wp\/v2\/posts\/433695"}],"collection":[{"href":"https:\/\/www.medellin.gov.co\/es\/wp-json\/wp\/v2\/posts"}],"about":[{"href":"https:\/\/www.medellin.gov.co\/es\/wp-json\/wp\/v2\/types\/post"}],"author":[{"embeddable":true,"href":"https:\/\/www.medellin.gov.co\/es\/wp-json\/wp\/v2\/users\/97"}],"replies":[{"embeddable":true,"href":"https:\/\/www.medellin.gov.co\/es\/wp-json\/wp\/v2\/comments?post=433695"}],"version-history":[{"count":1,"href":"https:\/\/www.medellin.gov.co\/es\/wp-json\/wp\/v2\/posts\/433695\/revisions"}],"predecessor-version":[{"id":433711,"href":"https:\/\/www.medellin.gov.co\/es\/wp-json\/wp\/v2\/posts\/433695\/revisions\/433711"}],"wp:featuredmedia":[{"embeddable":true,"href":"https:\/\/www.medellin.gov.co\/es\/wp-json\/wp\/v2\/media\/433709"}],"wp:attachment":[{"href":"https:\/\/www.medellin.gov.co\/es\/wp-json\/wp\/v2\/media?parent=433695"}],"wp:term":[{"taxonomy":"category","embeddable":true,"href":"https:\/\/www.medellin.gov.co\/es\/wp-json\/wp\/v2\/categories?post=433695"},{"taxonomy":"post_tag","embeddable":true,"href":"https:\/\/www.medellin.gov.co\/es\/wp-json\/wp\/v2\/tags?post=433695"},{"taxonomy":"formato_nota","embeddable":true,"href":"https:\/\/www.medellin.gov.co\/es\/wp-json\/wp\/v2\/formato_nota?post=433695"},{"taxonomy":"programas_tax","embeddable":true,"href":"https:\/\/www.medellin.gov.co\/es\/wp-json\/wp\/v2\/programas_tax?post=433695"}],"curies":[{"name":"wp","href":"https:\/\/api.w.org\/{rel}","templated":true}]}}