{"id":433712,"date":"2025-07-24T09:31:25","date_gmt":"2025-07-24T14:31:25","guid":{"rendered":"https:\/\/www.medellin.gov.co\/es\/?p=433712"},"modified":"2025-07-24T09:31:25","modified_gmt":"2025-07-24T14:31:25","slug":"federico-gutierrez-destaca-que-con-medellin-tacita-de-plata-se-estan-generando-1-200-empleos-de-mano-de-obra-no-calificada","status":"publish","type":"post","link":"https:\/\/www.medellin.gov.co\/es\/sala-de-prensa\/noticias\/federico-gutierrez-destaca-que-con-medellin-tacita-de-plata-se-estan-generando-1-200-empleos-de-mano-de-obra-no-calificada\/","title":{"rendered":"Federico Guti\u00e9rrez destaca que con &#8216;Medell\u00edn Tacita de Plata&#8217; se est\u00e1n generando 1.200 empleos de mano de obra no calificada"},"content":{"rendered":"<ul>\n<li>Las secretar\u00edas de Medio Ambiente e Infraestructura, y la EDU contratan guardaquebradas, jardineros e integrantes de las Cuadrillas de la Alcald\u00eda de la Gente.<\/li>\n<li>Al completar los procesos actuales de contrataci\u00f3n, m\u00e1s de 3.500 personas estar\u00e1n trabajando en obras menores en todas las comunas y corregimientos.<\/li>\n<\/ul>\n<!--[if lt IE 9]><script>document.createElement('audio');<\/script><![endif]-->\n\t<div class=\"wp-playlist wp-audio-playlist wp-playlist-light\">\n\t\t\t<div class=\"wp-playlist-current-item\"><\/div>\n\t\t<audio controls=\"controls\" preload=\"none\" width=\"640\"\n\t\t\t><\/audio>\n\t<div class=\"wp-playlist-next\"><\/div>\n\t<div class=\"wp-playlist-prev\"><\/div>\n\t<noscript>\n\t<ol>\n\t\t<li><a href='https:\/\/www.medellin.gov.co\/es\/wp-content\/uploads\/2025\/07\/Declaraciones-del-Alcalde-Federico-Gutierrez.-Tacita-de-Plata.mp3'>Declaraciones del Alcalde Federico Guti\u00e9rrez. Tacita de Plata<\/a><\/li>\t<\/ol>\n\t<\/noscript>\n\t<script type=\"application\/json\" class=\"wp-playlist-script\">{\"type\":\"audio\",\"tracklist\":true,\"tracknumbers\":true,\"images\":true,\"artists\":true,\"tracks\":[{\"src\":\"https:\\\/\\\/www.medellin.gov.co\\\/es\\\/wp-content\\\/uploads\\\/2025\\\/07\\\/Declaraciones-del-Alcalde-Federico-Gutierrez.-Tacita-de-Plata.mp3\",\"type\":\"audio\\\/mpeg\",\"title\":\"Declaraciones del Alcalde Federico Guti\\u00e9rrez. Tacita de Plata\",\"caption\":\"\",\"description\":\"\\u00abDeclaraciones del Alcalde Federico Guti\\u00e9rrez. Tacita de Plata\\u00bb.\",\"meta\":{\"length_formatted\":\"2:29\"},\"image\":{\"src\":\"https:\\\/\\\/www.medellin.gov.co\\\/es\\\/wp-includes\\\/images\\\/media\\\/audio.png\",\"width\":48,\"height\":64},\"thumb\":{\"src\":\"https:\\\/\\\/www.medellin.gov.co\\\/es\\\/wp-includes\\\/images\\\/media\\\/audio.png\",\"width\":48,\"height\":64}}]}<\/script>\n<\/div>\n\t\n<p>El alcalde Federico Guti\u00e9rrez Zuluaga explic\u00f3 que, al completar los procesos actuales de contrataci\u00f3n, ser\u00e1n m\u00e1s de 3.500 personas con mano de obra no calificada, trabajando a trav\u00e9s de la estrategia \u2018Medell\u00edn Tacita de Plata\u2019, como promotores ambientales, guardaquebradas, jardineros y obreros en las Cuadrillas de la Alcald\u00eda de la Gente, para labores de cuidado, ornato y obras menores en todas las comunas y corregimientos de la ciudad.<\/p>\n<p><img loading=\"lazy\" class=\"alignnone size-large wp-image-187086\" src=\"https:\/\/www.medellin.gov.co\/es\/wp-content\/uploads\/2023\/04\/Alcaldia-Sostenible-2-1024x768.jpg\" alt=\"Jardinero sembrando\" width=\"1024\" height=\"768\" srcset=\"https:\/\/www.medellin.gov.co\/es\/wp-content\/uploads\/2023\/04\/Alcaldia-Sostenible-2-1024x768.jpg 1024w, https:\/\/www.medellin.gov.co\/es\/wp-content\/uploads\/2023\/04\/Alcaldia-Sostenible-2-300x225.jpg 300w, https:\/\/www.medellin.gov.co\/es\/wp-content\/uploads\/2023\/04\/Alcaldia-Sostenible-2-150x112.jpg 150w, https:\/\/www.medellin.gov.co\/es\/wp-content\/uploads\/2023\/04\/Alcaldia-Sostenible-2-768x576.jpg 768w, https:\/\/www.medellin.gov.co\/es\/wp-content\/uploads\/2023\/04\/Alcaldia-Sostenible-2.jpg 1067w\" sizes=\"(max-width: 1024px) 100vw, 1024px\" \/><\/p>\n<p><em>\u201cEsta es una fuente de generaci\u00f3n de empleo. Yo voy por los barrios todos los d\u00edas y me dicen: \u2018no tengo para los servicios, ay\u00fademe con un subsidio\u2019, yo les respondo que les doy trabajo. Soy de los que cree que los subsidios tienen que ser para los casos extremos, no podemos dejar que nadie aguante hambre, y as\u00ed lo hacemos con Cero Hambre y todos los programas, pero no existe mejor pol\u00edtica social que la generaci\u00f3n de empleo. La gente valora el trabajo y es un tema de dignidad\u201d, <\/em>manifest\u00f3 el mandatario.<\/p>\n<p>La estrategia de cuadrillas es una respuesta a las peticiones de la comunidad, que identific\u00f3 1.600 puntos. Inicialmente, se est\u00e1n interviniendo 190 de ellos, con una inversi\u00f3n de $8.120 millones, con el fin de superar afectaciones en espacios p\u00fablicos, mediante mantenimientos, adecuaciones y obras complementarias, en andenes, escalas, bordillos, cunetas, pasamanos y sumideros.<\/p>\n<p>A trav\u00e9s de la Empresa de Desarrollo Urbano (EDU), se adjudicaron seis contratos de obra, y dos de interventor\u00eda, que en total tienen un valor cercano a los $24.000 millones. Este plan arranc\u00f3 con 65 cuadrillas, que agrupan hasta ahora m\u00e1s de 300 personas en el territorio, quienes actualmente adelantan trabajos en todas las comunas y corregimientos.<\/p>\n<p><img loading=\"lazy\" class=\"alignnone size-full wp-image-428843\" src=\"https:\/\/www.medellin.gov.co\/es\/wp-content\/uploads\/2025\/07\/Imagen-jardinero-sembrando-.jpg\" alt=\"Imagen jardinero sembrando\" width=\"960\" height=\"720\" srcset=\"https:\/\/www.medellin.gov.co\/es\/wp-content\/uploads\/2025\/07\/Imagen-jardinero-sembrando-.jpg 960w, https:\/\/www.medellin.gov.co\/es\/wp-content\/uploads\/2025\/07\/Imagen-jardinero-sembrando--300x225.jpg 300w, https:\/\/www.medellin.gov.co\/es\/wp-content\/uploads\/2025\/07\/Imagen-jardinero-sembrando--150x113.jpg 150w, https:\/\/www.medellin.gov.co\/es\/wp-content\/uploads\/2025\/07\/Imagen-jardinero-sembrando--768x576.jpg 768w\" sizes=\"(max-width: 960px) 100vw, 960px\" \/><\/p>\n<p>En el caso de los jardineros, actualmente 534 personas, entre profesionales y t\u00e9cnicos, se encuentran vinculados por medio del Jard\u00edn Bot\u00e1nico a actividades de ornato, manejo de ra\u00edces, implementaci\u00f3n de infraestructura verde alternativa, manejo arb\u00f3reo y actividades previas a la conservaci\u00f3n. Adem\u00e1s, se cuenta con 215 promotores y 50 tecn\u00f3logos y profesionales asociados al grupo de intervenciones ambientales. Tambi\u00e9n hay 65 jardineros en Emvarias, 5 en el Vivero Municipal y 31 m\u00e1s en el <a href=\"https:\/\/parquearvi.org\/\" target=\"_blank\" rel=\"noopener\">Parque Arv\u00ed.<\/a><\/p>\n<p><em>\u201cTenemos muchas entidades de la Alcald\u00eda, cada una encargada de una parte importante, pero en \u00faltimas una sola estrategia: Tacita de Plata. Si sumamos a todas las personas que est\u00e1n poniendo bonita la ciudad, van a ser en total 3.500, en todos los corregimientos y comunas<\/em>\u201d, agreg\u00f3 Guti\u00e9rrez Zuluaga<em>.<\/em><\/p>\n<p><img loading=\"lazy\" class=\"alignnone size-full wp-image-433714\" src=\"https:\/\/www.medellin.gov.co\/es\/wp-content\/uploads\/2025\/07\/Imagen-jardinero-tacita-de-plata-2.jpg\" alt=\"Imagen jardinero tacita de plata 2\" width=\"960\" height=\"720\" srcset=\"https:\/\/www.medellin.gov.co\/es\/wp-content\/uploads\/2025\/07\/Imagen-jardinero-tacita-de-plata-2.jpg 960w, https:\/\/www.medellin.gov.co\/es\/wp-content\/uploads\/2025\/07\/Imagen-jardinero-tacita-de-plata-2-300x225.jpg 300w, https:\/\/www.medellin.gov.co\/es\/wp-content\/uploads\/2025\/07\/Imagen-jardinero-tacita-de-plata-2-150x113.jpg 150w, https:\/\/www.medellin.gov.co\/es\/wp-content\/uploads\/2025\/07\/Imagen-jardinero-tacita-de-plata-2-768x576.jpg 768w\" sizes=\"(max-width: 960px) 100vw, 960px\" \/><\/p>\n<p>Actualmente, se adelantan los procesos de contrataci\u00f3n para llegar a la cifra anunciada por el alcalde.<\/p>\n<p>Entre enero de 2024 y mayo de 2025, la Oficina P\u00fablica de Empleo en Medell\u00edn registr\u00f3 28.267 personas para iniciar su ruta de empleabilidad en la ciudad; m\u00e1s de 11.705 ciudadanos han logrado conectarse con oportunidades de empleo. La Oficina ha organizado o hecho parte en m\u00e1s de 100 eventos para promover las ofertas laborales existentes en la ciudad.<\/p>\n","protected":false},"excerpt":{"rendered":"<p>Las secretar\u00edas de Medio Ambiente e Infraestructura, y la EDU contratan guardaquebradas, jardineros e integrantes de las Cuadrillas de la Alcald\u00eda de la Gente. Al completar los procesos actuales de contrataci\u00f3n, m\u00e1s de 3.500 personas &#8230;<\/p>\n","protected":false},"author":97,"featured_media":433715,"comment_status":"open","ping_status":"open","sticky":false,"template":"","format":"standard","meta":[],"categories":[293],"tags":[433,442,622],"formato_nota":[],"programas_tax":[],"acf":[],"_links":{"self":[{"href":"https:\/\/www.medellin.gov.co\/es\/wp-json\/wp\/v2\/posts\/433712"}],"collection":[{"href":"https:\/\/www.medellin.gov.co\/es\/wp-json\/wp\/v2\/posts"}],"about":[{"href":"https:\/\/www.medellin.gov.co\/es\/wp-json\/wp\/v2\/types\/post"}],"author":[{"embeddable":true,"href":"https:\/\/www.medellin.gov.co\/es\/wp-json\/wp\/v2\/users\/97"}],"replies":[{"embeddable":true,"href":"https:\/\/www.medellin.gov.co\/es\/wp-json\/wp\/v2\/comments?post=433712"}],"version-history":[{"count":1,"href":"https:\/\/www.medellin.gov.co\/es\/wp-json\/wp\/v2\/posts\/433712\/revisions"}],"predecessor-version":[{"id":433719,"href":"https:\/\/www.medellin.gov.co\/es\/wp-json\/wp\/v2\/posts\/433712\/revisions\/433719"}],"wp:featuredmedia":[{"embeddable":true,"href":"https:\/\/www.medellin.gov.co\/es\/wp-json\/wp\/v2\/media\/433715"}],"wp:attachment":[{"href":"https:\/\/www.medellin.gov.co\/es\/wp-json\/wp\/v2\/media?parent=433712"}],"wp:term":[{"taxonomy":"category","embeddable":true,"href":"https:\/\/www.medellin.gov.co\/es\/wp-json\/wp\/v2\/categories?post=433712"},{"taxonomy":"post_tag","embeddable":true,"href":"https:\/\/www.medellin.gov.co\/es\/wp-json\/wp\/v2\/tags?post=433712"},{"taxonomy":"formato_nota","embeddable":true,"href":"https:\/\/www.medellin.gov.co\/es\/wp-json\/wp\/v2\/formato_nota?post=433712"},{"taxonomy":"programas_tax","embeddable":true,"href":"https:\/\/www.medellin.gov.co\/es\/wp-json\/wp\/v2\/programas_tax?post=433712"}],"curies":[{"name":"wp","href":"https:\/\/api.w.org\/{rel}","templated":true}]}}