{"id":433722,"date":"2025-07-24T09:39:12","date_gmt":"2025-07-24T14:39:12","guid":{"rendered":"https:\/\/www.medellin.gov.co\/es\/?p=433722"},"modified":"2025-07-24T09:39:12","modified_gmt":"2025-07-24T14:39:12","slug":"la-administracion-distrital-ultima-detalles-y-el-plan-de-contingencia-para-los-eventos-de-la-feria-de-las-flores","status":"publish","type":"post","link":"https:\/\/www.medellin.gov.co\/es\/sala-de-prensa\/noticias\/la-administracion-distrital-ultima-detalles-y-el-plan-de-contingencia-para-los-eventos-de-la-feria-de-las-flores\/","title":{"rendered":"La Administraci\u00f3n Distrital ultima detalles y el plan de contingencia para los eventos de la Feria de las Flores"},"content":{"rendered":"<p>La Alcald\u00eda de Medell\u00edn, a trav\u00e9s del Comit\u00e9 Operativo de Eventos de Ciudad, que lidera el Departamento Administrativo de Gesti\u00f3n del Riesgo de Desastres (DAGRD), socializ\u00f3 el plan de contingencia para los eventos masivos de Feria de las Flores 2025.<\/p>\n<!--[if lt IE 9]><script>document.createElement('audio');<\/script><![endif]-->\n\t<div class=\"wp-playlist wp-audio-playlist wp-playlist-light\">\n\t\t\t<div class=\"wp-playlist-current-item\"><\/div>\n\t\t<audio controls=\"controls\" preload=\"none\" width=\"640\"\n\t\t\t><\/audio>\n\t<div class=\"wp-playlist-next\"><\/div>\n\t<div class=\"wp-playlist-prev\"><\/div>\n\t<noscript>\n\t<ol>\n\t\t<li><a href='https:\/\/www.medellin.gov.co\/es\/wp-content\/uploads\/2025\/07\/Declaraciones-del-director-del-DAGRD-Carlos-Andres-Quintero.-Feria-de-las-Flores-2025.mp3'>Declaraciones del director del DAGRD, Carlos Andr\u00e9s\u00a0Quintero. Feria de las Flores 2025<\/a><\/li><li><a href='https:\/\/www.medellin.gov.co\/es\/wp-content\/uploads\/2025\/07\/Declaraciones-del-presidente-de-la-Corporacion-de-Silleteros-de-Santa-Elena-Mauricio-Londono.mp3'>Declaraciones del presidente de la Corporaci\u00f3n de Silleteros de Santa Elena, Mauricio\u00a0Londo\u00f1o<\/a><\/li>\t<\/ol>\n\t<\/noscript>\n\t<script type=\"application\/json\" class=\"wp-playlist-script\">{\"type\":\"audio\",\"tracklist\":true,\"tracknumbers\":true,\"images\":true,\"artists\":true,\"tracks\":[{\"src\":\"https:\\\/\\\/www.medellin.gov.co\\\/es\\\/wp-content\\\/uploads\\\/2025\\\/07\\\/Declaraciones-del-director-del-DAGRD-Carlos-Andres-Quintero.-Feria-de-las-Flores-2025.mp3\",\"type\":\"audio\\\/mpeg\",\"title\":\"Declaraciones del director del DAGRD, Carlos Andr\\u00e9s\\u00a0Quintero. Feria de las Flores 2025\",\"caption\":\"\",\"description\":\"\\u00abDeclaraciones del director del DAGRD, Carlos Andr\\u00e9s\\u00a0Quintero. Feria de las Flores 2025\\u00bb.\",\"meta\":{\"length_formatted\":\"1:15\"},\"image\":{\"src\":\"https:\\\/\\\/www.medellin.gov.co\\\/es\\\/wp-includes\\\/images\\\/media\\\/audio.png\",\"width\":48,\"height\":64},\"thumb\":{\"src\":\"https:\\\/\\\/www.medellin.gov.co\\\/es\\\/wp-includes\\\/images\\\/media\\\/audio.png\",\"width\":48,\"height\":64}},{\"src\":\"https:\\\/\\\/www.medellin.gov.co\\\/es\\\/wp-content\\\/uploads\\\/2025\\\/07\\\/Declaraciones-del-presidente-de-la-Corporacion-de-Silleteros-de-Santa-Elena-Mauricio-Londono.mp3\",\"type\":\"audio\\\/mpeg\",\"title\":\"Declaraciones del presidente de la Corporaci\\u00f3n de Silleteros de Santa Elena, Mauricio\\u00a0Londo\\u00f1o\",\"caption\":\"\",\"description\":\"\\u00abDeclaraciones del presidente de la Corporaci\\u00f3n de Silleteros de Santa Elena, Mauricio\\u00a0Londo\\u00f1o\\u00bb.\",\"meta\":{\"length_formatted\":\"0:35\"},\"image\":{\"src\":\"https:\\\/\\\/www.medellin.gov.co\\\/es\\\/wp-includes\\\/images\\\/media\\\/audio.png\",\"width\":48,\"height\":64},\"thumb\":{\"src\":\"https:\\\/\\\/www.medellin.gov.co\\\/es\\\/wp-includes\\\/images\\\/media\\\/audio.png\",\"width\":48,\"height\":64}}]}<\/script>\n<\/div>\n\t\n<p>Desde Gesti\u00f3n del Riesgo para Aglomeraciones se verifican las condiciones de seguridad humana en cada una de las m\u00e1s de 200 actividades de mediano y gran formato, incluidas en la programaci\u00f3n oficial.<\/p>\n<p><img loading=\"lazy\" class=\"alignnone size-large wp-image-433730\" src=\"https:\/\/www.medellin.gov.co\/es\/wp-content\/uploads\/2025\/07\/imagen-cuidados-Feria-de-las-Flores-1024x576.jpg\" alt=\"imagen cuidados Feria de las Flores\" width=\"1024\" height=\"576\" srcset=\"https:\/\/www.medellin.gov.co\/es\/wp-content\/uploads\/2025\/07\/imagen-cuidados-Feria-de-las-Flores-1024x576.jpg 1024w, https:\/\/www.medellin.gov.co\/es\/wp-content\/uploads\/2025\/07\/imagen-cuidados-Feria-de-las-Flores-300x169.jpg 300w, https:\/\/www.medellin.gov.co\/es\/wp-content\/uploads\/2025\/07\/imagen-cuidados-Feria-de-las-Flores-150x84.jpg 150w, https:\/\/www.medellin.gov.co\/es\/wp-content\/uploads\/2025\/07\/imagen-cuidados-Feria-de-las-Flores-768x432.jpg 768w, https:\/\/www.medellin.gov.co\/es\/wp-content\/uploads\/2025\/07\/imagen-cuidados-Feria-de-las-Flores.jpg 1280w\" sizes=\"(max-width: 1024px) 100vw, 1024px\" \/><\/p>\n<p>Se contar\u00e1 con Puesto de Comando permanente y la participaci\u00f3n de 600 personas, entre Bomberos Medell\u00edn, organismos de socorro y equipo DAGRD disponibles en territorio durante los 10 d\u00edas de feria.<\/p>\n<p>El DAGRD ha capacitado a m\u00e1s de 20 fincas silleteras, las cuales recibir\u00e1n visitas de p\u00fablico en general. Este proceso ha involucrado a la Corporaci\u00f3n de Silleteros de Santa Elena, entidades distritales y familias silleteras del corregimiento. Se contin\u00faa con el plan de contingencia y acompa\u00f1amiento de organismos de socorro para los eventos masivos y de aglomeraci\u00f3n de p\u00fablico, en articulaci\u00f3n con el Puesto de Comando y la l\u00ednea 123.<\/p>\n<p><img loading=\"lazy\" class=\"alignnone size-large wp-image-433728\" src=\"https:\/\/www.medellin.gov.co\/es\/wp-content\/uploads\/2025\/07\/Imagen-bomberos-Feria-de-las-Flores-1024x576.jpg\" alt=\"Imagen bomberos Feria de las Flores\" width=\"1024\" height=\"576\" srcset=\"https:\/\/www.medellin.gov.co\/es\/wp-content\/uploads\/2025\/07\/Imagen-bomberos-Feria-de-las-Flores-1024x576.jpg 1024w, https:\/\/www.medellin.gov.co\/es\/wp-content\/uploads\/2025\/07\/Imagen-bomberos-Feria-de-las-Flores-300x169.jpg 300w, https:\/\/www.medellin.gov.co\/es\/wp-content\/uploads\/2025\/07\/Imagen-bomberos-Feria-de-las-Flores-150x84.jpg 150w, https:\/\/www.medellin.gov.co\/es\/wp-content\/uploads\/2025\/07\/Imagen-bomberos-Feria-de-las-Flores-768x432.jpg 768w, https:\/\/www.medellin.gov.co\/es\/wp-content\/uploads\/2025\/07\/Imagen-bomberos-Feria-de-las-Flores.jpg 1280w\" sizes=\"(max-width: 1024px) 100vw, 1024px\" \/><\/p>\n<p>Para ampliar informaci\u00f3n est\u00e1n disponibles los canales <a href=\"https:\/\/www.instagram.com\/dagrdmedellin\/?hl=es\" target=\"_blank\" rel=\"noopener\"><u>@dagrdmedellin<\/u><\/a> y <a href=\"https:\/\/x.com\/siatamedellin?ref_src=twsrc%5Egoogle%7Ctwcamp%5Eserp%7Ctwgr%5Eauthor\" target=\"_blank\" rel=\"noopener\"><u>@siatamedellin<\/u><\/a><\/p>\n","protected":false},"excerpt":{"rendered":"<p>La Alcald\u00eda de Medell\u00edn, a trav\u00e9s del Comit\u00e9 Operativo de Eventos de Ciudad, que lidera el Departamento Administrativo de Gesti\u00f3n del Riesgo de Desastres (DAGRD), socializ\u00f3 el plan de contingencia para los eventos masivos de &#8230;<\/p>\n","protected":false},"author":97,"featured_media":433732,"comment_status":"open","ping_status":"open","sticky":false,"template":"","format":"standard","meta":[],"categories":[30],"tags":[429,619],"formato_nota":[],"programas_tax":[],"acf":[],"_links":{"self":[{"href":"https:\/\/www.medellin.gov.co\/es\/wp-json\/wp\/v2\/posts\/433722"}],"collection":[{"href":"https:\/\/www.medellin.gov.co\/es\/wp-json\/wp\/v2\/posts"}],"about":[{"href":"https:\/\/www.medellin.gov.co\/es\/wp-json\/wp\/v2\/types\/post"}],"author":[{"embeddable":true,"href":"https:\/\/www.medellin.gov.co\/es\/wp-json\/wp\/v2\/users\/97"}],"replies":[{"embeddable":true,"href":"https:\/\/www.medellin.gov.co\/es\/wp-json\/wp\/v2\/comments?post=433722"}],"version-history":[{"count":1,"href":"https:\/\/www.medellin.gov.co\/es\/wp-json\/wp\/v2\/posts\/433722\/revisions"}],"predecessor-version":[{"id":433735,"href":"https:\/\/www.medellin.gov.co\/es\/wp-json\/wp\/v2\/posts\/433722\/revisions\/433735"}],"wp:featuredmedia":[{"embeddable":true,"href":"https:\/\/www.medellin.gov.co\/es\/wp-json\/wp\/v2\/media\/433732"}],"wp:attachment":[{"href":"https:\/\/www.medellin.gov.co\/es\/wp-json\/wp\/v2\/media?parent=433722"}],"wp:term":[{"taxonomy":"category","embeddable":true,"href":"https:\/\/www.medellin.gov.co\/es\/wp-json\/wp\/v2\/categories?post=433722"},{"taxonomy":"post_tag","embeddable":true,"href":"https:\/\/www.medellin.gov.co\/es\/wp-json\/wp\/v2\/tags?post=433722"},{"taxonomy":"formato_nota","embeddable":true,"href":"https:\/\/www.medellin.gov.co\/es\/wp-json\/wp\/v2\/formato_nota?post=433722"},{"taxonomy":"programas_tax","embeddable":true,"href":"https:\/\/www.medellin.gov.co\/es\/wp-json\/wp\/v2\/programas_tax?post=433722"}],"curies":[{"name":"wp","href":"https:\/\/api.w.org\/{rel}","templated":true}]}}