{"id":437596,"date":"2025-07-31T14:16:57","date_gmt":"2025-07-31T19:16:57","guid":{"rendered":"https:\/\/www.medellin.gov.co\/es\/?p=437596"},"modified":"2025-07-31T14:16:57","modified_gmt":"2025-07-31T19:16:57","slug":"damas-voluntarias-del-hospital-general-de-medellin-fueron-homenajeadas-por-la-asamblea-de-antioquia","status":"publish","type":"post","link":"https:\/\/www.medellin.gov.co\/es\/sala-de-prensa\/noticias\/damas-voluntarias-del-hospital-general-de-medellin-fueron-homenajeadas-por-la-asamblea-de-antioquia\/","title":{"rendered":"Damas Voluntarias del Hospital General de Medell\u00edn fueron homenajeadas por la Asamblea de Antioquia"},"content":{"rendered":"<ul>\n<li>Recibieron la Orden al M\u00e9rito C\u00edvico y Empresarial Mariscal Jorge Robledo en Grado Oro por parte de la Asamblea Departamental de Antioquia.<\/li>\n<li>Adem\u00e1s, el Distrito les entreg\u00f3 una nota de estilo destacando su labor.<\/li>\n<li>Se destac\u00f3 a la integrante m\u00e1s antigua, do\u00f1a Nelly Campuzano de Arango, quien cumpli\u00f3 99 a\u00f1os de vida y 59 de servicio.<\/li>\n<\/ul>\n<!--[if lt IE 9]><script>document.createElement('audio');<\/script><![endif]-->\n\t<div class=\"wp-playlist wp-audio-playlist wp-playlist-light\">\n\t\t\t<div class=\"wp-playlist-current-item\"><\/div>\n\t\t<audio controls=\"controls\" preload=\"none\" width=\"640\"\n\t\t\t><\/audio>\n\t<div class=\"wp-playlist-next\"><\/div>\n\t<div class=\"wp-playlist-prev\"><\/div>\n\t<noscript>\n\t<ol>\n\t\t<li><a href='https:\/\/www.medellin.gov.co\/es\/wp-content\/uploads\/2025\/07\/Declaraciones-presidenta-Damas-Voluntarias-Rosa-Elena-Gomez.mp3'>Declaraciones presidenta Damas Voluntarias, Rosa Elena G\u00f3mez<\/a><\/li>\t<\/ol>\n\t<\/noscript>\n\t<script type=\"application\/json\" class=\"wp-playlist-script\">{\"type\":\"audio\",\"tracklist\":true,\"tracknumbers\":true,\"images\":true,\"artists\":true,\"tracks\":[{\"src\":\"https:\\\/\\\/www.medellin.gov.co\\\/es\\\/wp-content\\\/uploads\\\/2025\\\/07\\\/Declaraciones-presidenta-Damas-Voluntarias-Rosa-Elena-Gomez.mp3\",\"type\":\"audio\\\/mpeg\",\"title\":\"Declaraciones presidenta Damas Voluntarias, Rosa Elena G\\u00f3mez\",\"caption\":\"\",\"description\":\"\\u00abDeclaraciones presidenta Damas Voluntarias, Rosa Elena G\\u00f3mez\\u00bb. G\\u00e9nero: Blues.\",\"meta\":{\"genre\":\"Blues\",\"length_formatted\":\"0:48\"},\"image\":{\"src\":\"https:\\\/\\\/www.medellin.gov.co\\\/es\\\/wp-includes\\\/images\\\/media\\\/audio.png\",\"width\":48,\"height\":64},\"thumb\":{\"src\":\"https:\\\/\\\/www.medellin.gov.co\\\/es\\\/wp-includes\\\/images\\\/media\\\/audio.png\",\"width\":48,\"height\":64}}]}<\/script>\n<\/div>\n\t\n<p>La Asamblea Departamental de Antioquia rindi\u00f3 homenaje a la Corporaci\u00f3n Damas Voluntarias del Hospital General de Medell\u00edn, este martes 29 de julio, con la entrega de la Orden al M\u00e9rito C\u00edvico y Empresarial Mariscal Jorge Robledo en Grado Oro<strong>, <\/strong>un reconocimiento por su labor durante estos 69 a\u00f1os siendo inspiraci\u00f3n para muchos centros de salud del departamento.<\/p>\n<p><img loading=\"lazy\" class=\"alignnone wp-image-437608 size-full\" src=\"https:\/\/www.medellin.gov.co\/es\/wp-content\/uploads\/2025\/07\/Imagen-Damas-Voluntarias-del-Hospital-General-homenajeadas-2.jpg\" alt=\"Imagen Damas Voluntarias del Hospital General homenajeadas (2)\" width=\"1276\" height=\"850\" srcset=\"https:\/\/www.medellin.gov.co\/es\/wp-content\/uploads\/2025\/07\/Imagen-Damas-Voluntarias-del-Hospital-General-homenajeadas-2.jpg 1276w, https:\/\/www.medellin.gov.co\/es\/wp-content\/uploads\/2025\/07\/Imagen-Damas-Voluntarias-del-Hospital-General-homenajeadas-2-300x200.jpg 300w, https:\/\/www.medellin.gov.co\/es\/wp-content\/uploads\/2025\/07\/Imagen-Damas-Voluntarias-del-Hospital-General-homenajeadas-2-1024x682.jpg 1024w, https:\/\/www.medellin.gov.co\/es\/wp-content\/uploads\/2025\/07\/Imagen-Damas-Voluntarias-del-Hospital-General-homenajeadas-2-150x100.jpg 150w, https:\/\/www.medellin.gov.co\/es\/wp-content\/uploads\/2025\/07\/Imagen-Damas-Voluntarias-del-Hospital-General-homenajeadas-2-768x512.jpg 768w\" sizes=\"(max-width: 1276px) 100vw, 1276px\" \/><\/p>\n<p>Esta distinci\u00f3n coincide con una fecha especial para el grupo: el cumplea\u00f1os n\u00famero 99 de Nelly Campuzano de Arango, la voluntaria m\u00e1s antigua de la Corporaci\u00f3n, quien ha dedicado 59 a\u00f1os de su vida a esta labor humanitaria. <em>\u201cAunque tengo el cabello blanco y camino un poco m\u00e1s lento, el coraz\u00f3n a\u00fan me late fuerte por servir. Creo que ese es el verdadero liderazgo: hacer las cosas con amor, sin esperar nada a cambio\u201d<\/em>, expresa Nelly, nacida en Yarumal (Antioquia) y madre de siete hijos. Ella encontr\u00f3 en el voluntariado su segunda vocaci\u00f3n.<\/p>\n<p>Como parte del reconocimiento, el Distrito se vincul\u00f3 mediante la entrega de una Nota de Estilo que destaca la trayectoria de Nelly Campuzano por su compromiso y su legado.<\/p>\n\n\t\t<style type=\"text\/css\">\n\t\t\t#gallery-1 {\n\t\t\t\tmargin: auto;\n\t\t\t}\n\t\t\t#gallery-1 .gallery-item {\n\t\t\t\tfloat: left;\n\t\t\t\tmargin-top: 10px;\n\t\t\t\ttext-align: center;\n\t\t\t\twidth: 50%;\n\t\t\t}\n\t\t\t#gallery-1 img {\n\t\t\t\tborder: 2px solid #cfcfcf;\n\t\t\t}\n\t\t\t#gallery-1 .gallery-caption {\n\t\t\t\tmargin-left: 0;\n\t\t\t}\n\t\t\t\/* see gallery_shortcode() in wp-includes\/media.php *\/\n\t\t<\/style>\n\t\t<div id='gallery-1' class='gallery galleryid-437596 gallery-columns-2 gallery-size-full'><dl class='gallery-item'>\n\t\t\t<dt class='gallery-icon landscape'>\n\t\t\t\t<a href='https:\/\/www.medellin.gov.co\/es\/sala-de-prensa\/noticias\/damas-voluntarias-del-hospital-general-de-medellin-fueron-homenajeadas-por-la-asamblea-de-antioquia\/imagen-damas-voluntarias-del-hospital-general-homenajeadas-3\/'><img width=\"1276\" height=\"850\" src=\"https:\/\/www.medellin.gov.co\/es\/wp-content\/uploads\/2025\/07\/Imagen-Damas-Voluntarias-del-Hospital-General-homenajeadas-3.jpg\" class=\"attachment-full size-full\" alt=\"Imagen Damas Voluntarias del Hospital General homenajeadas (3)\" loading=\"lazy\" srcset=\"https:\/\/www.medellin.gov.co\/es\/wp-content\/uploads\/2025\/07\/Imagen-Damas-Voluntarias-del-Hospital-General-homenajeadas-3.jpg 1276w, https:\/\/www.medellin.gov.co\/es\/wp-content\/uploads\/2025\/07\/Imagen-Damas-Voluntarias-del-Hospital-General-homenajeadas-3-300x200.jpg 300w, https:\/\/www.medellin.gov.co\/es\/wp-content\/uploads\/2025\/07\/Imagen-Damas-Voluntarias-del-Hospital-General-homenajeadas-3-1024x682.jpg 1024w, https:\/\/www.medellin.gov.co\/es\/wp-content\/uploads\/2025\/07\/Imagen-Damas-Voluntarias-del-Hospital-General-homenajeadas-3-150x100.jpg 150w, https:\/\/www.medellin.gov.co\/es\/wp-content\/uploads\/2025\/07\/Imagen-Damas-Voluntarias-del-Hospital-General-homenajeadas-3-768x512.jpg 768w\" sizes=\"(max-width: 1276px) 100vw, 1276px\" \/><\/a>\n\t\t\t<\/dt><\/dl><dl class='gallery-item'>\n\t\t\t<dt class='gallery-icon landscape'>\n\t\t\t\t<a href='https:\/\/www.medellin.gov.co\/es\/sala-de-prensa\/noticias\/damas-voluntarias-del-hospital-general-de-medellin-fueron-homenajeadas-por-la-asamblea-de-antioquia\/imagen-damas-voluntarias-del-hospital-general-homenajeadas-1\/'><img width=\"1276\" height=\"850\" src=\"https:\/\/www.medellin.gov.co\/es\/wp-content\/uploads\/2025\/07\/Imagen-Damas-Voluntarias-del-Hospital-General-homenajeadas-1.jpg\" class=\"attachment-full size-full\" alt=\"Imagen Damas Voluntarias del Hospital General homenajeadas (1)\" loading=\"lazy\" srcset=\"https:\/\/www.medellin.gov.co\/es\/wp-content\/uploads\/2025\/07\/Imagen-Damas-Voluntarias-del-Hospital-General-homenajeadas-1.jpg 1276w, https:\/\/www.medellin.gov.co\/es\/wp-content\/uploads\/2025\/07\/Imagen-Damas-Voluntarias-del-Hospital-General-homenajeadas-1-300x200.jpg 300w, https:\/\/www.medellin.gov.co\/es\/wp-content\/uploads\/2025\/07\/Imagen-Damas-Voluntarias-del-Hospital-General-homenajeadas-1-1024x682.jpg 1024w, https:\/\/www.medellin.gov.co\/es\/wp-content\/uploads\/2025\/07\/Imagen-Damas-Voluntarias-del-Hospital-General-homenajeadas-1-150x100.jpg 150w, https:\/\/www.medellin.gov.co\/es\/wp-content\/uploads\/2025\/07\/Imagen-Damas-Voluntarias-del-Hospital-General-homenajeadas-1-768x512.jpg 768w\" sizes=\"(max-width: 1276px) 100vw, 1276px\" \/><\/a>\n\t\t\t<\/dt><\/dl><br style=\"clear: both\" \/>\n\t\t<\/div>\n\n<p>Las Damas Voluntarias del Hospital General de Medell\u00edn son un grupo conformado actualmente por 80 mujeres activas, quienes diariamente recorren los pasillos del lugar llevando palabras de aliento, refrigerios, ropa elaborada en el costurero, acompa\u00f1amiento a pacientes en soledad, y capacitaci\u00f3n a madres lactantes, entre otras acciones guiadas por el amor, el compromiso y la solidaridad.<\/p>\n<p>La historia de esta organizaci\u00f3n se remonta al a\u00f1o 1956, cuando fue creada por do\u00f1a Luz Castro de Guti\u00e9rrez, quien tambi\u00e9n impuls\u00f3 la fundaci\u00f3n del Hospital General. Desde entonces, la Corporaci\u00f3n ha sido parte esencial del tejido humano de la instituci\u00f3n hospitalaria, apoyando con gesti\u00f3n, recursos, tiempo y empat\u00eda a miles de pacientes.<\/p>\n<p><img loading=\"lazy\" class=\"alignnone wp-image-437600 size-full\" src=\"https:\/\/www.medellin.gov.co\/es\/wp-content\/uploads\/2025\/07\/Imagen-Damas-Voluntarias-del-Hospital-General-homenajeadas-4.jpg\" alt=\"Imagen Damas Voluntarias del Hospital General homenajeadas (4)\" width=\"1276\" height=\"850\" srcset=\"https:\/\/www.medellin.gov.co\/es\/wp-content\/uploads\/2025\/07\/Imagen-Damas-Voluntarias-del-Hospital-General-homenajeadas-4.jpg 1276w, https:\/\/www.medellin.gov.co\/es\/wp-content\/uploads\/2025\/07\/Imagen-Damas-Voluntarias-del-Hospital-General-homenajeadas-4-300x200.jpg 300w, https:\/\/www.medellin.gov.co\/es\/wp-content\/uploads\/2025\/07\/Imagen-Damas-Voluntarias-del-Hospital-General-homenajeadas-4-1024x682.jpg 1024w, https:\/\/www.medellin.gov.co\/es\/wp-content\/uploads\/2025\/07\/Imagen-Damas-Voluntarias-del-Hospital-General-homenajeadas-4-150x100.jpg 150w, https:\/\/www.medellin.gov.co\/es\/wp-content\/uploads\/2025\/07\/Imagen-Damas-Voluntarias-del-Hospital-General-homenajeadas-4-768x512.jpg 768w\" sizes=\"(max-width: 1276px) 100vw, 1276px\" \/><\/p>\n<p>A lo largo de los a\u00f1os, la Corporaci\u00f3n ha recibido m\u00faltiples reconocimientos por su labor, entre ellos, menciones de honor por parte de la Alcald\u00eda de Medell\u00edn, el Concejo de Medell\u00edn, la Asociaci\u00f3n Colombiana de Voluntariado Hospitalario y de Salud (AVHOS), la Fundaci\u00f3n Alejandro \u00c1ngel Escobar y el mismo Hospital General de Medell\u00edn.<\/p>\n<p>Casi siete d\u00e9cadas despu\u00e9s de su creaci\u00f3n, las Damas Voluntarias siguen inspirando y consolid\u00e1ndose como un referente de servicio y solidaridad en el sector salud.<\/p>\n","protected":false},"excerpt":{"rendered":"<p>Recibieron la Orden al M\u00e9rito C\u00edvico y Empresarial Mariscal Jorge Robledo en Grado Oro por parte de la Asamblea Departamental de Antioquia. Adem\u00e1s, el Distrito les entreg\u00f3 una nota de estilo destacando su labor. Se &#8230;<\/p>\n","protected":false},"author":95,"featured_media":437601,"comment_status":"open","ping_status":"open","sticky":false,"template":"","format":"standard","meta":[],"categories":[17],"tags":[634],"formato_nota":[],"programas_tax":[],"acf":[],"_links":{"self":[{"href":"https:\/\/www.medellin.gov.co\/es\/wp-json\/wp\/v2\/posts\/437596"}],"collection":[{"href":"https:\/\/www.medellin.gov.co\/es\/wp-json\/wp\/v2\/posts"}],"about":[{"href":"https:\/\/www.medellin.gov.co\/es\/wp-json\/wp\/v2\/types\/post"}],"author":[{"embeddable":true,"href":"https:\/\/www.medellin.gov.co\/es\/wp-json\/wp\/v2\/users\/95"}],"replies":[{"embeddable":true,"href":"https:\/\/www.medellin.gov.co\/es\/wp-json\/wp\/v2\/comments?post=437596"}],"version-history":[{"count":1,"href":"https:\/\/www.medellin.gov.co\/es\/wp-json\/wp\/v2\/posts\/437596\/revisions"}],"predecessor-version":[{"id":437609,"href":"https:\/\/www.medellin.gov.co\/es\/wp-json\/wp\/v2\/posts\/437596\/revisions\/437609"}],"wp:featuredmedia":[{"embeddable":true,"href":"https:\/\/www.medellin.gov.co\/es\/wp-json\/wp\/v2\/media\/437601"}],"wp:attachment":[{"href":"https:\/\/www.medellin.gov.co\/es\/wp-json\/wp\/v2\/media?parent=437596"}],"wp:term":[{"taxonomy":"category","embeddable":true,"href":"https:\/\/www.medellin.gov.co\/es\/wp-json\/wp\/v2\/categories?post=437596"},{"taxonomy":"post_tag","embeddable":true,"href":"https:\/\/www.medellin.gov.co\/es\/wp-json\/wp\/v2\/tags?post=437596"},{"taxonomy":"formato_nota","embeddable":true,"href":"https:\/\/www.medellin.gov.co\/es\/wp-json\/wp\/v2\/formato_nota?post=437596"},{"taxonomy":"programas_tax","embeddable":true,"href":"https:\/\/www.medellin.gov.co\/es\/wp-json\/wp\/v2\/programas_tax?post=437596"}],"curies":[{"name":"wp","href":"https:\/\/api.w.org\/{rel}","templated":true}]}}