{"id":437612,"date":"2025-07-31T14:27:30","date_gmt":"2025-07-31T19:27:30","guid":{"rendered":"https:\/\/www.medellin.gov.co\/es\/?p=437612"},"modified":"2025-07-31T14:27:30","modified_gmt":"2025-07-31T19:27:30","slug":"el-parque-arvi-replicara-su-experiencia-por-medellin-intervendra-554-000-metros-cuadrados-de-zonas-verdes-y-jardines","status":"publish","type":"post","link":"https:\/\/www.medellin.gov.co\/es\/sala-de-prensa\/noticias\/el-parque-arvi-replicara-su-experiencia-por-medellin-intervendra-554-000-metros-cuadrados-de-zonas-verdes-y-jardines\/","title":{"rendered":"El Parque Arv\u00ed replicar\u00e1 su experiencia por Medell\u00edn: intervendr\u00e1 554.000 metros cuadrados de zonas verdes y jardines"},"content":{"rendered":"<ul>\n<li>Tambi\u00e9n, se encargar\u00e1 de la siembra de 2.400 metros cuadrados de jardines y del cuidado de 63.117 \u00e1rboles.<\/li>\n<li>Con su nuevo modelo de gesti\u00f3n, la ciudad tendr\u00e1 150 jardineros y jardineras m\u00e1s.<\/li>\n<\/ul>\n<!--[if lt IE 9]><script>document.createElement('audio');<\/script><![endif]-->\n\t<div class=\"wp-playlist wp-audio-playlist wp-playlist-light\">\n\t\t\t<div class=\"wp-playlist-current-item\"><\/div>\n\t\t<audio controls=\"controls\" preload=\"none\" width=\"640\"\n\t\t\t><\/audio>\n\t<div class=\"wp-playlist-next\"><\/div>\n\t<div class=\"wp-playlist-prev\"><\/div>\n\t<noscript>\n\t<ol>\n\t\t<li><a href='https:\/\/www.medellin.gov.co\/es\/wp-content\/uploads\/2025\/07\/Declaraciones-director-Parque-Arvi-Oscar-Cardona-Cadavid.mp3'>Declaraciones director Parque Arv\u00ed, \u00d3scar Cardona Cadavid<\/a><\/li><li><a href='https:\/\/www.medellin.gov.co\/es\/wp-content\/uploads\/2025\/07\/Declaraciones-secretario-e-de-Infraestructura-Fisica-Jorge-Ivan-Jaramillo-Perez-1.mp3'>Declaraciones secretario (e) de Infraestructura F\u00edsica, Jorge Iv\u00e1n Jaramillo P\u00e9rez<\/a><\/li>\t<\/ol>\n\t<\/noscript>\n\t<script type=\"application\/json\" class=\"wp-playlist-script\">{\"type\":\"audio\",\"tracklist\":true,\"tracknumbers\":true,\"images\":true,\"artists\":true,\"tracks\":[{\"src\":\"https:\\\/\\\/www.medellin.gov.co\\\/es\\\/wp-content\\\/uploads\\\/2025\\\/07\\\/Declaraciones-director-Parque-Arvi-Oscar-Cardona-Cadavid.mp3\",\"type\":\"audio\\\/mpeg\",\"title\":\"Declaraciones director Parque Arv\\u00ed, \\u00d3scar Cardona Cadavid\",\"caption\":\"\",\"description\":\"\\u00abDeclaraciones director Parque Arv\\u00ed, \\u00d3scar Cardona Cadavid\\u00bb. G\\u00e9nero: Blues.\",\"meta\":{\"genre\":\"Blues\",\"length_formatted\":\"0:20\"},\"image\":{\"src\":\"https:\\\/\\\/www.medellin.gov.co\\\/es\\\/wp-includes\\\/images\\\/media\\\/audio.png\",\"width\":48,\"height\":64},\"thumb\":{\"src\":\"https:\\\/\\\/www.medellin.gov.co\\\/es\\\/wp-includes\\\/images\\\/media\\\/audio.png\",\"width\":48,\"height\":64}},{\"src\":\"https:\\\/\\\/www.medellin.gov.co\\\/es\\\/wp-content\\\/uploads\\\/2025\\\/07\\\/Declaraciones-secretario-e-de-Infraestructura-Fisica-Jorge-Ivan-Jaramillo-Perez-1.mp3\",\"type\":\"audio\\\/mpeg\",\"title\":\"Declaraciones secretario (e) de Infraestructura F\\u00edsica, Jorge Iv\\u00e1n Jaramillo P\\u00e9rez\",\"caption\":\"\",\"description\":\"\\u00abDeclaraciones secretario (e) de Infraestructura F\\u00edsica, Jorge Iv\\u00e1n Jaramillo P\\u00e9rez\\u00bb. G\\u00e9nero: Blues.\",\"meta\":{\"genre\":\"Blues\",\"length_formatted\":\"0:21\"},\"image\":{\"src\":\"https:\\\/\\\/www.medellin.gov.co\\\/es\\\/wp-includes\\\/images\\\/media\\\/audio.png\",\"width\":48,\"height\":64},\"thumb\":{\"src\":\"https:\\\/\\\/www.medellin.gov.co\\\/es\\\/wp-includes\\\/images\\\/media\\\/audio.png\",\"width\":48,\"height\":64}}]}<\/script>\n<\/div>\n\t\n<p>El Parque Arv\u00ed proyecta su experiencia m\u00e1s all\u00e1 de sus l\u00edmites f\u00edsicos, generando valor p\u00fablico en otros escenarios naturales que componen la infraestructura verde de Medell\u00edn, como son los cinco corregimientos, cinco comunas (5-Castilla, 6-Doce de Octubre, 7-Robledo, 15-Guayabal y 16-Bel\u00e9n) y los siete cerros tutelares.<\/p>\n<p><img loading=\"lazy\" class=\"alignnone wp-image-437620 size-full\" src=\"https:\/\/www.medellin.gov.co\/es\/wp-content\/uploads\/2025\/07\/Imagen-intervencion-zonas-verdes-y-jardines-1.jpg\" alt=\"Imagen intervenci\u00f3n zonas verdes y jardines (1)\" width=\"1133\" height=\"850\" srcset=\"https:\/\/www.medellin.gov.co\/es\/wp-content\/uploads\/2025\/07\/Imagen-intervencion-zonas-verdes-y-jardines-1.jpg 1133w, https:\/\/www.medellin.gov.co\/es\/wp-content\/uploads\/2025\/07\/Imagen-intervencion-zonas-verdes-y-jardines-1-300x225.jpg 300w, https:\/\/www.medellin.gov.co\/es\/wp-content\/uploads\/2025\/07\/Imagen-intervencion-zonas-verdes-y-jardines-1-1024x768.jpg 1024w, https:\/\/www.medellin.gov.co\/es\/wp-content\/uploads\/2025\/07\/Imagen-intervencion-zonas-verdes-y-jardines-1-150x113.jpg 150w, https:\/\/www.medellin.gov.co\/es\/wp-content\/uploads\/2025\/07\/Imagen-intervencion-zonas-verdes-y-jardines-1-768x576.jpg 768w\" sizes=\"(max-width: 1133px) 100vw, 1133px\" \/><\/p>\n<p>El prop\u00f3sito es intervenir 554.000 metros cuadrados de zonas verdes y jardines, cuidar 63.117 \u00e1rboles y sembrar 2.400 metros cuadrados de nuevos jardines en diferentes lugares de Medell\u00edn. Es as\u00ed como Arv\u00ed ampl\u00eda su capacidad de acompa\u00f1ar, asesorar e intervenir otros ecosistemas urbanos y suburbanos.<\/p>\n<p><em>\u201cEn la corporaci\u00f3n estamos trabajando para consolidar un modelo sostenible que fortalezca nuestra capacidad t\u00e9cnica, financiera y social. Esta l\u00ednea de negocio nos permite proyectar la experiencia de Arv\u00ed m\u00e1s all\u00e1 del parque, transformando territorios verdes a trav\u00e9s de la conservaci\u00f3n, el turismo sostenible, la restauraci\u00f3n ecol\u00f3gica y el desarrollo comunitario\u201d<\/em>, indic\u00f3 el director de la corporaci\u00f3n, \u00d3scar Cardona Cadavid.<\/p>\n\n\t\t<style type=\"text\/css\">\n\t\t\t#gallery-1 {\n\t\t\t\tmargin: auto;\n\t\t\t}\n\t\t\t#gallery-1 .gallery-item {\n\t\t\t\tfloat: left;\n\t\t\t\tmargin-top: 10px;\n\t\t\t\ttext-align: center;\n\t\t\t\twidth: 50%;\n\t\t\t}\n\t\t\t#gallery-1 img {\n\t\t\t\tborder: 2px solid #cfcfcf;\n\t\t\t}\n\t\t\t#gallery-1 .gallery-caption {\n\t\t\t\tmargin-left: 0;\n\t\t\t}\n\t\t\t\/* see gallery_shortcode() in wp-includes\/media.php *\/\n\t\t<\/style>\n\t\t<div id='gallery-1' class='gallery galleryid-437612 gallery-columns-2 gallery-size-full'><dl class='gallery-item'>\n\t\t\t<dt class='gallery-icon landscape'>\n\t\t\t\t<a href='https:\/\/www.medellin.gov.co\/es\/sala-de-prensa\/noticias\/el-parque-arvi-replicara-su-experiencia-por-medellin-intervendra-554-000-metros-cuadrados-de-zonas-verdes-y-jardines\/imagen-intervencion-zonas-verdes-y-jardines-3\/'><img width=\"1133\" height=\"850\" src=\"https:\/\/www.medellin.gov.co\/es\/wp-content\/uploads\/2025\/07\/Imagen-intervencion-zonas-verdes-y-jardines-3.jpg\" class=\"attachment-full size-full\" alt=\"Imagen intervenci\u00f3n zonas verdes y jardines (3)\" loading=\"lazy\" srcset=\"https:\/\/www.medellin.gov.co\/es\/wp-content\/uploads\/2025\/07\/Imagen-intervencion-zonas-verdes-y-jardines-3.jpg 1133w, https:\/\/www.medellin.gov.co\/es\/wp-content\/uploads\/2025\/07\/Imagen-intervencion-zonas-verdes-y-jardines-3-300x225.jpg 300w, https:\/\/www.medellin.gov.co\/es\/wp-content\/uploads\/2025\/07\/Imagen-intervencion-zonas-verdes-y-jardines-3-1024x768.jpg 1024w, https:\/\/www.medellin.gov.co\/es\/wp-content\/uploads\/2025\/07\/Imagen-intervencion-zonas-verdes-y-jardines-3-150x113.jpg 150w, https:\/\/www.medellin.gov.co\/es\/wp-content\/uploads\/2025\/07\/Imagen-intervencion-zonas-verdes-y-jardines-3-768x576.jpg 768w\" sizes=\"(max-width: 1133px) 100vw, 1133px\" \/><\/a>\n\t\t\t<\/dt><\/dl><dl class='gallery-item'>\n\t\t\t<dt class='gallery-icon landscape'>\n\t\t\t\t<a href='https:\/\/www.medellin.gov.co\/es\/sala-de-prensa\/noticias\/el-parque-arvi-replicara-su-experiencia-por-medellin-intervendra-554-000-metros-cuadrados-de-zonas-verdes-y-jardines\/imagen-intervencion-zonas-verdes-y-jardines-4\/'><img width=\"1133\" height=\"850\" src=\"https:\/\/www.medellin.gov.co\/es\/wp-content\/uploads\/2025\/07\/Imagen-intervencion-zonas-verdes-y-jardines-4.jpg\" class=\"attachment-full size-full\" alt=\"Imagen intervenci\u00f3n zonas verdes y jardines (4)\" loading=\"lazy\" srcset=\"https:\/\/www.medellin.gov.co\/es\/wp-content\/uploads\/2025\/07\/Imagen-intervencion-zonas-verdes-y-jardines-4.jpg 1133w, https:\/\/www.medellin.gov.co\/es\/wp-content\/uploads\/2025\/07\/Imagen-intervencion-zonas-verdes-y-jardines-4-300x225.jpg 300w, https:\/\/www.medellin.gov.co\/es\/wp-content\/uploads\/2025\/07\/Imagen-intervencion-zonas-verdes-y-jardines-4-1024x768.jpg 1024w, https:\/\/www.medellin.gov.co\/es\/wp-content\/uploads\/2025\/07\/Imagen-intervencion-zonas-verdes-y-jardines-4-150x113.jpg 150w, https:\/\/www.medellin.gov.co\/es\/wp-content\/uploads\/2025\/07\/Imagen-intervencion-zonas-verdes-y-jardines-4-768x576.jpg 768w\" sizes=\"(max-width: 1133px) 100vw, 1133px\" \/><\/a>\n\t\t\t<\/dt><\/dl><br style=\"clear: both\" \/>\n\t\t<\/div>\n\n<p>De esta manera, la corporaci\u00f3n fortalece su l\u00ednea estrat\u00e9gica de sostenibilidad y gesti\u00f3n ambiental, ampliando la oferta de servicios orientados al cuidado integral de la naturaleza en diversos espacios verdes de Medell\u00edn.<\/p>\n<p><em>\u201cLa articulaci\u00f3n con la Corporaci\u00f3n Parque Arv\u00ed permite fortalecer la infraestructura verde, integrando sostenibilidad, prevenci\u00f3n de riesgos y restauraci\u00f3n ecol\u00f3gica. Esta alianza es clave para consolidar una ciudad m\u00e1s segura, biodiversa y adaptada al futuro\u201d, <\/em>afirm\u00f3 el secretario (e) de Infraestructura F\u00edsica, Jorge Iv\u00e1n Jaramillo P\u00e9rez.<\/p>\n<p><img loading=\"lazy\" class=\"alignnone wp-image-437616 size-full\" src=\"https:\/\/www.medellin.gov.co\/es\/wp-content\/uploads\/2025\/07\/Imagen-intervencion-zonas-verdes-y-jardines-5.jpg\" alt=\"Imagen intervenci\u00f3n zonas verdes y jardines (5)\" width=\"1133\" height=\"850\" srcset=\"https:\/\/www.medellin.gov.co\/es\/wp-content\/uploads\/2025\/07\/Imagen-intervencion-zonas-verdes-y-jardines-5.jpg 1133w, https:\/\/www.medellin.gov.co\/es\/wp-content\/uploads\/2025\/07\/Imagen-intervencion-zonas-verdes-y-jardines-5-300x225.jpg 300w, https:\/\/www.medellin.gov.co\/es\/wp-content\/uploads\/2025\/07\/Imagen-intervencion-zonas-verdes-y-jardines-5-1024x768.jpg 1024w, https:\/\/www.medellin.gov.co\/es\/wp-content\/uploads\/2025\/07\/Imagen-intervencion-zonas-verdes-y-jardines-5-150x113.jpg 150w, https:\/\/www.medellin.gov.co\/es\/wp-content\/uploads\/2025\/07\/Imagen-intervencion-zonas-verdes-y-jardines-5-768x576.jpg 768w\" sizes=\"(max-width: 1133px) 100vw, 1133px\" \/><\/p>\n<p>En su trayectoria, la corporaci\u00f3n ha intervenido m\u00e1s de 131 hect\u00e1reas de bosques y zonas verdes en el Parque Arv\u00ed y cerros tutelares, con enfoques de participaci\u00f3n comunitaria.<\/p>\n","protected":false},"excerpt":{"rendered":"<p>Tambi\u00e9n, se encargar\u00e1 de la siembra de 2.400 metros cuadrados de jardines y del cuidado de 63.117 \u00e1rboles. Con su nuevo modelo de gesti\u00f3n, la ciudad tendr\u00e1 150 jardineros y jardineras m\u00e1s. El Parque Arv\u00ed &#8230;<\/p>\n","protected":false},"author":95,"featured_media":437622,"comment_status":"open","ping_status":"open","sticky":false,"template":"","format":"standard","meta":[],"categories":[17],"tags":[634],"formato_nota":[],"programas_tax":[],"acf":[],"_links":{"self":[{"href":"https:\/\/www.medellin.gov.co\/es\/wp-json\/wp\/v2\/posts\/437612"}],"collection":[{"href":"https:\/\/www.medellin.gov.co\/es\/wp-json\/wp\/v2\/posts"}],"about":[{"href":"https:\/\/www.medellin.gov.co\/es\/wp-json\/wp\/v2\/types\/post"}],"author":[{"embeddable":true,"href":"https:\/\/www.medellin.gov.co\/es\/wp-json\/wp\/v2\/users\/95"}],"replies":[{"embeddable":true,"href":"https:\/\/www.medellin.gov.co\/es\/wp-json\/wp\/v2\/comments?post=437612"}],"version-history":[{"count":1,"href":"https:\/\/www.medellin.gov.co\/es\/wp-json\/wp\/v2\/posts\/437612\/revisions"}],"predecessor-version":[{"id":437624,"href":"https:\/\/www.medellin.gov.co\/es\/wp-json\/wp\/v2\/posts\/437612\/revisions\/437624"}],"wp:featuredmedia":[{"embeddable":true,"href":"https:\/\/www.medellin.gov.co\/es\/wp-json\/wp\/v2\/media\/437622"}],"wp:attachment":[{"href":"https:\/\/www.medellin.gov.co\/es\/wp-json\/wp\/v2\/media?parent=437612"}],"wp:term":[{"taxonomy":"category","embeddable":true,"href":"https:\/\/www.medellin.gov.co\/es\/wp-json\/wp\/v2\/categories?post=437612"},{"taxonomy":"post_tag","embeddable":true,"href":"https:\/\/www.medellin.gov.co\/es\/wp-json\/wp\/v2\/tags?post=437612"},{"taxonomy":"formato_nota","embeddable":true,"href":"https:\/\/www.medellin.gov.co\/es\/wp-json\/wp\/v2\/formato_nota?post=437612"},{"taxonomy":"programas_tax","embeddable":true,"href":"https:\/\/www.medellin.gov.co\/es\/wp-json\/wp\/v2\/programas_tax?post=437612"}],"curies":[{"name":"wp","href":"https:\/\/api.w.org\/{rel}","templated":true}]}}