{"id":438857,"date":"2025-08-03T19:20:49","date_gmt":"2025-08-04T00:20:49","guid":{"rendered":"https:\/\/www.medellin.gov.co\/es\/?p=438857"},"modified":"2025-08-03T19:22:12","modified_gmt":"2025-08-04T00:22:12","slug":"mas-de-2-500-policias-custodiaran-la-feria-de-las-flores-2025","status":"publish","type":"post","link":"https:\/\/www.medellin.gov.co\/es\/sala-de-prensa\/noticias\/mas-de-2-500-policias-custodiaran-la-feria-de-las-flores-2025\/","title":{"rendered":"M\u00e1s de 2.500 polic\u00edas custodiar\u00e1n la Feria de las Flores 2025"},"content":{"rendered":"<ul>\n<li>Se cubrir\u00e1n los 506 eventos p\u00fablicos y privados con vigilancia terrestre y a\u00e9rea.<\/li>\n<li>Santa Elena, Parques del R\u00edo, el Pueblito Paisa y zonas tur\u00edsticas estar\u00e1n bajo monitoreo permanente.<\/li>\n<\/ul>\n<!--[if lt IE 9]><script>document.createElement('audio');<\/script><![endif]-->\n\t<div class=\"wp-playlist wp-audio-playlist wp-playlist-light\">\n\t\t\t<div class=\"wp-playlist-current-item\"><\/div>\n\t\t<audio controls=\"controls\" preload=\"none\" width=\"640\"\n\t\t\t><\/audio>\n\t<div class=\"wp-playlist-next\"><\/div>\n\t<div class=\"wp-playlist-prev\"><\/div>\n\t<noscript>\n\t<ol>\n\t\t<li><a href='https:\/\/www.medellin.gov.co\/es\/wp-content\/uploads\/2025\/08\/Declaraciones-del-secretario-de-Seguridad-y-Convivencia-Manuel-Villa-Mejia..mp3'>Declaraciones del secretario de Seguridad y Convivencia, Manuel\u00a0Villa\u00a0Mej\u00eda.<\/a><\/li>\t<\/ol>\n\t<\/noscript>\n\t<script type=\"application\/json\" class=\"wp-playlist-script\">{\"type\":\"audio\",\"tracklist\":true,\"tracknumbers\":true,\"images\":true,\"artists\":true,\"tracks\":[{\"src\":\"https:\\\/\\\/www.medellin.gov.co\\\/es\\\/wp-content\\\/uploads\\\/2025\\\/08\\\/Declaraciones-del-secretario-de-Seguridad-y-Convivencia-Manuel-Villa-Mejia..mp3\",\"type\":\"audio\\\/mpeg\",\"title\":\"Declaraciones del secretario de Seguridad y Convivencia, Manuel\\u00a0Villa\\u00a0Mej\\u00eda.\",\"caption\":\"\",\"description\":\"\\u00abDeclaraciones del secretario de Seguridad y Convivencia, Manuel\\u00a0Villa\\u00a0Mej\\u00eda.\\u00bb.\",\"meta\":{\"length_formatted\":\"5:27\"},\"image\":{\"src\":\"https:\\\/\\\/www.medellin.gov.co\\\/es\\\/wp-includes\\\/images\\\/media\\\/audio.png\",\"width\":48,\"height\":64},\"thumb\":{\"src\":\"https:\\\/\\\/www.medellin.gov.co\\\/es\\\/wp-includes\\\/images\\\/media\\\/audio.png\",\"width\":48,\"height\":64}}]}<\/script>\n<\/div>\n\t\n<p>En un trabajo articulado entre la Alcald\u00eda de Medell\u00edn y la Polic\u00eda Nacional, se desplegar\u00e1 el m\u00e1s robusto dispositivo de seguridad del a\u00f1o para garantizar la tranquilidad durante la edici\u00f3n n\u00famero 68 de la Feria de las Flores. Con m\u00e1s de 2.500 uniformados en servicio, el prop\u00f3sito es asegurar que turistas y ciudadanos disfruten de manera segura esta celebraci\u00f3n tradicional.<\/p>\n<p><img loading=\"lazy\" class=\"alignnone size-large wp-image-438867\" src=\"https:\/\/www.medellin.gov.co\/es\/wp-content\/uploads\/2025\/08\/imagen-policias-custodiando-la-Feria-de-las-Flores-2025-5-1024x576.jpg\" alt=\"imagen polic\u00edas custodiando la Feria de las Flores 2025 (5)\" width=\"1024\" height=\"576\" srcset=\"https:\/\/www.medellin.gov.co\/es\/wp-content\/uploads\/2025\/08\/imagen-policias-custodiando-la-Feria-de-las-Flores-2025-5-1024x576.jpg 1024w, https:\/\/www.medellin.gov.co\/es\/wp-content\/uploads\/2025\/08\/imagen-policias-custodiando-la-Feria-de-las-Flores-2025-5-300x169.jpg 300w, https:\/\/www.medellin.gov.co\/es\/wp-content\/uploads\/2025\/08\/imagen-policias-custodiando-la-Feria-de-las-Flores-2025-5-150x84.jpg 150w, https:\/\/www.medellin.gov.co\/es\/wp-content\/uploads\/2025\/08\/imagen-policias-custodiando-la-Feria-de-las-Flores-2025-5-768x432.jpg 768w, https:\/\/www.medellin.gov.co\/es\/wp-content\/uploads\/2025\/08\/imagen-policias-custodiando-la-Feria-de-las-Flores-2025-5.jpg 1280w\" sizes=\"(max-width: 1024px) 100vw, 1024px\" \/><\/p>\n<p>El plan de seguridad se implementar\u00e1 bajo el modelo de Polic\u00eda orientado a las personas y los territorios, con cobertura en los 506 eventos oficiales, tanto p\u00fablicos como privados. Las zonas de alta concentraci\u00f3n tur\u00edstica como Santa Elena, el Pueblito Paisa, Parques del R\u00edo, centros comerciales y espacios p\u00fablicos contar\u00e1n con vigilancia a\u00e9rea, c\u00e1maras inteligentes y patrullajes preventivos. Adem\u00e1s, se reforzar\u00e1 el control en entradas a la ciudad, zonas bancarias y residenciales para prevenir delitos como hurto, lesiones personales, explotaci\u00f3n infantil, abuso sexual, tr\u00e1fico de estupefacientes y extorsi\u00f3n.<\/p>\n<p><img loading=\"lazy\" class=\"alignnone size-large wp-image-438865\" src=\"https:\/\/www.medellin.gov.co\/es\/wp-content\/uploads\/2025\/08\/imagen-policias-custodiando-la-Feria-de-las-Flores-2025-3-1024x575.jpg\" alt=\"imagen polic\u00edas custodiando la Feria de las Flores 2025 (3)\" width=\"1024\" height=\"575\" srcset=\"https:\/\/www.medellin.gov.co\/es\/wp-content\/uploads\/2025\/08\/imagen-policias-custodiando-la-Feria-de-las-Flores-2025-3-1024x575.jpg 1024w, https:\/\/www.medellin.gov.co\/es\/wp-content\/uploads\/2025\/08\/imagen-policias-custodiando-la-Feria-de-las-Flores-2025-3-300x169.jpg 300w, https:\/\/www.medellin.gov.co\/es\/wp-content\/uploads\/2025\/08\/imagen-policias-custodiando-la-Feria-de-las-Flores-2025-3-150x84.jpg 150w, https:\/\/www.medellin.gov.co\/es\/wp-content\/uploads\/2025\/08\/imagen-policias-custodiando-la-Feria-de-las-Flores-2025-3-768x431.jpg 768w, https:\/\/www.medellin.gov.co\/es\/wp-content\/uploads\/2025\/08\/imagen-policias-custodiando-la-Feria-de-las-Flores-2025-3.jpg 1280w\" sizes=\"(max-width: 1024px) 100vw, 1024px\" \/><\/p>\n<p><em>\u201cVamos a vivir una Feria de las Flores con sabor a tradici\u00f3n, pero con toda la autoridad. Esta ser\u00e1 una fiesta segura, porque estamos actuando con inteligencia, control territorial, vigilancia tecnol\u00f3gica y presencia permanente en cada rinc\u00f3n de Medell\u00edn\u201d, <\/em>afirm\u00f3 el secretario de Seguridad y Convivencia, Manuel Villa Mej\u00eda.<\/p>\n<p>Se han dispuesto capacidades como el helic\u00f3ptero Halc\u00f3n, drones, unidades especializadas de la SIJIN, GAULA, Inteligencia, Gu\u00edas Caninos y Carabineros. Adem\u00e1s, se adelantar\u00e1n campa\u00f1as de prevenci\u00f3n en v\u00eda p\u00fablica y puntos tur\u00edsticos, controles al licor y vigilancia a establecimientos comerciales.<\/p>\n<p><img loading=\"lazy\" class=\"alignnone size-large wp-image-438862\" src=\"https:\/\/www.medellin.gov.co\/es\/wp-content\/uploads\/2025\/08\/imagen-policias-custodiando-la-Feria-de-las-Flores-2025-2-1024x576.jpg\" alt=\"imagen polic\u00edas custodiando la Feria de las Flores 2025 (2)\" width=\"1024\" height=\"576\" srcset=\"https:\/\/www.medellin.gov.co\/es\/wp-content\/uploads\/2025\/08\/imagen-policias-custodiando-la-Feria-de-las-Flores-2025-2-1024x576.jpg 1024w, https:\/\/www.medellin.gov.co\/es\/wp-content\/uploads\/2025\/08\/imagen-policias-custodiando-la-Feria-de-las-Flores-2025-2-300x169.jpg 300w, https:\/\/www.medellin.gov.co\/es\/wp-content\/uploads\/2025\/08\/imagen-policias-custodiando-la-Feria-de-las-Flores-2025-2-150x84.jpg 150w, https:\/\/www.medellin.gov.co\/es\/wp-content\/uploads\/2025\/08\/imagen-policias-custodiando-la-Feria-de-las-Flores-2025-2-768x432.jpg 768w, https:\/\/www.medellin.gov.co\/es\/wp-content\/uploads\/2025\/08\/imagen-policias-custodiando-la-Feria-de-las-Flores-2025-2.jpg 1280w\" sizes=\"(max-width: 1024px) 100vw, 1024px\" \/><\/p>\n<p><em>\u201cVamos a proteger esta Feria con toda nuestra capacidad institucional. No vamos a permitir alteraciones al orden p\u00fablico ni delitos que empa\u00f1en nuestra tradici\u00f3n. Si los delincuentes pretenden delinquir, nos van a encontrar en cada esquina\u201d, <\/em>precis\u00f3 el secretario Villa Mej\u00eda, quien reiter\u00f3 tambi\u00e9n que se mantendr\u00e1 vigilancia permanente a estructuras criminales y posibles amenazas, incluyendo delitos digitales y nuevas modalidades de enga\u00f1o a turistas.<\/p>\n<p>Se tendr\u00e1n activas las l\u00edneas de atenci\u00f3n ciudadana como la 123 y la l\u00ednea 165 del GAULA para reportar extorsiones o amenazas. En caso de violencia de g\u00e9nero, estar\u00e1 habilitada la l\u00ednea 155. Las patrullas m\u00f3viles y los equipos territoriales de seguridad estar\u00e1n en puntos estrat\u00e9gicos para atender emergencias en tiempo real.<\/p>\n<p><img loading=\"lazy\" class=\"alignnone size-large wp-image-438860\" src=\"https:\/\/www.medellin.gov.co\/es\/wp-content\/uploads\/2025\/08\/imagen-policias-custodiando-la-Feria-de-las-Flores-2025-1-1024x575.jpg\" alt=\"imagen polic\u00edas custodiando la Feria de las Flores 2025 (1)\" width=\"1024\" height=\"575\" srcset=\"https:\/\/www.medellin.gov.co\/es\/wp-content\/uploads\/2025\/08\/imagen-policias-custodiando-la-Feria-de-las-Flores-2025-1-1024x575.jpg 1024w, https:\/\/www.medellin.gov.co\/es\/wp-content\/uploads\/2025\/08\/imagen-policias-custodiando-la-Feria-de-las-Flores-2025-1-300x169.jpg 300w, https:\/\/www.medellin.gov.co\/es\/wp-content\/uploads\/2025\/08\/imagen-policias-custodiando-la-Feria-de-las-Flores-2025-1-150x84.jpg 150w, https:\/\/www.medellin.gov.co\/es\/wp-content\/uploads\/2025\/08\/imagen-policias-custodiando-la-Feria-de-las-Flores-2025-1-768x431.jpg 768w, https:\/\/www.medellin.gov.co\/es\/wp-content\/uploads\/2025\/08\/imagen-policias-custodiando-la-Feria-de-las-Flores-2025-1.jpg 1280w\" sizes=\"(max-width: 1024px) 100vw, 1024px\" \/><\/p>\n<p>La Alcald\u00eda invita a los ciudadanos a disfrutar con respeto, seguir las recomendaciones de seguridad y denunciar cualquier hecho que ponga en riesgo la convivencia. La tradici\u00f3n florece cuando la protegemos entre todos.<\/p>\n","protected":false},"excerpt":{"rendered":"<p>Se cubrir\u00e1n los 506 eventos p\u00fablicos y privados con vigilancia terrestre y a\u00e9rea. Santa Elena, Parques del R\u00edo, el Pueblito Paisa y zonas tur\u00edsticas estar\u00e1n bajo monitoreo permanente. En un trabajo articulado entre la Alcald\u00eda &#8230;<\/p>\n","protected":false},"author":97,"featured_media":438866,"comment_status":"open","ping_status":"open","sticky":false,"template":"","format":"standard","meta":[],"categories":[21],"tags":[429,619],"formato_nota":[],"programas_tax":[],"acf":[],"_links":{"self":[{"href":"https:\/\/www.medellin.gov.co\/es\/wp-json\/wp\/v2\/posts\/438857"}],"collection":[{"href":"https:\/\/www.medellin.gov.co\/es\/wp-json\/wp\/v2\/posts"}],"about":[{"href":"https:\/\/www.medellin.gov.co\/es\/wp-json\/wp\/v2\/types\/post"}],"author":[{"embeddable":true,"href":"https:\/\/www.medellin.gov.co\/es\/wp-json\/wp\/v2\/users\/97"}],"replies":[{"embeddable":true,"href":"https:\/\/www.medellin.gov.co\/es\/wp-json\/wp\/v2\/comments?post=438857"}],"version-history":[{"count":2,"href":"https:\/\/www.medellin.gov.co\/es\/wp-json\/wp\/v2\/posts\/438857\/revisions"}],"predecessor-version":[{"id":438874,"href":"https:\/\/www.medellin.gov.co\/es\/wp-json\/wp\/v2\/posts\/438857\/revisions\/438874"}],"wp:featuredmedia":[{"embeddable":true,"href":"https:\/\/www.medellin.gov.co\/es\/wp-json\/wp\/v2\/media\/438866"}],"wp:attachment":[{"href":"https:\/\/www.medellin.gov.co\/es\/wp-json\/wp\/v2\/media?parent=438857"}],"wp:term":[{"taxonomy":"category","embeddable":true,"href":"https:\/\/www.medellin.gov.co\/es\/wp-json\/wp\/v2\/categories?post=438857"},{"taxonomy":"post_tag","embeddable":true,"href":"https:\/\/www.medellin.gov.co\/es\/wp-json\/wp\/v2\/tags?post=438857"},{"taxonomy":"formato_nota","embeddable":true,"href":"https:\/\/www.medellin.gov.co\/es\/wp-json\/wp\/v2\/formato_nota?post=438857"},{"taxonomy":"programas_tax","embeddable":true,"href":"https:\/\/www.medellin.gov.co\/es\/wp-json\/wp\/v2\/programas_tax?post=438857"}],"curies":[{"name":"wp","href":"https:\/\/api.w.org\/{rel}","templated":true}]}}