{"id":446595,"date":"2025-08-25T15:03:16","date_gmt":"2025-08-25T20:03:16","guid":{"rendered":"https:\/\/www.medellin.gov.co\/es\/?p=446595"},"modified":"2025-08-25T15:03:16","modified_gmt":"2025-08-25T20:03:16","slug":"suena-bien-medellin-promueve-el-cuidado-de-la-salud-mental-en-la-semana-por-la-tranquilidad","status":"publish","type":"post","link":"https:\/\/www.medellin.gov.co\/es\/sala-de-prensa\/noticias\/suena-bien-medellin-promueve-el-cuidado-de-la-salud-mental-en-la-semana-por-la-tranquilidad\/","title":{"rendered":"\u201cSuena bien\u201d: Medell\u00edn promueve el cuidado de la salud mental en la Semana por la Tranquilidad"},"content":{"rendered":"<ul>\n<li>M\u00e1s de 40 actividades culturales y pedag\u00f3gicas har\u00e1n parte de la programaci\u00f3n.<\/li>\n<li>Este a\u00f1o se han realizado 145 visitas para medir el ruido intradomiciliario, detectando 31 casos con niveles superiores a los permitidos.<\/li>\n<\/ul>\n<!--[if lt IE 9]><script>document.createElement('audio');<\/script><![endif]-->\n\t<div class=\"wp-playlist wp-audio-playlist wp-playlist-light\">\n\t\t\t<div class=\"wp-playlist-current-item\"><\/div>\n\t\t<audio controls=\"controls\" preload=\"none\" width=\"640\"\n\t\t\t><\/audio>\n\t<div class=\"wp-playlist-next\"><\/div>\n\t<div class=\"wp-playlist-prev\"><\/div>\n\t<noscript>\n\t<ol>\n\t\t<li><a href='https:\/\/www.medellin.gov.co\/es\/wp-content\/uploads\/2025\/08\/Declaraciones-secretaria-de-Salud-Natalia-Lopez-Delgado-1.mp3'>Declaraciones secretaria de Salud, Natalia L\u00f3pez Delgado<\/a><\/li>\t<\/ol>\n\t<\/noscript>\n\t<script type=\"application\/json\" class=\"wp-playlist-script\">{\"type\":\"audio\",\"tracklist\":true,\"tracknumbers\":true,\"images\":true,\"artists\":true,\"tracks\":[{\"src\":\"https:\\\/\\\/www.medellin.gov.co\\\/es\\\/wp-content\\\/uploads\\\/2025\\\/08\\\/Declaraciones-secretaria-de-Salud-Natalia-Lopez-Delgado-1.mp3\",\"type\":\"audio\\\/mpeg\",\"title\":\"Declaraciones secretaria de Salud, Natalia L\\u00f3pez Delgado\",\"caption\":\"\",\"description\":\"\\u00abDeclaraciones secretaria de Salud, Natalia L\\u00f3pez Delgado\\u00bb. G\\u00e9nero: Blues.\",\"meta\":{\"genre\":\"Blues\",\"length_formatted\":\"1:02\"},\"image\":{\"src\":\"https:\\\/\\\/www.medellin.gov.co\\\/es\\\/wp-includes\\\/images\\\/media\\\/audio.png\",\"width\":48,\"height\":64},\"thumb\":{\"src\":\"https:\\\/\\\/www.medellin.gov.co\\\/es\\\/wp-includes\\\/images\\\/media\\\/audio.png\",\"width\":48,\"height\":64}}]}<\/script>\n<\/div>\n\t\n<p>Del 25 al 30 de agosto de 2025, la Alcald\u00eda de Medell\u00edn, a trav\u00e9s de la Secretar\u00eda de Salud y distintas dependencias, realizar\u00e1 la Semana por la Tranquilidad y la Gesti\u00f3n del Ruido, con el prop\u00f3sito de sensibilizar sobre la importancia de un entorno sonoro saludable, prevenir los efectos del ruido en la salud mental y promover la convivencia ciudadana.<\/p>\n<p><img loading=\"lazy\" class=\"alignnone wp-image-446607 size-full\" src=\"https:\/\/www.medellin.gov.co\/es\/wp-content\/uploads\/2025\/08\/Imagen-Semana-por-la-Tranquilidad-2.jpg\" alt=\"Imagen Semana por la Tranquilidad (2)\" width=\"1276\" height=\"850\" srcset=\"https:\/\/www.medellin.gov.co\/es\/wp-content\/uploads\/2025\/08\/Imagen-Semana-por-la-Tranquilidad-2.jpg 1276w, https:\/\/www.medellin.gov.co\/es\/wp-content\/uploads\/2025\/08\/Imagen-Semana-por-la-Tranquilidad-2-300x200.jpg 300w, https:\/\/www.medellin.gov.co\/es\/wp-content\/uploads\/2025\/08\/Imagen-Semana-por-la-Tranquilidad-2-1024x682.jpg 1024w, https:\/\/www.medellin.gov.co\/es\/wp-content\/uploads\/2025\/08\/Imagen-Semana-por-la-Tranquilidad-2-150x100.jpg 150w, https:\/\/www.medellin.gov.co\/es\/wp-content\/uploads\/2025\/08\/Imagen-Semana-por-la-Tranquilidad-2-768x512.jpg 768w\" sizes=\"(max-width: 1276px) 100vw, 1276px\" \/><\/p>\n<p>El mensaje de este a\u00f1o es \u201cSuena bien: b\u00e1jale al volumen, s\u00fabele al cuidado de tu salud mental\u201d, una invitaci\u00f3n a reflexionar sobre c\u00f3mo la tranquilidad y el respeto por el ambiente sonoro fortalecen la salud y la calidad de vida. Esta iniciativa se desarrollar\u00e1 en instituciones educativas, espacios p\u00fablicos y culturales.<\/p>\n<p>Durante seis d\u00edas se realizar\u00e1n m\u00e1s de 40 actividades como tomas art\u00edsticas, foros, experiencias inmersivas, operativos pedag\u00f3gicos y capacitaciones. La programaci\u00f3n supera la de 2024, cuando se realizaron 35 actividades.<\/p>\n<p>La Semana por la Tranquilidad y la Gesti\u00f3n del Ruido apunta a impactar en los indicadores de salud mental y convivencia, fomentando la reducci\u00f3n de conflictos asociados al ruido, la adopci\u00f3n de pr\u00e1cticas de autocuidado y el aumento de la conciencia ciudadana. En 2024, m\u00e1s de 1.500 personas participaron en la apertura y este a\u00f1o se espera superar esa cifra.<\/p>\n\n\t\t<style type=\"text\/css\">\n\t\t\t#gallery-1 {\n\t\t\t\tmargin: auto;\n\t\t\t}\n\t\t\t#gallery-1 .gallery-item {\n\t\t\t\tfloat: left;\n\t\t\t\tmargin-top: 10px;\n\t\t\t\ttext-align: center;\n\t\t\t\twidth: 50%;\n\t\t\t}\n\t\t\t#gallery-1 img {\n\t\t\t\tborder: 2px solid #cfcfcf;\n\t\t\t}\n\t\t\t#gallery-1 .gallery-caption {\n\t\t\t\tmargin-left: 0;\n\t\t\t}\n\t\t\t\/* see gallery_shortcode() in wp-includes\/media.php *\/\n\t\t<\/style>\n\t\t<div id='gallery-1' class='gallery galleryid-446595 gallery-columns-2 gallery-size-full'><dl class='gallery-item'>\n\t\t\t<dt class='gallery-icon landscape'>\n\t\t\t\t<a href='https:\/\/www.medellin.gov.co\/es\/sala-de-prensa\/noticias\/suena-bien-medellin-promueve-el-cuidado-de-la-salud-mental-en-la-semana-por-la-tranquilidad\/imagen-semana-por-la-tranquilidad-4\/'><img width=\"1276\" height=\"850\" src=\"https:\/\/www.medellin.gov.co\/es\/wp-content\/uploads\/2025\/08\/Imagen-Semana-por-la-Tranquilidad-4.jpg\" class=\"attachment-full size-full\" alt=\"Imagen Semana por la Tranquilidad (4)\" loading=\"lazy\" srcset=\"https:\/\/www.medellin.gov.co\/es\/wp-content\/uploads\/2025\/08\/Imagen-Semana-por-la-Tranquilidad-4.jpg 1276w, https:\/\/www.medellin.gov.co\/es\/wp-content\/uploads\/2025\/08\/Imagen-Semana-por-la-Tranquilidad-4-300x200.jpg 300w, https:\/\/www.medellin.gov.co\/es\/wp-content\/uploads\/2025\/08\/Imagen-Semana-por-la-Tranquilidad-4-1024x682.jpg 1024w, https:\/\/www.medellin.gov.co\/es\/wp-content\/uploads\/2025\/08\/Imagen-Semana-por-la-Tranquilidad-4-150x100.jpg 150w, https:\/\/www.medellin.gov.co\/es\/wp-content\/uploads\/2025\/08\/Imagen-Semana-por-la-Tranquilidad-4-768x512.jpg 768w\" sizes=\"(max-width: 1276px) 100vw, 1276px\" \/><\/a>\n\t\t\t<\/dt><\/dl><dl class='gallery-item'>\n\t\t\t<dt class='gallery-icon landscape'>\n\t\t\t\t<a href='https:\/\/www.medellin.gov.co\/es\/sala-de-prensa\/noticias\/suena-bien-medellin-promueve-el-cuidado-de-la-salud-mental-en-la-semana-por-la-tranquilidad\/imagen-semana-por-la-tranquilidad-3\/'><img width=\"1276\" height=\"850\" src=\"https:\/\/www.medellin.gov.co\/es\/wp-content\/uploads\/2025\/08\/Imagen-Semana-por-la-Tranquilidad-3.jpg\" class=\"attachment-full size-full\" alt=\"Imagen Semana por la Tranquilidad (3)\" loading=\"lazy\" srcset=\"https:\/\/www.medellin.gov.co\/es\/wp-content\/uploads\/2025\/08\/Imagen-Semana-por-la-Tranquilidad-3.jpg 1276w, https:\/\/www.medellin.gov.co\/es\/wp-content\/uploads\/2025\/08\/Imagen-Semana-por-la-Tranquilidad-3-300x200.jpg 300w, https:\/\/www.medellin.gov.co\/es\/wp-content\/uploads\/2025\/08\/Imagen-Semana-por-la-Tranquilidad-3-1024x682.jpg 1024w, https:\/\/www.medellin.gov.co\/es\/wp-content\/uploads\/2025\/08\/Imagen-Semana-por-la-Tranquilidad-3-150x100.jpg 150w, https:\/\/www.medellin.gov.co\/es\/wp-content\/uploads\/2025\/08\/Imagen-Semana-por-la-Tranquilidad-3-768x512.jpg 768w\" sizes=\"(max-width: 1276px) 100vw, 1276px\" \/><\/a>\n\t\t\t<\/dt><\/dl><br style=\"clear: both\" \/>\n\t\t<\/div>\n\n<p><em>\u201cTendremos espacios acad\u00e9micos, culturales e inmersivos, con una agenda para promover la conciencia sobre los efectos del ruido en la salud y la convivencia. De manera especial, trabajaremos con las instituciones educativas, donde se realizar\u00e1n actividades simb\u00f3licas como un minuto de silencio con los estudiantes, adem\u00e1s de foros en la Universidad de Antioquia y en la Universidad de Medell\u00edn. Ser\u00e1 una semana nutrida y diversa, para que entendamos que <\/em><\/p>\n<p><em>Medell\u00edn suena bien cuando gestionamos el ruido y construimos entornos sonoros saludables\u201d<\/em>, dijo la secretaria de Salud, Natalia L\u00f3pez Delgado.<\/p>\n<p>La Secretar\u00eda de Salud ha realizado 145 visitas intradomiciliarias para atender solicitudes ciudadanas por ruido, de las cuales 31 presentaron niveles superiores a la norma, con mayor incidencia en las comunas Buenos Aires, La Candelaria y Bel\u00e9n.<\/p>\n<p>El Distrito, a trav\u00e9s de la Secretar\u00eda de Medio Ambiente, adelanta acciones de medici\u00f3n, control y atenci\u00f3n de quejas, adem\u00e1s de campa\u00f1as educativas sobre el ruido. Este a\u00f1o busca fijar metas de calidad ac\u00fastica en las zonas m\u00e1s cr\u00edticas, articulando movilidad sostenible, gesti\u00f3n territorial y criterios de reducci\u00f3n del ruido en proyectos urbanos e infraestructura.<\/p>\n<p>La Secretar\u00eda de Movilidad se suma con \u201cPregoneras de la Confianza\u201d, puesta en escena del Equipo de Transformaci\u00f3n Cultural que sensibilizar\u00e1 a usuarios y conductores del transporte p\u00fablico sobre el uso del pito.<\/p>\n<p><img loading=\"lazy\" class=\"alignnone wp-image-446598 size-full\" src=\"https:\/\/www.medellin.gov.co\/es\/wp-content\/uploads\/2025\/08\/Imagen-Semana-por-la-Tranquilidad-5.jpg\" alt=\"Imagen Semana por la Tranquilidad (5)\" width=\"1276\" height=\"850\" srcset=\"https:\/\/www.medellin.gov.co\/es\/wp-content\/uploads\/2025\/08\/Imagen-Semana-por-la-Tranquilidad-5.jpg 1276w, https:\/\/www.medellin.gov.co\/es\/wp-content\/uploads\/2025\/08\/Imagen-Semana-por-la-Tranquilidad-5-300x200.jpg 300w, https:\/\/www.medellin.gov.co\/es\/wp-content\/uploads\/2025\/08\/Imagen-Semana-por-la-Tranquilidad-5-1024x682.jpg 1024w, https:\/\/www.medellin.gov.co\/es\/wp-content\/uploads\/2025\/08\/Imagen-Semana-por-la-Tranquilidad-5-150x100.jpg 150w, https:\/\/www.medellin.gov.co\/es\/wp-content\/uploads\/2025\/08\/Imagen-Semana-por-la-Tranquilidad-5-768x512.jpg 768w\" sizes=\"(max-width: 1276px) 100vw, 1276px\" \/><\/p>\n<p>A su vez, la Secretar\u00eda de Participaci\u00f3n Ciudadana fortalecer\u00e1 los 21 Centros de Desarrollo Social como escenarios comunitarios de bienestar, a trav\u00e9s de actividades como el programa \u201cSuena Bien tu Salud Mental\u201d, desarrollado en alianza con el INDER.<\/p>\n<p>La Secretar\u00eda de Cultura Ciudadana se uni\u00f3 con Medell\u00edn es como Vos y la intervenci\u00f3n art\u00edstica: \u201cComparsas Silenciosas\u201d, un flashmob que reconoce a ciudadanos y establecimientos que contribuyen a la gesti\u00f3n del ruido.<\/p>\n<p>Entre la programaci\u00f3n es importante resaltar algunas de las actividades para que la ciudad se agende: \u201cB\u00e1jale al Volumen, S\u00fabele a la Salud Mental\u201d en instituciones, estaciones del Metro y barrios; el foro \u201cRuido y Salud Mental\u201d en la Universidad de Medell\u00edn; el seminario \u201cRuido y Salud P\u00fablica\u201d en la Universidad de Antioquia; los puntos pedag\u00f3gicos \u201cM\u00e1s Vida, Menos Ruido\u201d; la experiencia inmersiva \u201cAs\u00ed Suena tu Paisaje\u201d; operativos pedag\u00f3gicos en establecimientos abiertos al p\u00fablico; y el programa radial \u201cMentalverso\u201d.<\/p>\n","protected":false},"excerpt":{"rendered":"<p>M\u00e1s de 40 actividades culturales y pedag\u00f3gicas har\u00e1n parte de la programaci\u00f3n. Este a\u00f1o se han realizado 145 visitas para medir el ruido intradomiciliario, detectando 31 casos con niveles superiores a los permitidos. Del 25 &#8230;<\/p>\n","protected":false},"author":95,"featured_media":446609,"comment_status":"open","ping_status":"open","sticky":false,"template":"","format":"standard","meta":[],"categories":[18],"tags":[452],"formato_nota":[],"programas_tax":[],"acf":[],"_links":{"self":[{"href":"https:\/\/www.medellin.gov.co\/es\/wp-json\/wp\/v2\/posts\/446595"}],"collection":[{"href":"https:\/\/www.medellin.gov.co\/es\/wp-json\/wp\/v2\/posts"}],"about":[{"href":"https:\/\/www.medellin.gov.co\/es\/wp-json\/wp\/v2\/types\/post"}],"author":[{"embeddable":true,"href":"https:\/\/www.medellin.gov.co\/es\/wp-json\/wp\/v2\/users\/95"}],"replies":[{"embeddable":true,"href":"https:\/\/www.medellin.gov.co\/es\/wp-json\/wp\/v2\/comments?post=446595"}],"version-history":[{"count":1,"href":"https:\/\/www.medellin.gov.co\/es\/wp-json\/wp\/v2\/posts\/446595\/revisions"}],"predecessor-version":[{"id":446622,"href":"https:\/\/www.medellin.gov.co\/es\/wp-json\/wp\/v2\/posts\/446595\/revisions\/446622"}],"wp:featuredmedia":[{"embeddable":true,"href":"https:\/\/www.medellin.gov.co\/es\/wp-json\/wp\/v2\/media\/446609"}],"wp:attachment":[{"href":"https:\/\/www.medellin.gov.co\/es\/wp-json\/wp\/v2\/media?parent=446595"}],"wp:term":[{"taxonomy":"category","embeddable":true,"href":"https:\/\/www.medellin.gov.co\/es\/wp-json\/wp\/v2\/categories?post=446595"},{"taxonomy":"post_tag","embeddable":true,"href":"https:\/\/www.medellin.gov.co\/es\/wp-json\/wp\/v2\/tags?post=446595"},{"taxonomy":"formato_nota","embeddable":true,"href":"https:\/\/www.medellin.gov.co\/es\/wp-json\/wp\/v2\/formato_nota?post=446595"},{"taxonomy":"programas_tax","embeddable":true,"href":"https:\/\/www.medellin.gov.co\/es\/wp-json\/wp\/v2\/programas_tax?post=446595"}],"curies":[{"name":"wp","href":"https:\/\/api.w.org\/{rel}","templated":true}]}}