{"id":446779,"date":"2025-08-25T16:18:46","date_gmt":"2025-08-25T21:18:46","guid":{"rendered":"https:\/\/www.medellin.gov.co\/es\/?p=446779"},"modified":"2025-08-25T16:18:46","modified_gmt":"2025-08-25T21:18:46","slug":"llega-a-plaza-mayor-la-quinta-edicion-de-la-feria-hecho-en-medellin","status":"publish","type":"post","link":"https:\/\/www.medellin.gov.co\/es\/sala-de-prensa\/noticias\/llega-a-plaza-mayor-la-quinta-edicion-de-la-feria-hecho-en-medellin\/","title":{"rendered":"Llega a Plaza Mayor la quinta edici\u00f3n de la feria Hecho en Medell\u00edn"},"content":{"rendered":"<ul>\n<li>Del 29 al 31 de agosto, Plaza Mayor recibir\u00e1 a m\u00e1s de 300 marcas que exhibir\u00e1n lo mejor del talento emprendedor local en unas 14 categor\u00edas.<\/li>\n<li>En el evento participar\u00e1n 95 expositores apoyados por la Administraci\u00f3n Distrital.<\/li>\n<\/ul>\n<!--[if lt IE 9]><script>document.createElement('audio');<\/script><![endif]-->\n\t<div class=\"wp-playlist wp-audio-playlist wp-playlist-light\">\n\t\t\t<div class=\"wp-playlist-current-item\"><\/div>\n\t\t<audio controls=\"controls\" preload=\"none\" width=\"640\"\n\t\t\t><\/audio>\n\t<div class=\"wp-playlist-next\"><\/div>\n\t<div class=\"wp-playlist-prev\"><\/div>\n\t<noscript>\n\t<ol>\n\t\t<li><a href='https:\/\/www.medellin.gov.co\/es\/wp-content\/uploads\/2025\/08\/Declaraciones-gerente-general-de-Plaza-mayor-Ricardo-Galindo-Suarez.mp3'>Declaraciones gerente general de Plaza mayor, Ricardo Galindo Su\u00e1rez<\/a><\/li><li><a href='https:\/\/www.medellin.gov.co\/es\/wp-content\/uploads\/2025\/08\/Declaraciones-secretaria-de-Desarrollo-Economico-Maria-Fernanda-Galeano.mp3'>Declaraciones secretaria de Desarrollo Econ\u00f3mico, Mar\u00eda Fernanda Galeano<\/a><\/li>\t<\/ol>\n\t<\/noscript>\n\t<script type=\"application\/json\" class=\"wp-playlist-script\">{\"type\":\"audio\",\"tracklist\":true,\"tracknumbers\":true,\"images\":true,\"artists\":true,\"tracks\":[{\"src\":\"https:\\\/\\\/www.medellin.gov.co\\\/es\\\/wp-content\\\/uploads\\\/2025\\\/08\\\/Declaraciones-gerente-general-de-Plaza-mayor-Ricardo-Galindo-Suarez.mp3\",\"type\":\"audio\\\/mpeg\",\"title\":\"Declaraciones gerente general de Plaza mayor, Ricardo Galindo Su\\u00e1rez\",\"caption\":\"\",\"description\":\"\\u00abDeclaraciones gerente general de Plaza mayor, Ricardo Galindo Su\\u00e1rez\\u00bb. G\\u00e9nero: Blues.\",\"meta\":{\"genre\":\"Blues\",\"length_formatted\":\"0:29\"},\"image\":{\"src\":\"https:\\\/\\\/www.medellin.gov.co\\\/es\\\/wp-includes\\\/images\\\/media\\\/audio.png\",\"width\":48,\"height\":64},\"thumb\":{\"src\":\"https:\\\/\\\/www.medellin.gov.co\\\/es\\\/wp-includes\\\/images\\\/media\\\/audio.png\",\"width\":48,\"height\":64}},{\"src\":\"https:\\\/\\\/www.medellin.gov.co\\\/es\\\/wp-content\\\/uploads\\\/2025\\\/08\\\/Declaraciones-secretaria-de-Desarrollo-Economico-Maria-Fernanda-Galeano.mp3\",\"type\":\"audio\\\/mpeg\",\"title\":\"Declaraciones secretaria de Desarrollo Econ\\u00f3mico, Mar\\u00eda Fernanda Galeano\",\"caption\":\"\",\"description\":\"\\u00abDeclaraciones secretaria de Desarrollo Econ\\u00f3mico, Mar\\u00eda Fernanda Galeano\\u00bb. G\\u00e9nero: Blues.\",\"meta\":{\"genre\":\"Blues\",\"length_formatted\":\"0:41\"},\"image\":{\"src\":\"https:\\\/\\\/www.medellin.gov.co\\\/es\\\/wp-includes\\\/images\\\/media\\\/audio.png\",\"width\":48,\"height\":64},\"thumb\":{\"src\":\"https:\\\/\\\/www.medellin.gov.co\\\/es\\\/wp-includes\\\/images\\\/media\\\/audio.png\",\"width\":48,\"height\":64}}]}<\/script>\n<\/div>\n\t\n<p>Este a\u00f1o, la Feria Empresarial y del Emprendimiento, Hecho en Medell\u00edn ser\u00e1 un ecosistema vibrante donde la creatividad fluye sin barreras. Emprendedores y visitantes vivir\u00e1n un ambiente dise\u00f1ado para inspirar, conectar y abrir nuevas oportunidades. En su quinta edici\u00f3n, el evento proyecta ventas por $1.200 millones y la creaci\u00f3n de 1.500 empleos directos e indirectos favoreciendo, especialmente, a j\u00f3venes emprendedores.<\/p>\n<p><img loading=\"lazy\" class=\"alignnone wp-image-446791 size-full\" src=\"https:\/\/www.medellin.gov.co\/es\/wp-content\/uploads\/2025\/08\/Imagen-feria-Hecho-en-Medellin-1.jpg\" alt=\"Imagen feria Hecho en Medell\u00edn (1)\" width=\"1280\" height=\"720\" srcset=\"https:\/\/www.medellin.gov.co\/es\/wp-content\/uploads\/2025\/08\/Imagen-feria-Hecho-en-Medellin-1.jpg 1280w, https:\/\/www.medellin.gov.co\/es\/wp-content\/uploads\/2025\/08\/Imagen-feria-Hecho-en-Medellin-1-300x169.jpg 300w, https:\/\/www.medellin.gov.co\/es\/wp-content\/uploads\/2025\/08\/Imagen-feria-Hecho-en-Medellin-1-1024x576.jpg 1024w, https:\/\/www.medellin.gov.co\/es\/wp-content\/uploads\/2025\/08\/Imagen-feria-Hecho-en-Medellin-1-150x84.jpg 150w, https:\/\/www.medellin.gov.co\/es\/wp-content\/uploads\/2025\/08\/Imagen-feria-Hecho-en-Medellin-1-768x432.jpg 768w\" sizes=\"(max-width: 1280px) 100vw, 1280px\" \/><\/p>\n<p>Desde el 29 de agosto, m\u00e1s de 300 marcas de Medell\u00edn, Antioquia y otras ciudades del pa\u00eds se reunir\u00e1n en Plaza Mayor para ofrecer productos y servicios en unas 14 categor\u00edas, entre ellas, accesorios, agronegocios, gastronom\u00eda, hogar, decoraci\u00f3n, industria creativa, infantil, ocio y entretenimiento, salud y bienestar.<\/p>\n<p><em>\u201cPara Plaza Mayor, este evento es una plataforma para visibilizar y fortalecer el talento emprendedor de nuestra ciudad. Cada marca que participa aqu\u00ed, aporta a un objetivo com\u00fan: impulsar el desarrollo econ\u00f3mico, la innovaci\u00f3n y las oportunidades para Medell\u00edn y la regi\u00f3n\u201d<\/em>, afirm\u00f3 el gerente general de Plaza mayor, Ricardo Galindo Su\u00e1rez.<\/p>\n<p>La feria contar\u00e1 con \u2018parches tem\u00e1ticos\u2019 que invitan a vivir experiencias \u00fanicas: el Parche Cafetero, que ser\u00e1 un refugio para disfrutar del aroma y sabor del caf\u00e9 local; el Parche Cervecero, un punto de encuentro para descubrir la cerveza artesanal y generar conexiones de negocios; el Parche Infantil, un espacio seguro y divertido para los menores; tambi\u00e9n, el Parche Gamer, con consolas, competencias y zonas interactivas; y el Parche del Conocimiento, escenario para escuchar experiencias reales de emprendedores y expertos.<\/p>\n<p><img loading=\"lazy\" class=\"alignnone wp-image-446788 size-full\" src=\"https:\/\/www.medellin.gov.co\/es\/wp-content\/uploads\/2025\/08\/Imagen-feria-Hecho-en-Medellin-2.jpg\" alt=\"Imagen feria Hecho en Medell\u00edn (2)\" width=\"1280\" height=\"720\" srcset=\"https:\/\/www.medellin.gov.co\/es\/wp-content\/uploads\/2025\/08\/Imagen-feria-Hecho-en-Medellin-2.jpg 1280w, https:\/\/www.medellin.gov.co\/es\/wp-content\/uploads\/2025\/08\/Imagen-feria-Hecho-en-Medellin-2-300x169.jpg 300w, https:\/\/www.medellin.gov.co\/es\/wp-content\/uploads\/2025\/08\/Imagen-feria-Hecho-en-Medellin-2-1024x576.jpg 1024w, https:\/\/www.medellin.gov.co\/es\/wp-content\/uploads\/2025\/08\/Imagen-feria-Hecho-en-Medellin-2-150x84.jpg 150w, https:\/\/www.medellin.gov.co\/es\/wp-content\/uploads\/2025\/08\/Imagen-feria-Hecho-en-Medellin-2-768x432.jpg 768w\" sizes=\"(max-width: 1280px) 100vw, 1280px\" \/><\/p>\n<p>Adem\u00e1s de las experiencias culturales y espacios de networking, se desarrollar\u00e1 una rueda de negocios que conectar\u00e1 a los emprendedores con grandes cadenas y oportunidades en otras ciudades y pa\u00edses, potenciando la visibilidad, las relaciones comerciales y el fortalecimiento de capacidades empresariales.<\/p>\n<p><em>\u201cEn la Feria Empresarial y del Emprendimiento participar\u00e1n 95 expositores apoyados por la Alcald\u00eda de Medell\u00edn, quienes hacen parte de los programas Mercados Campesinos y Hecho en Medell\u00edn. Invitamos a todos los ciudadanos a que apoyen las ideas de negocio de muchos medellinenses que ven en el emprendimiento una oportunidad para mejorar la calidad de vida de sus familias y comunidades\u201d, <\/em>expres\u00f3 la secretaria de Desarrollo Econ\u00f3mico, Mar\u00eda Fernanda Galeano Rojo.<\/p>\n\n\t\t<style type=\"text\/css\">\n\t\t\t#gallery-1 {\n\t\t\t\tmargin: auto;\n\t\t\t}\n\t\t\t#gallery-1 .gallery-item {\n\t\t\t\tfloat: left;\n\t\t\t\tmargin-top: 10px;\n\t\t\t\ttext-align: center;\n\t\t\t\twidth: 50%;\n\t\t\t}\n\t\t\t#gallery-1 img {\n\t\t\t\tborder: 2px solid #cfcfcf;\n\t\t\t}\n\t\t\t#gallery-1 .gallery-caption {\n\t\t\t\tmargin-left: 0;\n\t\t\t}\n\t\t\t\/* see gallery_shortcode() in wp-includes\/media.php *\/\n\t\t<\/style>\n\t\t<div id='gallery-1' class='gallery galleryid-446779 gallery-columns-2 gallery-size-full'><dl class='gallery-item'>\n\t\t\t<dt class='gallery-icon landscape'>\n\t\t\t\t<a href='https:\/\/www.medellin.gov.co\/es\/sala-de-prensa\/noticias\/llega-a-plaza-mayor-la-quinta-edicion-de-la-feria-hecho-en-medellin\/imagen-feria-hecho-en-medellin-5\/'><img width=\"1280\" height=\"720\" src=\"https:\/\/www.medellin.gov.co\/es\/wp-content\/uploads\/2025\/08\/Imagen-feria-Hecho-en-Medellin-5.jpg\" class=\"attachment-full size-full\" alt=\"Imagen feria Hecho en Medell\u00edn (5)\" loading=\"lazy\" srcset=\"https:\/\/www.medellin.gov.co\/es\/wp-content\/uploads\/2025\/08\/Imagen-feria-Hecho-en-Medellin-5.jpg 1280w, https:\/\/www.medellin.gov.co\/es\/wp-content\/uploads\/2025\/08\/Imagen-feria-Hecho-en-Medellin-5-300x169.jpg 300w, https:\/\/www.medellin.gov.co\/es\/wp-content\/uploads\/2025\/08\/Imagen-feria-Hecho-en-Medellin-5-1024x576.jpg 1024w, https:\/\/www.medellin.gov.co\/es\/wp-content\/uploads\/2025\/08\/Imagen-feria-Hecho-en-Medellin-5-150x84.jpg 150w, https:\/\/www.medellin.gov.co\/es\/wp-content\/uploads\/2025\/08\/Imagen-feria-Hecho-en-Medellin-5-768x432.jpg 768w\" sizes=\"(max-width: 1280px) 100vw, 1280px\" \/><\/a>\n\t\t\t<\/dt><\/dl><dl class='gallery-item'>\n\t\t\t<dt class='gallery-icon landscape'>\n\t\t\t\t<a href='https:\/\/www.medellin.gov.co\/es\/sala-de-prensa\/noticias\/llega-a-plaza-mayor-la-quinta-edicion-de-la-feria-hecho-en-medellin\/imagen-feria-hecho-en-medellin-4\/'><img width=\"1280\" height=\"720\" src=\"https:\/\/www.medellin.gov.co\/es\/wp-content\/uploads\/2025\/08\/Imagen-feria-Hecho-en-Medellin-4.jpg\" class=\"attachment-full size-full\" alt=\"Imagen feria Hecho en Medell\u00edn (4)\" loading=\"lazy\" srcset=\"https:\/\/www.medellin.gov.co\/es\/wp-content\/uploads\/2025\/08\/Imagen-feria-Hecho-en-Medellin-4.jpg 1280w, https:\/\/www.medellin.gov.co\/es\/wp-content\/uploads\/2025\/08\/Imagen-feria-Hecho-en-Medellin-4-300x169.jpg 300w, https:\/\/www.medellin.gov.co\/es\/wp-content\/uploads\/2025\/08\/Imagen-feria-Hecho-en-Medellin-4-1024x576.jpg 1024w, https:\/\/www.medellin.gov.co\/es\/wp-content\/uploads\/2025\/08\/Imagen-feria-Hecho-en-Medellin-4-150x84.jpg 150w, https:\/\/www.medellin.gov.co\/es\/wp-content\/uploads\/2025\/08\/Imagen-feria-Hecho-en-Medellin-4-768x432.jpg 768w\" sizes=\"(max-width: 1280px) 100vw, 1280px\" \/><\/a>\n\t\t\t<\/dt><\/dl><br style=\"clear: both\" \/>\n\t\t<\/div>\n\n<p>La feria es organizada por Plaza Mayor con el apoyo de la Administraci\u00f3n Distrital, a trav\u00e9s de la Secretar\u00eda de Desarrollo Econ\u00f3mico. Cuenta con aliados como Nequi, Bancolombia, Bold, Microempresas de Colombia, el Centro de Emprendimiento de <a href=\"https:\/\/www.eafit.edu.co\/\" target=\"_blank\" rel=\"noopener\">Eafit<\/a>, Interactuar, Promotora de Comercio Social, Fenalco y Cr\u00e9ame Incubadora y Aceleradora de Empresas.<\/p>\n<p>La programaci\u00f3n estar\u00e1 disponible en las redes sociales oficiales del evento: Instagram y Facebook @feriaempresarialmedellin<\/p>\n","protected":false},"excerpt":{"rendered":"<p>Del 29 al 31 de agosto, Plaza Mayor recibir\u00e1 a m\u00e1s de 300 marcas que exhibir\u00e1n lo mejor del talento emprendedor local en unas 14 categor\u00edas. En el evento participar\u00e1n 95 expositores apoyados por la &#8230;<\/p>\n","protected":false},"author":95,"featured_media":446789,"comment_status":"open","ping_status":"open","sticky":false,"template":"","format":"standard","meta":[],"categories":[17],"tags":[634],"formato_nota":[],"programas_tax":[],"acf":[],"_links":{"self":[{"href":"https:\/\/www.medellin.gov.co\/es\/wp-json\/wp\/v2\/posts\/446779"}],"collection":[{"href":"https:\/\/www.medellin.gov.co\/es\/wp-json\/wp\/v2\/posts"}],"about":[{"href":"https:\/\/www.medellin.gov.co\/es\/wp-json\/wp\/v2\/types\/post"}],"author":[{"embeddable":true,"href":"https:\/\/www.medellin.gov.co\/es\/wp-json\/wp\/v2\/users\/95"}],"replies":[{"embeddable":true,"href":"https:\/\/www.medellin.gov.co\/es\/wp-json\/wp\/v2\/comments?post=446779"}],"version-history":[{"count":1,"href":"https:\/\/www.medellin.gov.co\/es\/wp-json\/wp\/v2\/posts\/446779\/revisions"}],"predecessor-version":[{"id":446798,"href":"https:\/\/www.medellin.gov.co\/es\/wp-json\/wp\/v2\/posts\/446779\/revisions\/446798"}],"wp:featuredmedia":[{"embeddable":true,"href":"https:\/\/www.medellin.gov.co\/es\/wp-json\/wp\/v2\/media\/446789"}],"wp:attachment":[{"href":"https:\/\/www.medellin.gov.co\/es\/wp-json\/wp\/v2\/media?parent=446779"}],"wp:term":[{"taxonomy":"category","embeddable":true,"href":"https:\/\/www.medellin.gov.co\/es\/wp-json\/wp\/v2\/categories?post=446779"},{"taxonomy":"post_tag","embeddable":true,"href":"https:\/\/www.medellin.gov.co\/es\/wp-json\/wp\/v2\/tags?post=446779"},{"taxonomy":"formato_nota","embeddable":true,"href":"https:\/\/www.medellin.gov.co\/es\/wp-json\/wp\/v2\/formato_nota?post=446779"},{"taxonomy":"programas_tax","embeddable":true,"href":"https:\/\/www.medellin.gov.co\/es\/wp-json\/wp\/v2\/programas_tax?post=446779"}],"curies":[{"name":"wp","href":"https:\/\/api.w.org\/{rel}","templated":true}]}}