{"id":447289,"date":"2025-08-26T15:11:14","date_gmt":"2025-08-26T20:11:14","guid":{"rendered":"https:\/\/www.medellin.gov.co\/es\/?p=447289"},"modified":"2025-08-26T15:11:14","modified_gmt":"2025-08-26T20:11:14","slug":"desmantelan-cinco-emisoras-ilegales-que-amenazaban-la-operacion-aerea-y-las-telecomunicaciones","status":"publish","type":"post","link":"https:\/\/www.medellin.gov.co\/es\/sala-de-prensa\/noticias\/desmantelan-cinco-emisoras-ilegales-que-amenazaban-la-operacion-aerea-y-las-telecomunicaciones\/","title":{"rendered":"Desmantelan cinco emisoras ilegales que amenazaban la operaci\u00f3n a\u00e9rea y las telecomunicaciones"},"content":{"rendered":"<ul>\n<li>Las se\u00f1ales interfer\u00edan comunicaciones de aeronaves, telefon\u00eda m\u00f3vil, internet y frecuencias de emergencia.<\/li>\n<li>El operativo se realiz\u00f3 en articulaci\u00f3n con la ANE, la Polic\u00eda Nacional, el Ej\u00e9rcito, la Procuradur\u00eda y la Aeron\u00e1utica Civil.<\/li>\n<\/ul>\n<!--[if lt IE 9]><script>document.createElement('audio');<\/script><![endif]-->\n\t<div class=\"wp-playlist wp-audio-playlist wp-playlist-light\">\n\t\t\t<div class=\"wp-playlist-current-item\"><\/div>\n\t\t<audio controls=\"controls\" preload=\"none\" width=\"640\"\n\t\t\t><\/audio>\n\t<div class=\"wp-playlist-next\"><\/div>\n\t<div class=\"wp-playlist-prev\"><\/div>\n\t<noscript>\n\t<ol>\n\t\t<li><a href='https:\/\/www.medellin.gov.co\/es\/wp-content\/uploads\/2025\/08\/Declaraciones-secretario-de-Seguridad-y-Convivencia-Manuel-Villa-Mejia-2.mp3'>Declaraciones secretario de Seguridad y Convivencia, Manuel Villa Mej\u00eda<\/a><\/li>\t<\/ol>\n\t<\/noscript>\n\t<script type=\"application\/json\" class=\"wp-playlist-script\">{\"type\":\"audio\",\"tracklist\":true,\"tracknumbers\":true,\"images\":true,\"artists\":true,\"tracks\":[{\"src\":\"https:\\\/\\\/www.medellin.gov.co\\\/es\\\/wp-content\\\/uploads\\\/2025\\\/08\\\/Declaraciones-secretario-de-Seguridad-y-Convivencia-Manuel-Villa-Mejia-2.mp3\",\"type\":\"audio\\\/mpeg\",\"title\":\"Declaraciones secretario de Seguridad y Convivencia, Manuel Villa Mej\\u00eda\",\"caption\":\"\",\"description\":\"\\u00abDeclaraciones secretario de Seguridad y Convivencia, Manuel Villa Mej\\u00eda\\u00bb. G\\u00e9nero: Blues.\",\"meta\":{\"genre\":\"Blues\",\"length_formatted\":\"1:12\"},\"image\":{\"src\":\"https:\\\/\\\/www.medellin.gov.co\\\/es\\\/wp-includes\\\/images\\\/media\\\/audio.png\",\"width\":48,\"height\":64},\"thumb\":{\"src\":\"https:\\\/\\\/www.medellin.gov.co\\\/es\\\/wp-includes\\\/images\\\/media\\\/audio.png\",\"width\":48,\"height\":64}}]}<\/script>\n<\/div>\n\t\n<p>La Alcald\u00eda de Medell\u00edn, a trav\u00e9s de la Secretar\u00eda de Seguridad y Convivencia, en articulaci\u00f3n con la <a href=\"https:\/\/www.ane.gov.co\/\" target=\"_blank\" rel=\"noopener\">Agencia Nacional del Espectro -ANE<\/a>&#8211; y otras entidades nacionales, lider\u00f3 un operativo que permiti\u00f3 el cese de emisiones y decomiso de equipos de cinco emisoras ilegales que estaban afectando la seguridad de las operaciones a\u00e9reas y las telecomunicaciones en el Valle de Aburr\u00e1. Las frecuencias intervenidas fueron La Consentida (93.5 FM), La Popular (105.6 FM), Sentimiento Est\u00e9reo (106.6 FM), Radio Ya (103.5 FM) y La Caliente (91.3 FM), esta \u00faltima con cobertura del 80 % del territorio metropolitano.<\/p>\n\n\t\t<style type=\"text\/css\">\n\t\t\t#gallery-1 {\n\t\t\t\tmargin: auto;\n\t\t\t}\n\t\t\t#gallery-1 .gallery-item {\n\t\t\t\tfloat: left;\n\t\t\t\tmargin-top: 10px;\n\t\t\t\ttext-align: center;\n\t\t\t\twidth: 50%;\n\t\t\t}\n\t\t\t#gallery-1 img {\n\t\t\t\tborder: 2px solid #cfcfcf;\n\t\t\t}\n\t\t\t#gallery-1 .gallery-caption {\n\t\t\t\tmargin-left: 0;\n\t\t\t}\n\t\t\t\/* see gallery_shortcode() in wp-includes\/media.php *\/\n\t\t<\/style>\n\t\t<div id='gallery-1' class='gallery galleryid-447289 gallery-columns-2 gallery-size-full'><dl class='gallery-item'>\n\t\t\t<dt class='gallery-icon landscape'>\n\t\t\t\t<a href='https:\/\/www.medellin.gov.co\/es\/sala-de-prensa\/noticias\/desmantelan-cinco-emisoras-ilegales-que-amenazaban-la-operacion-aerea-y-las-telecomunicaciones\/imagen-emisoras-ilegales-11\/'><img width=\"1280\" height=\"720\" src=\"https:\/\/www.medellin.gov.co\/es\/wp-content\/uploads\/2025\/08\/Imagen-emisoras-ilegales-11.jpg\" class=\"attachment-full size-full\" alt=\"Imagen emisoras ilegales (11)\" loading=\"lazy\" srcset=\"https:\/\/www.medellin.gov.co\/es\/wp-content\/uploads\/2025\/08\/Imagen-emisoras-ilegales-11.jpg 1280w, https:\/\/www.medellin.gov.co\/es\/wp-content\/uploads\/2025\/08\/Imagen-emisoras-ilegales-11-300x169.jpg 300w, https:\/\/www.medellin.gov.co\/es\/wp-content\/uploads\/2025\/08\/Imagen-emisoras-ilegales-11-1024x576.jpg 1024w, https:\/\/www.medellin.gov.co\/es\/wp-content\/uploads\/2025\/08\/Imagen-emisoras-ilegales-11-150x84.jpg 150w, https:\/\/www.medellin.gov.co\/es\/wp-content\/uploads\/2025\/08\/Imagen-emisoras-ilegales-11-768x432.jpg 768w\" sizes=\"(max-width: 1280px) 100vw, 1280px\" \/><\/a>\n\t\t\t<\/dt><\/dl><dl class='gallery-item'>\n\t\t\t<dt class='gallery-icon landscape'>\n\t\t\t\t<a href='https:\/\/www.medellin.gov.co\/es\/sala-de-prensa\/noticias\/desmantelan-cinco-emisoras-ilegales-que-amenazaban-la-operacion-aerea-y-las-telecomunicaciones\/imagen-emisoras-ilegales-12\/'><img width=\"1280\" height=\"720\" src=\"https:\/\/www.medellin.gov.co\/es\/wp-content\/uploads\/2025\/08\/Imagen-emisoras-ilegales-12.jpg\" class=\"attachment-full size-full\" alt=\"Imagen emisoras ilegales (12)\" loading=\"lazy\" srcset=\"https:\/\/www.medellin.gov.co\/es\/wp-content\/uploads\/2025\/08\/Imagen-emisoras-ilegales-12.jpg 1280w, https:\/\/www.medellin.gov.co\/es\/wp-content\/uploads\/2025\/08\/Imagen-emisoras-ilegales-12-300x169.jpg 300w, https:\/\/www.medellin.gov.co\/es\/wp-content\/uploads\/2025\/08\/Imagen-emisoras-ilegales-12-1024x576.jpg 1024w, https:\/\/www.medellin.gov.co\/es\/wp-content\/uploads\/2025\/08\/Imagen-emisoras-ilegales-12-150x84.jpg 150w, https:\/\/www.medellin.gov.co\/es\/wp-content\/uploads\/2025\/08\/Imagen-emisoras-ilegales-12-768x432.jpg 768w\" sizes=\"(max-width: 1280px) 100vw, 1280px\" \/><\/a>\n\t\t\t<\/dt><\/dl><br style=\"clear: both\" \/>\n\t\t<\/div>\n\n<p>Las investigaciones demostraron que estas emisoras operaban sin autorizaci\u00f3n, interfiriendo se\u00f1ales cr\u00edticas como las comunicaciones entre aeronaves y la torre de control del aeropuerto Olaya Herrera, adem\u00e1s de impactar el funcionamiento de la telefon\u00eda m\u00f3vil, el acceso a internet, las transmisiones de televisi\u00f3n y las frecuencias utilizadas por servicios de emergencia como ambulancias y Polic\u00eda. Esta situaci\u00f3n pon\u00eda en riesgo la vida de los ciudadanos y la seguridad de la operaci\u00f3n a\u00e9rea en toda la regi\u00f3n.<\/p>\n<p><em>\u201cEn Medell\u00edn hay autoridad y orden para proteger la vida y garantizar el correcto uso del espectro. Estas estructuras ilegales no solo cometen delitos, tambi\u00e9n ponen en riesgo la seguridad a\u00e9rea y la de nuestros ciudadanos. Con inteligencia, articulaci\u00f3n institucional y cooperaci\u00f3n con el Gobierno Nacional, no daremos tregua a quienes pretendan operar al margen de la ley\u201d<\/em>, precis\u00f3 el secretario de Seguridad y Convivencia, Manuel Villa Mej\u00eda.<\/p>\n\n\t\t<style type=\"text\/css\">\n\t\t\t#gallery-2 {\n\t\t\t\tmargin: auto;\n\t\t\t}\n\t\t\t#gallery-2 .gallery-item {\n\t\t\t\tfloat: left;\n\t\t\t\tmargin-top: 10px;\n\t\t\t\ttext-align: center;\n\t\t\t\twidth: 50%;\n\t\t\t}\n\t\t\t#gallery-2 img {\n\t\t\t\tborder: 2px solid #cfcfcf;\n\t\t\t}\n\t\t\t#gallery-2 .gallery-caption {\n\t\t\t\tmargin-left: 0;\n\t\t\t}\n\t\t\t\/* see gallery_shortcode() in wp-includes\/media.php *\/\n\t\t<\/style>\n\t\t<div id='gallery-2' class='gallery galleryid-447289 gallery-columns-2 gallery-size-full'><dl class='gallery-item'>\n\t\t\t<dt class='gallery-icon landscape'>\n\t\t\t\t<a href='https:\/\/www.medellin.gov.co\/es\/sala-de-prensa\/noticias\/desmantelan-cinco-emisoras-ilegales-que-amenazaban-la-operacion-aerea-y-las-telecomunicaciones\/imagen-emisoras-ilegales-13\/'><img width=\"1280\" height=\"720\" src=\"https:\/\/www.medellin.gov.co\/es\/wp-content\/uploads\/2025\/08\/Imagen-emisoras-ilegales-13.jpg\" class=\"attachment-full size-full\" alt=\"Imagen emisoras ilegales (13)\" loading=\"lazy\" srcset=\"https:\/\/www.medellin.gov.co\/es\/wp-content\/uploads\/2025\/08\/Imagen-emisoras-ilegales-13.jpg 1280w, https:\/\/www.medellin.gov.co\/es\/wp-content\/uploads\/2025\/08\/Imagen-emisoras-ilegales-13-300x169.jpg 300w, https:\/\/www.medellin.gov.co\/es\/wp-content\/uploads\/2025\/08\/Imagen-emisoras-ilegales-13-1024x576.jpg 1024w, https:\/\/www.medellin.gov.co\/es\/wp-content\/uploads\/2025\/08\/Imagen-emisoras-ilegales-13-150x84.jpg 150w, https:\/\/www.medellin.gov.co\/es\/wp-content\/uploads\/2025\/08\/Imagen-emisoras-ilegales-13-768x432.jpg 768w\" sizes=\"(max-width: 1280px) 100vw, 1280px\" \/><\/a>\n\t\t\t<\/dt><\/dl><dl class='gallery-item'>\n\t\t\t<dt class='gallery-icon landscape'>\n\t\t\t\t<a href='https:\/\/www.medellin.gov.co\/es\/sala-de-prensa\/noticias\/desmantelan-cinco-emisoras-ilegales-que-amenazaban-la-operacion-aerea-y-las-telecomunicaciones\/imagen-emisoras-ilegales-10\/'><img width=\"1280\" height=\"720\" src=\"https:\/\/www.medellin.gov.co\/es\/wp-content\/uploads\/2025\/08\/Imagen-emisoras-ilegales-10.jpg\" class=\"attachment-full size-full\" alt=\"Imagen emisoras ilegales (10)\" loading=\"lazy\" srcset=\"https:\/\/www.medellin.gov.co\/es\/wp-content\/uploads\/2025\/08\/Imagen-emisoras-ilegales-10.jpg 1280w, https:\/\/www.medellin.gov.co\/es\/wp-content\/uploads\/2025\/08\/Imagen-emisoras-ilegales-10-300x169.jpg 300w, https:\/\/www.medellin.gov.co\/es\/wp-content\/uploads\/2025\/08\/Imagen-emisoras-ilegales-10-1024x576.jpg 1024w, https:\/\/www.medellin.gov.co\/es\/wp-content\/uploads\/2025\/08\/Imagen-emisoras-ilegales-10-150x84.jpg 150w, https:\/\/www.medellin.gov.co\/es\/wp-content\/uploads\/2025\/08\/Imagen-emisoras-ilegales-10-768x432.jpg 768w\" sizes=\"(max-width: 1280px) 100vw, 1280px\" \/><\/a>\n\t\t\t<\/dt><\/dl><br style=\"clear: both\" \/>\n\t\t<\/div>\n\n<p>Las autoridades confirmaron que las frecuencias desmanteladas ten\u00edan antecedentes de interferencias recurrentes, lo que oblig\u00f3 a un proceso de investigaci\u00f3n y seguimiento t\u00e9cnico por parte de la ANE y la Aeron\u00e1utica Civil. En varios de los casos se registraron incidentes en los que aeronaves reportaron dificultades para comunicarse con la torre de control, lo que evidenci\u00f3 el nivel de riesgo generado por estas emisiones clandestinas.<\/p>\n<p><em>\u201cSeguiremos actuando con rigor y presencia permanente. El espectro es un bien p\u00fablico y no vamos a permitir que se convierta en una amenaza para la seguridad de Medell\u00edn y del pa\u00eds. Este es un mensaje claro: donde haya actividad ilegal, all\u00ed llegar\u00e1 la autoridad\u201d<\/em>, agreg\u00f3 el secretario.<\/p>\n\n\t\t<style type=\"text\/css\">\n\t\t\t#gallery-3 {\n\t\t\t\tmargin: auto;\n\t\t\t}\n\t\t\t#gallery-3 .gallery-item {\n\t\t\t\tfloat: left;\n\t\t\t\tmargin-top: 10px;\n\t\t\t\ttext-align: center;\n\t\t\t\twidth: 50%;\n\t\t\t}\n\t\t\t#gallery-3 img {\n\t\t\t\tborder: 2px solid #cfcfcf;\n\t\t\t}\n\t\t\t#gallery-3 .gallery-caption {\n\t\t\t\tmargin-left: 0;\n\t\t\t}\n\t\t\t\/* see gallery_shortcode() in wp-includes\/media.php *\/\n\t\t<\/style>\n\t\t<div id='gallery-3' class='gallery galleryid-447289 gallery-columns-2 gallery-size-full'><dl class='gallery-item'>\n\t\t\t<dt class='gallery-icon landscape'>\n\t\t\t\t<a href='https:\/\/www.medellin.gov.co\/es\/sala-de-prensa\/noticias\/desmantelan-cinco-emisoras-ilegales-que-amenazaban-la-operacion-aerea-y-las-telecomunicaciones\/imagen-emisoras-ilegales-8\/'><img width=\"1280\" height=\"720\" src=\"https:\/\/www.medellin.gov.co\/es\/wp-content\/uploads\/2025\/08\/Imagen-emisoras-ilegales-8.jpg\" class=\"attachment-full size-full\" alt=\"Imagen emisoras ilegales (8)\" loading=\"lazy\" srcset=\"https:\/\/www.medellin.gov.co\/es\/wp-content\/uploads\/2025\/08\/Imagen-emisoras-ilegales-8.jpg 1280w, https:\/\/www.medellin.gov.co\/es\/wp-content\/uploads\/2025\/08\/Imagen-emisoras-ilegales-8-300x169.jpg 300w, https:\/\/www.medellin.gov.co\/es\/wp-content\/uploads\/2025\/08\/Imagen-emisoras-ilegales-8-1024x576.jpg 1024w, https:\/\/www.medellin.gov.co\/es\/wp-content\/uploads\/2025\/08\/Imagen-emisoras-ilegales-8-150x84.jpg 150w, https:\/\/www.medellin.gov.co\/es\/wp-content\/uploads\/2025\/08\/Imagen-emisoras-ilegales-8-768x432.jpg 768w\" sizes=\"(max-width: 1280px) 100vw, 1280px\" \/><\/a>\n\t\t\t<\/dt><\/dl><dl class='gallery-item'>\n\t\t\t<dt class='gallery-icon landscape'>\n\t\t\t\t<a href='https:\/\/www.medellin.gov.co\/es\/sala-de-prensa\/noticias\/desmantelan-cinco-emisoras-ilegales-que-amenazaban-la-operacion-aerea-y-las-telecomunicaciones\/imagen-emisoras-ilegales-7\/'><img width=\"1280\" height=\"720\" src=\"https:\/\/www.medellin.gov.co\/es\/wp-content\/uploads\/2025\/08\/Imagen-emisoras-ilegales-7.jpg\" class=\"attachment-full size-full\" alt=\"Imagen emisoras ilegales (7)\" loading=\"lazy\" srcset=\"https:\/\/www.medellin.gov.co\/es\/wp-content\/uploads\/2025\/08\/Imagen-emisoras-ilegales-7.jpg 1280w, https:\/\/www.medellin.gov.co\/es\/wp-content\/uploads\/2025\/08\/Imagen-emisoras-ilegales-7-300x169.jpg 300w, https:\/\/www.medellin.gov.co\/es\/wp-content\/uploads\/2025\/08\/Imagen-emisoras-ilegales-7-1024x576.jpg 1024w, https:\/\/www.medellin.gov.co\/es\/wp-content\/uploads\/2025\/08\/Imagen-emisoras-ilegales-7-150x84.jpg 150w, https:\/\/www.medellin.gov.co\/es\/wp-content\/uploads\/2025\/08\/Imagen-emisoras-ilegales-7-768x432.jpg 768w\" sizes=\"(max-width: 1280px) 100vw, 1280px\" \/><\/a>\n\t\t\t<\/dt><\/dl><br style=\"clear: both\" \/>\n\t\t<\/div>\n\n<p>Los equipos decomisados quedaron bajo custodia de las autoridades competentes y se iniciaron los procesos sancionatorios contemplados en la Ley 1341 de 2009, que prev\u00e9 multas de hasta 15.000 salarios m\u00ednimos legales vigentes, adem\u00e1s de investigaciones penales, conforme al art\u00edculo 257 del C\u00f3digo Penal. Las entidades anunciaron que continuar\u00e1n las labores de monitoreo y control para garantizar un espectro libre de interferencias y seguro para todos los ciudadanos.<\/p>\n","protected":false},"excerpt":{"rendered":"<p>Las se\u00f1ales interfer\u00edan comunicaciones de aeronaves, telefon\u00eda m\u00f3vil, internet y frecuencias de emergencia. El operativo se realiz\u00f3 en articulaci\u00f3n con la ANE, la Polic\u00eda Nacional, el Ej\u00e9rcito, la Procuradur\u00eda y la Aeron\u00e1utica Civil. La Alcald\u00eda &#8230;<\/p>\n","protected":false},"author":95,"featured_media":447322,"comment_status":"open","ping_status":"open","sticky":false,"template":"","format":"standard","meta":[],"categories":[21],"tags":[619],"formato_nota":[],"programas_tax":[],"acf":[],"_links":{"self":[{"href":"https:\/\/www.medellin.gov.co\/es\/wp-json\/wp\/v2\/posts\/447289"}],"collection":[{"href":"https:\/\/www.medellin.gov.co\/es\/wp-json\/wp\/v2\/posts"}],"about":[{"href":"https:\/\/www.medellin.gov.co\/es\/wp-json\/wp\/v2\/types\/post"}],"author":[{"embeddable":true,"href":"https:\/\/www.medellin.gov.co\/es\/wp-json\/wp\/v2\/users\/95"}],"replies":[{"embeddable":true,"href":"https:\/\/www.medellin.gov.co\/es\/wp-json\/wp\/v2\/comments?post=447289"}],"version-history":[{"count":2,"href":"https:\/\/www.medellin.gov.co\/es\/wp-json\/wp\/v2\/posts\/447289\/revisions"}],"predecessor-version":[{"id":447360,"href":"https:\/\/www.medellin.gov.co\/es\/wp-json\/wp\/v2\/posts\/447289\/revisions\/447360"}],"wp:featuredmedia":[{"embeddable":true,"href":"https:\/\/www.medellin.gov.co\/es\/wp-json\/wp\/v2\/media\/447322"}],"wp:attachment":[{"href":"https:\/\/www.medellin.gov.co\/es\/wp-json\/wp\/v2\/media?parent=447289"}],"wp:term":[{"taxonomy":"category","embeddable":true,"href":"https:\/\/www.medellin.gov.co\/es\/wp-json\/wp\/v2\/categories?post=447289"},{"taxonomy":"post_tag","embeddable":true,"href":"https:\/\/www.medellin.gov.co\/es\/wp-json\/wp\/v2\/tags?post=447289"},{"taxonomy":"formato_nota","embeddable":true,"href":"https:\/\/www.medellin.gov.co\/es\/wp-json\/wp\/v2\/formato_nota?post=447289"},{"taxonomy":"programas_tax","embeddable":true,"href":"https:\/\/www.medellin.gov.co\/es\/wp-json\/wp\/v2\/programas_tax?post=447289"}],"curies":[{"name":"wp","href":"https:\/\/api.w.org\/{rel}","templated":true}]}}