{"id":448388,"date":"2025-08-28T19:17:49","date_gmt":"2025-08-29T00:17:49","guid":{"rendered":"https:\/\/www.medellin.gov.co\/es\/?p=448388"},"modified":"2025-08-28T19:17:49","modified_gmt":"2025-08-29T00:17:49","slug":"con-73-puntos-de-inmunizacion-medellin-se-une-este-fin-de-semana-a-la-jornada-departamental-de-vacunacion","status":"publish","type":"post","link":"https:\/\/www.medellin.gov.co\/es\/sala-de-prensa\/noticias\/con-73-puntos-de-inmunizacion-medellin-se-une-este-fin-de-semana-a-la-jornada-departamental-de-vacunacion\/","title":{"rendered":"Con 73 puntos de inmunizaci\u00f3n, Medell\u00edn se une este fin de semana a la Jornada Departamental de Vacunaci\u00f3n"},"content":{"rendered":"<ul>\n<li>El \u00e9nfasis estar\u00e1 en la prevenci\u00f3n del virus del papiloma humano (VPH).<\/li>\n<li>Este a\u00f1o se han inmunizado 370.000 personas, gracias al trabajo conjunto de las IPS del Distrito y del programa Medell\u00edn Te Quiere Saludable.<\/li>\n<li>En julio se vacunaron 84.531 personas con 129.796 dosis aplicadas.<\/li>\n<\/ul>\n<!--[if lt IE 9]><script>document.createElement('audio');<\/script><![endif]-->\n\t<div class=\"wp-playlist wp-audio-playlist wp-playlist-light\">\n\t\t\t<div class=\"wp-playlist-current-item\"><\/div>\n\t\t<audio controls=\"controls\" preload=\"none\" width=\"640\"\n\t\t\t><\/audio>\n\t<div class=\"wp-playlist-next\"><\/div>\n\t<div class=\"wp-playlist-prev\"><\/div>\n\t<noscript>\n\t<ol>\n\t\t<li><a href='https:\/\/www.medellin.gov.co\/es\/wp-content\/uploads\/2025\/08\/Declaraciones-de-la-subsecretaria-de-Salud-Publica-Luz-Aida-Rendon-1.mp3'>Declaraciones de la subsecretaria de Salud P\u00fablica, Luz A\u00edda Rend\u00f3n<\/a><\/li>\t<\/ol>\n\t<\/noscript>\n\t<script type=\"application\/json\" class=\"wp-playlist-script\">{\"type\":\"audio\",\"tracklist\":true,\"tracknumbers\":true,\"images\":true,\"artists\":true,\"tracks\":[{\"src\":\"https:\\\/\\\/www.medellin.gov.co\\\/es\\\/wp-content\\\/uploads\\\/2025\\\/08\\\/Declaraciones-de-la-subsecretaria-de-Salud-Publica-Luz-Aida-Rendon-1.mp3\",\"type\":\"audio\\\/mpeg\",\"title\":\"Declaraciones de la subsecretaria de Salud P\\u00fablica, Luz A\\u00edda Rend\\u00f3n\",\"caption\":\"\",\"description\":\"\\u00abDeclaraciones de la subsecretaria de Salud P\\u00fablica, Luz A\\u00edda Rend\\u00f3n\\u00bb. \",\"meta\":{\"genre\":\"Blues\",\"length_formatted\":\"0:42\"},\"image\":{\"src\":\"https:\\\/\\\/www.medellin.gov.co\\\/es\\\/wp-includes\\\/images\\\/media\\\/audio.png\",\"width\":48,\"height\":64},\"thumb\":{\"src\":\"https:\\\/\\\/www.medellin.gov.co\\\/es\\\/wp-includes\\\/images\\\/media\\\/audio.png\",\"width\":48,\"height\":64}}]}<\/script>\n<\/div>\n\t\n<p>Medell\u00edn se unir\u00e1 a la Jornada Departamental de Vacunaci\u00f3n desde este viernes 29 de agosto, entre las 4:00 p. m. y las 8:00 p. m., en sitios como <a href=\"https:\/\/www.epssura.com\/\" target=\"_blank\" rel=\"noopener\">IPS SURA<\/a> San Diego, Viva 1A Guayabal, Viva 1A Estadio, Viva 1A Prado, Sura Molinos, Coomsocial IPS SAS y en las terminales de transporte del Norte y del Sur. La jornada continuar\u00e1 el s\u00e1bado 30 de agosto con 73 puestos de atenci\u00f3n en la ciudad.<\/p>\n<p>La Secretar\u00eda de Salud participar\u00e1 con varios puntos, donde se aplicar\u00e1n vacunas contra la tuberculosis, la hepatitis B, la difteria, t\u00e9tanos, tos ferina, polio, sarampi\u00f3n, paperas, rub\u00e9ola, fiebre amarilla, influenza y las causadas por el neumococo y el rotavirus, as\u00ed como biol\u00f3gicos contra COVID-19, VPH y otros fundamentales para la protecci\u00f3n de la salud.<\/p>\n<p><a href=\"https:\/\/www.medellin.gov.co\/es\/wp-content\/uploads\/2025\/08\/Imagen-de-enfermera-vacunando-a-nino.jpg\" target=\"_blank\" rel=\"noopener\"><img loading=\"lazy\" class=\"alignnone wp-image-448390 size-full\" src=\"https:\/\/www.medellin.gov.co\/es\/wp-content\/uploads\/2025\/08\/Imagen-de-enfermera-vacunando-a-nino.jpg\" alt=\"Imagen de enfermera vacunando a ni\u00f1o\" width=\"1013\" height=\"760\" srcset=\"https:\/\/www.medellin.gov.co\/es\/wp-content\/uploads\/2025\/08\/Imagen-de-enfermera-vacunando-a-nino.jpg 1013w, https:\/\/www.medellin.gov.co\/es\/wp-content\/uploads\/2025\/08\/Imagen-de-enfermera-vacunando-a-nino-300x225.jpg 300w, https:\/\/www.medellin.gov.co\/es\/wp-content\/uploads\/2025\/08\/Imagen-de-enfermera-vacunando-a-nino-150x113.jpg 150w, https:\/\/www.medellin.gov.co\/es\/wp-content\/uploads\/2025\/08\/Imagen-de-enfermera-vacunando-a-nino-768x576.jpg 768w\" sizes=\"(max-width: 1013px) 100vw, 1013px\" \/><\/a><\/p>\n<p>\u201c<em>La jornada est\u00e1 dirigida a madres gestantes, ni\u00f1as y ni\u00f1os menores de 6 a\u00f1os, adultos mayores y a quienes requieran actualizar sus vacunas. Estar\u00e1n disponibles todas las dosis del esquema nacional, incluida la del COVID-19, fiebre amarilla y la del virus del papiloma humano (VPH), indicada para ni\u00f1as y ni\u00f1os desde los 9 a\u00f1os y adolescentes menores de 18 a\u00f1os<\/em>\u201d, afirm\u00f3 la subsecretaria de Salud P\u00fablica, Luz A\u00edda Rend\u00f3n.<\/p>\n<p>La Alcald\u00eda invita a consultar puntos habilitados, revisar el carn\u00e9 de vacunaci\u00f3n y acudir en familia, pues se trata de un acto de cuidado individual y colectivo.<\/p>\n","protected":false},"excerpt":{"rendered":"<p>El \u00e9nfasis estar\u00e1 en la prevenci\u00f3n del virus del papiloma humano (VPH). Este a\u00f1o se han inmunizado 370.000 personas, gracias al trabajo conjunto de las IPS del Distrito y del programa Medell\u00edn Te Quiere Saludable. &#8230;<\/p>\n","protected":false},"author":21,"featured_media":448397,"comment_status":"open","ping_status":"open","sticky":false,"template":"","format":"standard","meta":[],"categories":[18],"tags":[452],"formato_nota":[],"programas_tax":[],"acf":[],"_links":{"self":[{"href":"https:\/\/www.medellin.gov.co\/es\/wp-json\/wp\/v2\/posts\/448388"}],"collection":[{"href":"https:\/\/www.medellin.gov.co\/es\/wp-json\/wp\/v2\/posts"}],"about":[{"href":"https:\/\/www.medellin.gov.co\/es\/wp-json\/wp\/v2\/types\/post"}],"author":[{"embeddable":true,"href":"https:\/\/www.medellin.gov.co\/es\/wp-json\/wp\/v2\/users\/21"}],"replies":[{"embeddable":true,"href":"https:\/\/www.medellin.gov.co\/es\/wp-json\/wp\/v2\/comments?post=448388"}],"version-history":[{"count":1,"href":"https:\/\/www.medellin.gov.co\/es\/wp-json\/wp\/v2\/posts\/448388\/revisions"}],"predecessor-version":[{"id":448399,"href":"https:\/\/www.medellin.gov.co\/es\/wp-json\/wp\/v2\/posts\/448388\/revisions\/448399"}],"wp:featuredmedia":[{"embeddable":true,"href":"https:\/\/www.medellin.gov.co\/es\/wp-json\/wp\/v2\/media\/448397"}],"wp:attachment":[{"href":"https:\/\/www.medellin.gov.co\/es\/wp-json\/wp\/v2\/media?parent=448388"}],"wp:term":[{"taxonomy":"category","embeddable":true,"href":"https:\/\/www.medellin.gov.co\/es\/wp-json\/wp\/v2\/categories?post=448388"},{"taxonomy":"post_tag","embeddable":true,"href":"https:\/\/www.medellin.gov.co\/es\/wp-json\/wp\/v2\/tags?post=448388"},{"taxonomy":"formato_nota","embeddable":true,"href":"https:\/\/www.medellin.gov.co\/es\/wp-json\/wp\/v2\/formato_nota?post=448388"},{"taxonomy":"programas_tax","embeddable":true,"href":"https:\/\/www.medellin.gov.co\/es\/wp-json\/wp\/v2\/programas_tax?post=448388"}],"curies":[{"name":"wp","href":"https:\/\/api.w.org\/{rel}","templated":true}]}}