{"id":450351,"date":"2025-09-06T09:00:12","date_gmt":"2025-09-06T14:00:12","guid":{"rendered":"https:\/\/www.medellin.gov.co\/es\/?p=450351"},"modified":"2025-09-06T09:03:13","modified_gmt":"2025-09-06T14:03:13","slug":"con-el-presupuesto-participativo-de-medellin-y-el-apoyo-de-sapiencia-santiago-zapata-logro-su-sueno-de-ser-medico","status":"publish","type":"post","link":"https:\/\/www.medellin.gov.co\/es\/sala-de-prensa\/noticias\/con-el-presupuesto-participativo-de-medellin-y-el-apoyo-de-sapiencia-santiago-zapata-logro-su-sueno-de-ser-medico\/","title":{"rendered":"Con el Presupuesto Participativo de Medell\u00edn y el apoyo de Sapiencia, Santiago Zapata logr\u00f3 su sue\u00f1o de ser m\u00e9dico"},"content":{"rendered":"<blockquote><p><em>Santiago Zapata Sol\u00f3rzano nunca imagin\u00f3 que podr\u00eda graduarse como m\u00e9dico en Medell\u00edn. Gracias a los recursos del Presupuesto Participativo (PP) y al apoyo de Sapiencia, convirti\u00f3 en realidad un sue\u00f1o que parec\u00eda inalcanzable desde su infancia en la vereda Traves\u00edas, del corregimiento San Crist\u00f3bal. A sus 25 a\u00f1os se convirti\u00f3 en el orgullo de su familia, al ser el primer profesional, y tambi\u00e9n en referente de toda su comunidad.<\/em><\/p><\/blockquote>\n<p>El 25 de julio recibi\u00f3 el t\u00edtulo de m\u00e9dico de la Universidad Cooperativa de Colombia (UCC), convirti\u00e9ndose en uno de las m\u00e1s de 15 600 personas que en Medell\u00edn han podido acceder y permanecer en la educaci\u00f3n superior gracias a la priorizaci\u00f3n de recursos del Presupuesto Participativo (PP) en las jornadas de votaci\u00f3n.<\/p>\n<p>Actualmente, m\u00e1s de 3000 personas de todas las comunas y corregimientos, de estratos del uno al seis, tienen este beneficio otorgado por la Alcald\u00eda de Medell\u00edn, a trav\u00e9s de la Agencia de Educaci\u00f3n Postsecundaria, Sapiencia, con recursos del PP.<\/p>\n<h4><strong>Sue\u00f1o cumplido con PP<\/strong><\/h4>\n<p><img loading=\"lazy\" class=\"alignnone size-large wp-image-450372\" src=\"https:\/\/www.medellin.gov.co\/es\/wp-content\/uploads\/2025\/09\/Imagen-con-apoyo-de-Sapiencia-Santiago-Zapata-logro-su-sueno-de-ser-medico-4-1024x683.jpg\" alt=\"Imagen con apoyo de Sapiencia, Santiago Zapata logr\u00f3 su sue\u00f1o de ser m\u00e9dico (4)\" width=\"1024\" height=\"683\" srcset=\"https:\/\/www.medellin.gov.co\/es\/wp-content\/uploads\/2025\/09\/Imagen-con-apoyo-de-Sapiencia-Santiago-Zapata-logro-su-sueno-de-ser-medico-4-1024x683.jpg 1024w, https:\/\/www.medellin.gov.co\/es\/wp-content\/uploads\/2025\/09\/Imagen-con-apoyo-de-Sapiencia-Santiago-Zapata-logro-su-sueno-de-ser-medico-4-300x200.jpg 300w, https:\/\/www.medellin.gov.co\/es\/wp-content\/uploads\/2025\/09\/Imagen-con-apoyo-de-Sapiencia-Santiago-Zapata-logro-su-sueno-de-ser-medico-4-150x100.jpg 150w, https:\/\/www.medellin.gov.co\/es\/wp-content\/uploads\/2025\/09\/Imagen-con-apoyo-de-Sapiencia-Santiago-Zapata-logro-su-sueno-de-ser-medico-4-768x512.jpg 768w, https:\/\/www.medellin.gov.co\/es\/wp-content\/uploads\/2025\/09\/Imagen-con-apoyo-de-Sapiencia-Santiago-Zapata-logro-su-sueno-de-ser-medico-4.jpg 1080w\" sizes=\"(max-width: 1024px) 100vw, 1024px\" \/><\/p>\n<p>Cuando en 2019 Santiago present\u00f3 la entrevista para ingresar a la universidad, lo invad\u00eda la incertidumbre. Su familia nunca hab\u00eda tenido un profesional, y \u00e9l, con un pantal\u00f3n roto, de tenis y la ilusi\u00f3n intacta, acudi\u00f3 a la cita y se abri\u00f3 paso en un espacio en el que incluso temi\u00f3 no encajar. El semestre costaba cerca de $11 millones para la \u00e9poca, una cifra impagable para el bolsillo de sus padres: una ama de casa y un vendedor ambulante, que adem\u00e1s ten\u00edan a cargo a su hermana menor.<\/p>\n<p><em>\u201cEn el colegio siempre me esforzaba por ser un buen estudiante, muy juicioso, muy disciplinado y trataba de hacer las cosas bien porque mi sue\u00f1o siempre fue ser m\u00e9dico. Pero luego llegaba a la casa y me encontraba con la realidad: que hab\u00eda muchas limitantes econ\u00f3micas, a veces emocionales. Mi mam\u00e1 nos dec\u00eda: pues es que esto es para gente que tiene dinero y t\u00fa no tienes y c\u00f3mo vas a estudiar. T\u00fa tienes que salir es a trabajar a una empresa\u201d<\/em>, recuerda Santiago.<\/p>\n<h4><strong>La esperanza lleg\u00f3 de la mano de Sapiencia<\/strong><\/h4>\n<p>La esperanza lleg\u00f3 con la Alcald\u00eda de Medell\u00edn. A trav\u00e9s de los Fondos Sapiencia, recibi\u00f3 apoyo para matr\u00edcula y sostenimiento. Con el acompa\u00f1amiento de la Junta de Acci\u00f3n Comunal de Traves\u00edas, logr\u00f3 postularse y ser beneficiario. <em>\u201cSal\u00ed gritando de mi habitaci\u00f3n de la emoci\u00f3n cuando me llamaron de la universidad\u201d<\/em>, cuenta con una sonrisa.<\/p>\n\n\t\t<style type=\"text\/css\">\n\t\t\t#gallery-1 {\n\t\t\t\tmargin: auto;\n\t\t\t}\n\t\t\t#gallery-1 .gallery-item {\n\t\t\t\tfloat: left;\n\t\t\t\tmargin-top: 10px;\n\t\t\t\ttext-align: center;\n\t\t\t\twidth: 50%;\n\t\t\t}\n\t\t\t#gallery-1 img {\n\t\t\t\tborder: 2px solid #cfcfcf;\n\t\t\t}\n\t\t\t#gallery-1 .gallery-caption {\n\t\t\t\tmargin-left: 0;\n\t\t\t}\n\t\t\t\/* see gallery_shortcode() in wp-includes\/media.php *\/\n\t\t<\/style>\n\t\t<div id='gallery-1' class='gallery galleryid-450351 gallery-columns-2 gallery-size-full'><dl class='gallery-item'>\n\t\t\t<dt class='gallery-icon landscape'>\n\t\t\t\t<a href='https:\/\/www.medellin.gov.co\/es\/sala-de-prensa\/noticias\/con-el-presupuesto-participativo-de-medellin-y-el-apoyo-de-sapiencia-santiago-zapata-logro-su-sueno-de-ser-medico\/imagen-sede-sapiencia-2\/'><img width=\"960\" height=\"720\" src=\"https:\/\/www.medellin.gov.co\/es\/wp-content\/uploads\/2025\/09\/Imagen-Sede-Sapiencia-2.jpg\" class=\"attachment-full size-full\" alt=\"Imagen Sede Sapiencia (2)\" loading=\"lazy\" srcset=\"https:\/\/www.medellin.gov.co\/es\/wp-content\/uploads\/2025\/09\/Imagen-Sede-Sapiencia-2.jpg 960w, https:\/\/www.medellin.gov.co\/es\/wp-content\/uploads\/2025\/09\/Imagen-Sede-Sapiencia-2-300x225.jpg 300w, https:\/\/www.medellin.gov.co\/es\/wp-content\/uploads\/2025\/09\/Imagen-Sede-Sapiencia-2-150x113.jpg 150w, https:\/\/www.medellin.gov.co\/es\/wp-content\/uploads\/2025\/09\/Imagen-Sede-Sapiencia-2-768x576.jpg 768w\" sizes=\"(max-width: 960px) 100vw, 960px\" \/><\/a>\n\t\t\t<\/dt><\/dl><dl class='gallery-item'>\n\t\t\t<dt class='gallery-icon landscape'>\n\t\t\t\t<a href='https:\/\/www.medellin.gov.co\/es\/sala-de-prensa\/noticias\/con-el-presupuesto-participativo-de-medellin-y-el-apoyo-de-sapiencia-santiago-zapata-logro-su-sueno-de-ser-medico\/imagen-sede-sapiencia-1\/'><img width=\"960\" height=\"720\" src=\"https:\/\/www.medellin.gov.co\/es\/wp-content\/uploads\/2025\/09\/Imagen-Sede-Sapiencia-1.jpg\" class=\"attachment-full size-full\" alt=\"Imagen Sede Sapiencia (1)\" loading=\"lazy\" srcset=\"https:\/\/www.medellin.gov.co\/es\/wp-content\/uploads\/2025\/09\/Imagen-Sede-Sapiencia-1.jpg 960w, https:\/\/www.medellin.gov.co\/es\/wp-content\/uploads\/2025\/09\/Imagen-Sede-Sapiencia-1-300x225.jpg 300w, https:\/\/www.medellin.gov.co\/es\/wp-content\/uploads\/2025\/09\/Imagen-Sede-Sapiencia-1-150x113.jpg 150w, https:\/\/www.medellin.gov.co\/es\/wp-content\/uploads\/2025\/09\/Imagen-Sede-Sapiencia-1-768x576.jpg 768w\" sizes=\"(max-width: 960px) 100vw, 960px\" \/><\/a>\n\t\t\t<\/dt><\/dl><br style=\"clear: both\" \/>\n\t\t<\/div>\n\n<p>Antes de llegar a la universidad, el camino fue largo. Intent\u00f3 ingresar a la Universidad de Antioquia, pero no pas\u00f3. Trabaj\u00f3 en maquilas del Centro de Medell\u00edn, rodeado de talleres de mec\u00e1nica, trabajadoras sexuales y habitantes de calle. Estudiaba en preuniversitarios por la noche despu\u00e9s de salir de trabajar, hasta que desisti\u00f3, aunque nunca abandon\u00f3 la idea de ser m\u00e9dico.<\/p>\n<p>Un d\u00eda, en la cocina de su casa, le insisti\u00f3 a su madre: <em>\u201cYo quiero ser m\u00e9dico\u201d<\/em>. La respuesta fue realista: no hab\u00eda c\u00f3mo pagar. Pero \u00e9l persisti\u00f3, hasta encontrar en la UCC y en Sapiencia la oportunidad que le abri\u00f3 la puerta a la educaci\u00f3n superior.<\/p>\n<h4><strong>Marcado por el desarraigo<\/strong><\/h4>\n<p>El sue\u00f1o de Santiago se forj\u00f3 en medio de la adversidad. Su familia vivi\u00f3 en carne propia el desplazamiento forzado. En medio del conflicto y la violencia de comienzos del milenio, debieron huir del noroccidente de la ciudad con la ropa en bolsas y los sue\u00f1os rotos hacia el Urab\u00e1 antioque\u00f1o, y a\u00f1os despu\u00e9s les toc\u00f3, de nuevo, empacar sus ilusiones y regresar a <a href=\"https:\/\/www.medellin.gov.co\/es\/\" target=\"_blank\" rel=\"noopener\">Medell\u00edn<\/a>, a San Crist\u00f3bal.<\/p>\n<p><img loading=\"lazy\" class=\"alignnone size-full wp-image-450365\" src=\"https:\/\/www.medellin.gov.co\/es\/wp-content\/uploads\/2025\/09\/Imagen-con-apoyo-de-Sapiencia-Santiago-Zapata-logro-su-sueno-de-ser-medico-1.jpg\" alt=\"Imagen con apoyo de Sapiencia, Santiago Zapata logr\u00f3 su sue\u00f1o de ser m\u00e9dico (1)\" width=\"785\" height=\"720\" srcset=\"https:\/\/www.medellin.gov.co\/es\/wp-content\/uploads\/2025\/09\/Imagen-con-apoyo-de-Sapiencia-Santiago-Zapata-logro-su-sueno-de-ser-medico-1.jpg 785w, https:\/\/www.medellin.gov.co\/es\/wp-content\/uploads\/2025\/09\/Imagen-con-apoyo-de-Sapiencia-Santiago-Zapata-logro-su-sueno-de-ser-medico-1-300x275.jpg 300w, https:\/\/www.medellin.gov.co\/es\/wp-content\/uploads\/2025\/09\/Imagen-con-apoyo-de-Sapiencia-Santiago-Zapata-logro-su-sueno-de-ser-medico-1-150x138.jpg 150w, https:\/\/www.medellin.gov.co\/es\/wp-content\/uploads\/2025\/09\/Imagen-con-apoyo-de-Sapiencia-Santiago-Zapata-logro-su-sueno-de-ser-medico-1-768x704.jpg 768w\" sizes=\"(max-width: 785px) 100vw, 785px\" \/><\/p>\n<p><em>\u201cEn el 2004 nos toc\u00f3 desplazarnos por la violencia y llegamos a Apartad\u00f3. Mi mam\u00e1, mi pap\u00e1 y mis dos abuelos maternos. All\u00e1 fuimos vendedores ambulantes. Nos toc\u00f3 construir la vida desde cero. Terminamos vendiendo pollo en un parque. Ah\u00ed me eduqu\u00e9 durante 12 a\u00f1os y luego nos volvieron a desplazar en el 2015\u201d<\/em>, relata.<\/p>\n<p>Esa experiencia de desarraigo fortaleci\u00f3 su car\u00e1cter. Tambi\u00e9n lo hizo la p\u00e9rdida de su pap\u00e1, quien falleci\u00f3 durante la pandemia de la COVID-19. Hoy, a pesar de tener pocos d\u00edas de experiencia, en su vereda Traves\u00edas lo reconocen como el m\u00e9dico del territorio. Los vecinos acuden a \u00e9l para buscar alivio a un dolor de cabeza, revisar una f\u00f3rmula m\u00e9dica o medir el ritmo card\u00edaco, entre otras dolencias que los aquejan.<\/p>\n<p><img loading=\"lazy\" class=\"alignnone size-large wp-image-450369\" src=\"https:\/\/www.medellin.gov.co\/es\/wp-content\/uploads\/2025\/09\/Imagen-con-apoyo-de-Sapiencia-Santiago-Zapata-logro-su-sueno-de-ser-medico-2-1024x683.jpg\" alt=\"Imagen con apoyo de Sapiencia, Santiago Zapata logr\u00f3 su sue\u00f1o de ser m\u00e9dico (2)\" width=\"1024\" height=\"683\" srcset=\"https:\/\/www.medellin.gov.co\/es\/wp-content\/uploads\/2025\/09\/Imagen-con-apoyo-de-Sapiencia-Santiago-Zapata-logro-su-sueno-de-ser-medico-2-1024x683.jpg 1024w, https:\/\/www.medellin.gov.co\/es\/wp-content\/uploads\/2025\/09\/Imagen-con-apoyo-de-Sapiencia-Santiago-Zapata-logro-su-sueno-de-ser-medico-2-300x200.jpg 300w, https:\/\/www.medellin.gov.co\/es\/wp-content\/uploads\/2025\/09\/Imagen-con-apoyo-de-Sapiencia-Santiago-Zapata-logro-su-sueno-de-ser-medico-2-150x100.jpg 150w, https:\/\/www.medellin.gov.co\/es\/wp-content\/uploads\/2025\/09\/Imagen-con-apoyo-de-Sapiencia-Santiago-Zapata-logro-su-sueno-de-ser-medico-2-768x512.jpg 768w, https:\/\/www.medellin.gov.co\/es\/wp-content\/uploads\/2025\/09\/Imagen-con-apoyo-de-Sapiencia-Santiago-Zapata-logro-su-sueno-de-ser-medico-2.jpg 1080w\" sizes=\"(max-width: 1024px) 100vw, 1024px\" \/><\/p>\n<p><em>\u201cYo antes era muy asm\u00e1tico y me hospitalizaban mucho. Creo que ah\u00ed naci\u00f3 mi pasi\u00f3n por la medicina. Le dec\u00eda a mi mam\u00e1 que las caretas se las pidiera a los m\u00e9dicos y yo, reci\u00e9n salido del hospital, sacaba todos mis juguetes y les pon\u00eda las caretas a los mu\u00f1ecos\u201d,<\/em> dice entre risas.<\/p>\n<h4><strong>Sus planes<\/strong><\/h4>\n<p>Desde mediados de agosto de 2025, Santiago comenz\u00f3 su primer empleo en el Hospital Marco Fidel Su\u00e1rez, del municipio de Bello, en el \u00e1rea de urgencias con turnos de 12 horas. Su meta ahora es especializarse en Medicina Interna y seguir demostrando que no hay imposibles cuando se cuenta con persistencia y con el respaldo de programas como los Fondos Sapiencia.<\/p>\n<p><em>\u201cS\u00e9 que muchos j\u00f3venes como yo tuvieron sue\u00f1os que no lograron, porque no conoc\u00edan estos proyectos tan bonitos que tiene la Alcald\u00eda de Medell\u00edn para apoyar a quienes vienen de estratos bajos y ven imposible entrar a la universidad. Si no hubiera sido por Sapiencia, no habr\u00eda sido posible que hoy tuviera el t\u00edtulo de m\u00e9dico\u201d,<\/em> concluye.<\/p>\n<p><img loading=\"lazy\" class=\"alignnone size-large wp-image-450367\" src=\"https:\/\/www.medellin.gov.co\/es\/wp-content\/uploads\/2025\/09\/Imagen-con-apoyo-de-Sapiencia-Santiago-Zapata-logro-su-sueno-de-ser-medico-1_1-1024x683.jpg\" alt=\"Imagen con apoyo de Sapiencia, Santiago Zapata logr\u00f3 su sue\u00f1o de ser m\u00e9dico (1)_1\" width=\"1024\" height=\"683\" srcset=\"https:\/\/www.medellin.gov.co\/es\/wp-content\/uploads\/2025\/09\/Imagen-con-apoyo-de-Sapiencia-Santiago-Zapata-logro-su-sueno-de-ser-medico-1_1-1024x683.jpg 1024w, https:\/\/www.medellin.gov.co\/es\/wp-content\/uploads\/2025\/09\/Imagen-con-apoyo-de-Sapiencia-Santiago-Zapata-logro-su-sueno-de-ser-medico-1_1-300x200.jpg 300w, https:\/\/www.medellin.gov.co\/es\/wp-content\/uploads\/2025\/09\/Imagen-con-apoyo-de-Sapiencia-Santiago-Zapata-logro-su-sueno-de-ser-medico-1_1-150x100.jpg 150w, https:\/\/www.medellin.gov.co\/es\/wp-content\/uploads\/2025\/09\/Imagen-con-apoyo-de-Sapiencia-Santiago-Zapata-logro-su-sueno-de-ser-medico-1_1-768x512.jpg 768w, https:\/\/www.medellin.gov.co\/es\/wp-content\/uploads\/2025\/09\/Imagen-con-apoyo-de-Sapiencia-Santiago-Zapata-logro-su-sueno-de-ser-medico-1_1.jpg 1080w\" sizes=\"(max-width: 1024px) 100vw, 1024px\" \/><\/p>\n<p>Ser m\u00e9dico para Santiago parec\u00eda un sue\u00f1o lejano. Su historia es apenas una de muchas que nacen gracias al recurso de Presupuesto Participativo y al apoyo de Sapiencia, porque en Medell\u00edn estudiar s\u00ed es posible.<\/p>\n<h4><strong>Ma\u00f1ana se cierran las votaciones para 2026<\/strong><\/h4>\n<p>Hasta ma\u00f1ana <strong>domingo 7 de septiembre<\/strong>, Medell\u00edn vivir\u00e1 la jornada de <a href=\"https:\/\/votapp.medellin.gov.co\/\" target=\"_blank\" rel=\"noopener\">votaciones del Presupuesto Participativo (PP)<\/a>, el mecanismo que permite a los ciudadanos <strong>mayores de 14 a\u00f1os<\/strong> decidir en qu\u00e9 se invertir\u00e1 el 5 % del presupuesto de libre destinaci\u00f3n del Distrito.<\/p>\n<p><a href=\"https:\/\/votapp.medellin.gov.co\/\" target=\"_blank\" rel=\"noopener\"><img loading=\"lazy\" class=\"alignnone size-large wp-image-445170\" src=\"https:\/\/www.medellin.gov.co\/es\/wp-content\/uploads\/2025\/08\/Banner-pp-vota-1024x342.jpg\" alt=\"banner pp vota\" width=\"1024\" height=\"342\" srcset=\"https:\/\/www.medellin.gov.co\/es\/wp-content\/uploads\/2025\/08\/Banner-pp-vota-1024x342.jpg 1024w, https:\/\/www.medellin.gov.co\/es\/wp-content\/uploads\/2025\/08\/Banner-pp-vota-300x100.jpg 300w, https:\/\/www.medellin.gov.co\/es\/wp-content\/uploads\/2025\/08\/Banner-pp-vota-150x50.jpg 150w, https:\/\/www.medellin.gov.co\/es\/wp-content\/uploads\/2025\/08\/Banner-pp-vota-768x257.jpg 768w, https:\/\/www.medellin.gov.co\/es\/wp-content\/uploads\/2025\/08\/Banner-pp-vota.jpg 1280w\" sizes=\"(max-width: 1024px) 100vw, 1024px\" \/><\/a><\/p>\n<p>La votaci\u00f3n ser\u00e1 virtual hasta hoy s\u00e1bado 6 de septiembre en el portal web de la Alcald\u00eda de Medell\u00edn, <a href=\"http:\/\/www.medellin.gov.co\" target=\"_blank\" rel=\"noopener\">www.medellin.gov.co<\/a> \u00a0y ma\u00f1ana domingo 7, ser\u00e1 de forma presencial en 195 lugares distribuidos en las 16 comunas y cinco corregimientos, con un punto de ciudad en la Unidad Deportiva Atanasio Girardot.<\/p>\n<p>Este a\u00f1o, la meta es superar los 96 mil votos de 2024 y alcanzar 130 mil participaciones v\u00e1lidas, priorizando m\u00e1s de 450 mil millones de pesos en proyectos para toda la ciudad.<\/p>\n<p>As\u00ed como Santiago puedo cumplir su sue\u00f1o, usted tambi\u00e9n puede ser una de las personas beneficiadas con los recursos del Programa de Presupuesto Participativo de la Alcald\u00eda de Medell\u00edn.<\/p>\n","protected":false},"excerpt":{"rendered":"<p>Santiago Zapata Sol\u00f3rzano nunca imagin\u00f3 que podr\u00eda graduarse como m\u00e9dico en Medell\u00edn. Gracias a los recursos del Presupuesto Participativo (PP) y al apoyo de Sapiencia, convirti\u00f3 en realidad un sue\u00f1o que parec\u00eda inalcanzable desde su &#8230;<\/p>\n","protected":false},"author":97,"featured_media":450383,"comment_status":"open","ping_status":"open","sticky":false,"template":"","format":"standard","meta":[],"categories":[531,4,17],"tags":[634,431,427],"formato_nota":[],"programas_tax":[],"acf":[],"_links":{"self":[{"href":"https:\/\/www.medellin.gov.co\/es\/wp-json\/wp\/v2\/posts\/450351"}],"collection":[{"href":"https:\/\/www.medellin.gov.co\/es\/wp-json\/wp\/v2\/posts"}],"about":[{"href":"https:\/\/www.medellin.gov.co\/es\/wp-json\/wp\/v2\/types\/post"}],"author":[{"embeddable":true,"href":"https:\/\/www.medellin.gov.co\/es\/wp-json\/wp\/v2\/users\/97"}],"replies":[{"embeddable":true,"href":"https:\/\/www.medellin.gov.co\/es\/wp-json\/wp\/v2\/comments?post=450351"}],"version-history":[{"count":3,"href":"https:\/\/www.medellin.gov.co\/es\/wp-json\/wp\/v2\/posts\/450351\/revisions"}],"predecessor-version":[{"id":450454,"href":"https:\/\/www.medellin.gov.co\/es\/wp-json\/wp\/v2\/posts\/450351\/revisions\/450454"}],"wp:featuredmedia":[{"embeddable":true,"href":"https:\/\/www.medellin.gov.co\/es\/wp-json\/wp\/v2\/media\/450383"}],"wp:attachment":[{"href":"https:\/\/www.medellin.gov.co\/es\/wp-json\/wp\/v2\/media?parent=450351"}],"wp:term":[{"taxonomy":"category","embeddable":true,"href":"https:\/\/www.medellin.gov.co\/es\/wp-json\/wp\/v2\/categories?post=450351"},{"taxonomy":"post_tag","embeddable":true,"href":"https:\/\/www.medellin.gov.co\/es\/wp-json\/wp\/v2\/tags?post=450351"},{"taxonomy":"formato_nota","embeddable":true,"href":"https:\/\/www.medellin.gov.co\/es\/wp-json\/wp\/v2\/formato_nota?post=450351"},{"taxonomy":"programas_tax","embeddable":true,"href":"https:\/\/www.medellin.gov.co\/es\/wp-json\/wp\/v2\/programas_tax?post=450351"}],"curies":[{"name":"wp","href":"https:\/\/api.w.org\/{rel}","templated":true}]}}