{"id":451048,"date":"2025-09-03T17:16:11","date_gmt":"2025-09-03T22:16:11","guid":{"rendered":"https:\/\/www.medellin.gov.co\/es\/?p=451048"},"modified":"2025-09-03T17:16:11","modified_gmt":"2025-09-03T22:16:11","slug":"medellin-avanza-en-equidad-en-el-acceso-al-agua-potable-20-000-personas-reciben-el-minimo-vital","status":"publish","type":"post","link":"https:\/\/www.medellin.gov.co\/es\/sala-de-prensa\/noticias\/medellin-avanza-en-equidad-en-el-acceso-al-agua-potable-20-000-personas-reciben-el-minimo-vital\/","title":{"rendered":"Medell\u00edn avanza en equidad en el acceso al agua potable: 20.000 personas reciben el m\u00ednimo vital"},"content":{"rendered":"<ul>\n<li>La estrategia incorpora inscripciones puerta a puerta y atenci\u00f3n en puntos habilitados, acercando el beneficio a los hogares m\u00e1s vulnerables.<\/li>\n<li>Hasta mediados de septiembre se visitar\u00e1n hogares de la comuna 13-San Javier.<\/li>\n<\/ul>\n<!--[if lt IE 9]><script>document.createElement('audio');<\/script><![endif]-->\n\t<div class=\"wp-playlist wp-audio-playlist wp-playlist-light\">\n\t\t\t<div class=\"wp-playlist-current-item\"><\/div>\n\t\t<audio controls=\"controls\" preload=\"none\" width=\"640\"\n\t\t\t><\/audio>\n\t<div class=\"wp-playlist-next\"><\/div>\n\t<div class=\"wp-playlist-prev\"><\/div>\n\t<noscript>\n\t<ol>\n\t\t<li><a href='https:\/\/www.medellin.gov.co\/es\/wp-content\/uploads\/2025\/09\/Declaraciones-de-la-subsecretaria-de-Servicios-Publicos-Manuela-Garcia-Gil.mp3'>Declaraciones de la subsecretaria de Servicios P\u00fablicos, Manuela Garc\u00eda Gil<\/a><\/li>\t<\/ol>\n\t<\/noscript>\n\t<script type=\"application\/json\" class=\"wp-playlist-script\">{\"type\":\"audio\",\"tracklist\":true,\"tracknumbers\":true,\"images\":true,\"artists\":true,\"tracks\":[{\"src\":\"https:\\\/\\\/www.medellin.gov.co\\\/es\\\/wp-content\\\/uploads\\\/2025\\\/09\\\/Declaraciones-de-la-subsecretaria-de-Servicios-Publicos-Manuela-Garcia-Gil.mp3\",\"type\":\"audio\\\/mpeg\",\"title\":\"Declaraciones de la subsecretaria de Servicios P\\u00fablicos, Manuela Garc\\u00eda Gil\",\"caption\":\"\",\"description\":\"\\u00abDeclaraciones de la subsecretaria de Servicios P\\u00fablicos, Manuela Garc\\u00eda Gil\\u00bb. \",\"meta\":{\"genre\":\"Blues\",\"length_formatted\":\"0:43\"},\"image\":{\"src\":\"https:\\\/\\\/www.medellin.gov.co\\\/es\\\/wp-includes\\\/images\\\/media\\\/audio.png\",\"width\":48,\"height\":64},\"thumb\":{\"src\":\"https:\\\/\\\/www.medellin.gov.co\\\/es\\\/wp-includes\\\/images\\\/media\\\/audio.png\",\"width\":48,\"height\":64}}]}<\/script>\n<\/div>\n\t\n<p>Hasta el momento, 4.074 familias, lo que representa cerca de 20.000 personas, han sido sensibilizadas e inscritas en Medell\u00edn para acceder al programa M\u00ednimo Vital de Agua Potable, el cual le otorga a cada integrante de la vivienda un auspicio de 1.5 metros c\u00fabicos del l\u00edquido al mes, es decir, aproximadamente 50 litros diarios para lo esencial.<\/p>\n<p>Esta cifra se calcula seg\u00fan el n\u00famero de personas registradas en el <a href=\"https:\/\/www.sisben.gov.co\/Paginas\/landing.html\" target=\"_blank\" rel=\"noopener\">Sisb\u00e9n IV<\/a>, con un tope de 13 metros c\u00fabicos mensuales por vivienda (13.000 litros de agua).<\/p>\n<p>En conjunto, este apoyo representa alrededor de 30 % del consumo b\u00e1sico mensual de un hogar, lo que se traduce en un alivio real en la factura de servicios.<\/p>\n<p><a href=\"https:\/\/www.medellin.gov.co\/es\/wp-content\/uploads\/2025\/09\/Imagen-de-mujer-sirviendo-un-vaso-con-agua.jpg\" target=\"_blank\" rel=\"noopener\"><img loading=\"lazy\" class=\"alignnone wp-image-451018 size-full\" src=\"https:\/\/www.medellin.gov.co\/es\/wp-content\/uploads\/2025\/09\/Imagen-de-mujer-sirviendo-un-vaso-con-agua.jpg\" alt=\"Imagen de mujer sirviendo un vaso con agua\" width=\"1141\" height=\"760\" srcset=\"https:\/\/www.medellin.gov.co\/es\/wp-content\/uploads\/2025\/09\/Imagen-de-mujer-sirviendo-un-vaso-con-agua.jpg 1141w, https:\/\/www.medellin.gov.co\/es\/wp-content\/uploads\/2025\/09\/Imagen-de-mujer-sirviendo-un-vaso-con-agua-300x200.jpg 300w, https:\/\/www.medellin.gov.co\/es\/wp-content\/uploads\/2025\/09\/Imagen-de-mujer-sirviendo-un-vaso-con-agua-1024x682.jpg 1024w, https:\/\/www.medellin.gov.co\/es\/wp-content\/uploads\/2025\/09\/Imagen-de-mujer-sirviendo-un-vaso-con-agua-150x100.jpg 150w, https:\/\/www.medellin.gov.co\/es\/wp-content\/uploads\/2025\/09\/Imagen-de-mujer-sirviendo-un-vaso-con-agua-768x512.jpg 768w\" sizes=\"(max-width: 1141px) 100vw, 1141px\" \/><\/a><\/p>\n<p>La estrategia ya lleg\u00f3 a las comunas Popular, con 632 familias; Manrique, con 896; Villa Hermosa, con 1.536; y Robledo, con 588. Aunque siempre se han hecho visitas domiciliarias para verificaci\u00f3n y sensibilizaci\u00f3n, por primera vez, el programa a\u00f1ade un componente de inscripci\u00f3n puerta a puerta.<\/p>\n<p>Este cambio en la metodolog\u00eda se convierte en un hito en la historia del programa, al permitir que los equipos lleguen casa a casa a explicar el beneficio y resolver dudas de manera personalizada. Adem\u00e1s, 422 personas han recibido orientaci\u00f3n en puntos de atenci\u00f3n y tambi\u00e9n est\u00e1 habilitado el registro virtual en la p\u00e1gina web de la Alcald\u00eda.<\/p>\n<p>\u201c<em>Con el cambio en la reglamentaci\u00f3n, ahora m\u00e1s hogares pueden acceder al M\u00ednimo Vital de Agua Potable. Esta es una oportunidad de dignidad y bienestar para miles de hogares. Estamos en la etapa de inscripci\u00f3n y sensibilizaci\u00f3n; m\u00e1s adelante, cuando los beneficiarios ya est\u00e9n vinculados, nuestros equipos continuar\u00e1n el acompa\u00f1amiento con recomendaciones y pr\u00e1cticas de ahorro que permitan usar el agua de manera responsable<\/em>\u201d, destac\u00f3 la subsecretaria de Servicios P\u00fablicos, Manuela Garc\u00eda Gil.<\/p>\n<p><a href=\"https:\/\/www.medellin.gov.co\/es\/wp-content\/uploads\/2025\/09\/Imagen-de-persona-lavando-sus-manos.jpg\" target=\"_blank\" rel=\"noopener\"><img loading=\"lazy\" class=\"alignnone wp-image-451015 size-full\" src=\"https:\/\/www.medellin.gov.co\/es\/wp-content\/uploads\/2025\/09\/Imagen-de-persona-lavando-sus-manos.jpg\" alt=\"Imagen de persona lavando sus manos\" width=\"1141\" height=\"760\" srcset=\"https:\/\/www.medellin.gov.co\/es\/wp-content\/uploads\/2025\/09\/Imagen-de-persona-lavando-sus-manos.jpg 1141w, https:\/\/www.medellin.gov.co\/es\/wp-content\/uploads\/2025\/09\/Imagen-de-persona-lavando-sus-manos-300x200.jpg 300w, https:\/\/www.medellin.gov.co\/es\/wp-content\/uploads\/2025\/09\/Imagen-de-persona-lavando-sus-manos-1024x682.jpg 1024w, https:\/\/www.medellin.gov.co\/es\/wp-content\/uploads\/2025\/09\/Imagen-de-persona-lavando-sus-manos-150x100.jpg 150w, https:\/\/www.medellin.gov.co\/es\/wp-content\/uploads\/2025\/09\/Imagen-de-persona-lavando-sus-manos-768x512.jpg 768w\" sizes=\"(max-width: 1141px) 100vw, 1141px\" \/><\/a><\/p>\n<p>Para acceder al beneficio, las personas deben estar clasificadas en el Sisb\u00e9n IV entre A1 y C18, con la encuesta aplicada en Medell\u00edn. Tambi\u00e9n, es necesario que la direcci\u00f3n registrada coincida con el domicilio donde se solicita el apoyo, contar con una conexi\u00f3n legal de acueducto y alcantarillado, y estar al d\u00eda con la factura de servicios. En el momento de la atenci\u00f3n se solicita la \u00faltima factura de acueducto y alcantarillado, as\u00ed como el documento de identidad del titular del Sisb\u00e9n IV.<\/p>\n<p>El M\u00ednimo Vital de Agua Potable es un programa social con 16 a\u00f1os de trayectoria en Medell\u00edn, creado para garantizar que el agua, como derecho fundamental, llegue a los hogares que realmente necesiten el auspicio.<\/p>\n<p>La Administraci\u00f3n Distrital invita a la ciudadan\u00eda a participar en las jornadas de sensibilizaci\u00f3n, que continuar\u00e1n en comunas y corregimientos, a acercarse a los puntos de atenci\u00f3n o a realizar la inscripci\u00f3n en l\u00ednea, para que ning\u00fan hogar que cumpla los requisitos se quede por fuera de este beneficio.<\/p>\n","protected":false},"excerpt":{"rendered":"<p>La estrategia incorpora inscripciones puerta a puerta y atenci\u00f3n en puntos habilitados, acercando el beneficio a los hogares m\u00e1s vulnerables. Hasta mediados de septiembre se visitar\u00e1n hogares de la comuna 13-San Javier. Hasta el momento, &#8230;<\/p>\n","protected":false},"author":21,"featured_media":451020,"comment_status":"open","ping_status":"open","sticky":false,"template":"","format":"standard","meta":[],"categories":[7],"tags":[451],"formato_nota":[],"programas_tax":[],"acf":[],"_links":{"self":[{"href":"https:\/\/www.medellin.gov.co\/es\/wp-json\/wp\/v2\/posts\/451048"}],"collection":[{"href":"https:\/\/www.medellin.gov.co\/es\/wp-json\/wp\/v2\/posts"}],"about":[{"href":"https:\/\/www.medellin.gov.co\/es\/wp-json\/wp\/v2\/types\/post"}],"author":[{"embeddable":true,"href":"https:\/\/www.medellin.gov.co\/es\/wp-json\/wp\/v2\/users\/21"}],"replies":[{"embeddable":true,"href":"https:\/\/www.medellin.gov.co\/es\/wp-json\/wp\/v2\/comments?post=451048"}],"version-history":[{"count":1,"href":"https:\/\/www.medellin.gov.co\/es\/wp-json\/wp\/v2\/posts\/451048\/revisions"}],"predecessor-version":[{"id":451050,"href":"https:\/\/www.medellin.gov.co\/es\/wp-json\/wp\/v2\/posts\/451048\/revisions\/451050"}],"wp:featuredmedia":[{"embeddable":true,"href":"https:\/\/www.medellin.gov.co\/es\/wp-json\/wp\/v2\/media\/451020"}],"wp:attachment":[{"href":"https:\/\/www.medellin.gov.co\/es\/wp-json\/wp\/v2\/media?parent=451048"}],"wp:term":[{"taxonomy":"category","embeddable":true,"href":"https:\/\/www.medellin.gov.co\/es\/wp-json\/wp\/v2\/categories?post=451048"},{"taxonomy":"post_tag","embeddable":true,"href":"https:\/\/www.medellin.gov.co\/es\/wp-json\/wp\/v2\/tags?post=451048"},{"taxonomy":"formato_nota","embeddable":true,"href":"https:\/\/www.medellin.gov.co\/es\/wp-json\/wp\/v2\/formato_nota?post=451048"},{"taxonomy":"programas_tax","embeddable":true,"href":"https:\/\/www.medellin.gov.co\/es\/wp-json\/wp\/v2\/programas_tax?post=451048"}],"curies":[{"name":"wp","href":"https:\/\/api.w.org\/{rel}","templated":true}]}}