{"id":451094,"date":"2025-09-04T11:17:52","date_gmt":"2025-09-04T16:17:52","guid":{"rendered":"https:\/\/www.medellin.gov.co\/es\/?p=451094"},"modified":"2025-09-04T11:17:52","modified_gmt":"2025-09-04T16:17:52","slug":"a-un-siglo-de-su-estreno-medellin-vera-de-nuevo-en-pantalla-grande-su-primera-pelicula-argumental-de-cine-mundo","status":"publish","type":"post","link":"https:\/\/www.medellin.gov.co\/es\/sala-de-prensa\/noticias\/a-un-siglo-de-su-estreno-medellin-vera-de-nuevo-en-pantalla-grande-su-primera-pelicula-argumental-de-cine-mundo\/","title":{"rendered":"A un siglo de su estreno, Medell\u00edn ver\u00e1 de nuevo en pantalla grande su primera pel\u00edcula argumental de cine mundo"},"content":{"rendered":"<p>Medell\u00edn vivir\u00e1 una experiencia cinematogr\u00e1fica y musical excepcional con la proyecci\u00f3n de Bajo el cielo antioque\u00f1o, primera pel\u00edcula argumental de su historia, que fue estrenada en 1925. Este fue restaurado por la Fundaci\u00f3n Patrimonio F\u00edlmico Colombiano y ser\u00e1 visto de nuevo en la pantalla grande a 100 a\u00f1os de su estreno. Este cl\u00e1sico del cine colombiano ser\u00e1 acompa\u00f1ado por m\u00fasica en vivo, en una funci\u00f3n especial que se realizar\u00e1 este domingo 24 de agosto a las 11:30 a.m. en el teatro Pablo Tob\u00f3n Uribe.<\/p>\n\n\t\t<style type=\"text\/css\">\n\t\t\t#gallery-1 {\n\t\t\t\tmargin: auto;\n\t\t\t}\n\t\t\t#gallery-1 .gallery-item {\n\t\t\t\tfloat: left;\n\t\t\t\tmargin-top: 10px;\n\t\t\t\ttext-align: center;\n\t\t\t\twidth: 50%;\n\t\t\t}\n\t\t\t#gallery-1 img {\n\t\t\t\tborder: 2px solid #cfcfcf;\n\t\t\t}\n\t\t\t#gallery-1 .gallery-caption {\n\t\t\t\tmargin-left: 0;\n\t\t\t}\n\t\t\t\/* see gallery_shortcode() in wp-includes\/media.php *\/\n\t\t<\/style>\n\t\t<div id='gallery-1' class='gallery galleryid-451094 gallery-columns-2 gallery-size-full'><dl class='gallery-item'>\n\t\t\t<dt class='gallery-icon landscape'>\n\t\t\t\t<a href='https:\/\/www.medellin.gov.co\/es\/sala-de-prensa\/noticias\/a-un-siglo-de-su-estreno-medellin-vera-de-nuevo-en-pantalla-grande-su-primera-pelicula-argumental-de-cine-mundo\/bajo-el-cielo-antioqueno-17\/'><img width=\"1077\" height=\"720\" src=\"https:\/\/www.medellin.gov.co\/es\/wp-content\/uploads\/2025\/09\/Bajo-el-cielo-Antioqueno-17.jpg\" class=\"attachment-full size-full\" alt=\"Bajo el cielo Antioque\u00f1o 17\" loading=\"lazy\" srcset=\"https:\/\/www.medellin.gov.co\/es\/wp-content\/uploads\/2025\/09\/Bajo-el-cielo-Antioqueno-17.jpg 1077w, https:\/\/www.medellin.gov.co\/es\/wp-content\/uploads\/2025\/09\/Bajo-el-cielo-Antioqueno-17-300x201.jpg 300w, https:\/\/www.medellin.gov.co\/es\/wp-content\/uploads\/2025\/09\/Bajo-el-cielo-Antioqueno-17-1024x685.jpg 1024w, https:\/\/www.medellin.gov.co\/es\/wp-content\/uploads\/2025\/09\/Bajo-el-cielo-Antioqueno-17-150x100.jpg 150w, https:\/\/www.medellin.gov.co\/es\/wp-content\/uploads\/2025\/09\/Bajo-el-cielo-Antioqueno-17-768x513.jpg 768w\" sizes=\"(max-width: 1077px) 100vw, 1077px\" \/><\/a>\n\t\t\t<\/dt><\/dl><dl class='gallery-item'>\n\t\t\t<dt class='gallery-icon landscape'>\n\t\t\t\t<a href='https:\/\/www.medellin.gov.co\/es\/sala-de-prensa\/noticias\/a-un-siglo-de-su-estreno-medellin-vera-de-nuevo-en-pantalla-grande-su-primera-pelicula-argumental-de-cine-mundo\/bajo-el-cielo-antioqueno-16\/'><img width=\"1080\" height=\"720\" src=\"https:\/\/www.medellin.gov.co\/es\/wp-content\/uploads\/2025\/09\/Bajo-el-cielo-Antioqueno-16.jpg\" class=\"attachment-full size-full\" alt=\"Bajo el cielo Antioque\u00f1o 16\" loading=\"lazy\" srcset=\"https:\/\/www.medellin.gov.co\/es\/wp-content\/uploads\/2025\/09\/Bajo-el-cielo-Antioqueno-16.jpg 1080w, https:\/\/www.medellin.gov.co\/es\/wp-content\/uploads\/2025\/09\/Bajo-el-cielo-Antioqueno-16-300x200.jpg 300w, https:\/\/www.medellin.gov.co\/es\/wp-content\/uploads\/2025\/09\/Bajo-el-cielo-Antioqueno-16-1024x683.jpg 1024w, https:\/\/www.medellin.gov.co\/es\/wp-content\/uploads\/2025\/09\/Bajo-el-cielo-Antioqueno-16-150x100.jpg 150w, https:\/\/www.medellin.gov.co\/es\/wp-content\/uploads\/2025\/09\/Bajo-el-cielo-Antioqueno-16-768x512.jpg 768w\" sizes=\"(max-width: 1080px) 100vw, 1080px\" \/><\/a>\n\t\t\t<\/dt><\/dl><br style=\"clear: both\" \/><dl class='gallery-item'>\n\t\t\t<dt class='gallery-icon landscape'>\n\t\t\t\t<a href='https:\/\/www.medellin.gov.co\/es\/sala-de-prensa\/noticias\/a-un-siglo-de-su-estreno-medellin-vera-de-nuevo-en-pantalla-grande-su-primera-pelicula-argumental-de-cine-mundo\/bajo-el-cielo-antioqueno-7\/'><img width=\"1077\" height=\"720\" src=\"https:\/\/www.medellin.gov.co\/es\/wp-content\/uploads\/2025\/09\/Bajo-el-cielo-Antioqueno-7.jpg\" class=\"attachment-full size-full\" alt=\"Bajo el cielo Antioque\u00f1o 7\" loading=\"lazy\" srcset=\"https:\/\/www.medellin.gov.co\/es\/wp-content\/uploads\/2025\/09\/Bajo-el-cielo-Antioqueno-7.jpg 1077w, https:\/\/www.medellin.gov.co\/es\/wp-content\/uploads\/2025\/09\/Bajo-el-cielo-Antioqueno-7-300x201.jpg 300w, https:\/\/www.medellin.gov.co\/es\/wp-content\/uploads\/2025\/09\/Bajo-el-cielo-Antioqueno-7-1024x685.jpg 1024w, https:\/\/www.medellin.gov.co\/es\/wp-content\/uploads\/2025\/09\/Bajo-el-cielo-Antioqueno-7-150x100.jpg 150w, https:\/\/www.medellin.gov.co\/es\/wp-content\/uploads\/2025\/09\/Bajo-el-cielo-Antioqueno-7-768x513.jpg 768w\" sizes=\"(max-width: 1077px) 100vw, 1077px\" \/><\/a>\n\t\t\t<\/dt><\/dl><dl class='gallery-item'>\n\t\t\t<dt class='gallery-icon landscape'>\n\t\t\t\t<a href='https:\/\/www.medellin.gov.co\/es\/sala-de-prensa\/noticias\/a-un-siglo-de-su-estreno-medellin-vera-de-nuevo-en-pantalla-grande-su-primera-pelicula-argumental-de-cine-mundo\/bajo-el-cielo-antioqueno-6\/'><img width=\"1077\" height=\"720\" src=\"https:\/\/www.medellin.gov.co\/es\/wp-content\/uploads\/2025\/09\/Bajo-el-cielo-Antioqueno-6.jpg\" class=\"attachment-full size-full\" alt=\"Bajo el cielo Antioque\u00f1o 6\" loading=\"lazy\" srcset=\"https:\/\/www.medellin.gov.co\/es\/wp-content\/uploads\/2025\/09\/Bajo-el-cielo-Antioqueno-6.jpg 1077w, https:\/\/www.medellin.gov.co\/es\/wp-content\/uploads\/2025\/09\/Bajo-el-cielo-Antioqueno-6-300x201.jpg 300w, https:\/\/www.medellin.gov.co\/es\/wp-content\/uploads\/2025\/09\/Bajo-el-cielo-Antioqueno-6-1024x685.jpg 1024w, https:\/\/www.medellin.gov.co\/es\/wp-content\/uploads\/2025\/09\/Bajo-el-cielo-Antioqueno-6-150x100.jpg 150w, https:\/\/www.medellin.gov.co\/es\/wp-content\/uploads\/2025\/09\/Bajo-el-cielo-Antioqueno-6-768x513.jpg 768w\" sizes=\"(max-width: 1077px) 100vw, 1077px\" \/><\/a>\n\t\t\t<\/dt><\/dl><br style=\"clear: both\" \/>\n\t\t<\/div>\n\n<p>La entrada ser\u00e1 libre y hace parte de una programaci\u00f3n que exalta el legado audiovisual del pa\u00eds. Los asistentes tambi\u00e9n podr\u00e1n apreciar una exposici\u00f3n fotogr\u00e1fica. Estas actividades tienen el apoyo de la Sociedad de Gesti\u00f3n Colectiva, que re\u00fane a los directores de cine y televisi\u00f3n colombianos, y forman parte de una serie de celebraciones que se har\u00e1n en varias ciudades del pa\u00eds, como Cali y Bogot\u00e1.<\/p>\n<p>La banda sonora en vivo, que recrea la atm\u00f3sfera original del cine mudo, fue compuesta para la ocasi\u00f3n por el Semillero MotiFilm, de la Instituci\u00f3n Universitaria ITM y la interpretaci\u00f3n la har\u00e1 el Ensamble Arcob, conformado por estudiantes y docentes.<\/p>\n<p><img loading=\"lazy\" class=\"alignnone size-full wp-image-451172\" src=\"https:\/\/www.medellin.gov.co\/es\/wp-content\/uploads\/2025\/09\/Bajo-el-cielo-Antioqueno-5.jpg\" alt=\"Bajo el cielo Antioque\u00f1o 5\" width=\"960\" height=\"720\" srcset=\"https:\/\/www.medellin.gov.co\/es\/wp-content\/uploads\/2025\/09\/Bajo-el-cielo-Antioqueno-5.jpg 960w, https:\/\/www.medellin.gov.co\/es\/wp-content\/uploads\/2025\/09\/Bajo-el-cielo-Antioqueno-5-300x225.jpg 300w, https:\/\/www.medellin.gov.co\/es\/wp-content\/uploads\/2025\/09\/Bajo-el-cielo-Antioqueno-5-150x113.jpg 150w, https:\/\/www.medellin.gov.co\/es\/wp-content\/uploads\/2025\/09\/Bajo-el-cielo-Antioqueno-5-768x576.jpg 768w\" sizes=\"(max-width: 960px) 100vw, 960px\" \/><\/p>\n<p>Bajo el cielo antioque\u00f1o fue hecha por un grupo de visionarios, liderado por Gonzalo Mej\u00eda, destacado empresario antioque\u00f1o que apost\u00f3 en su momento por el naciente lenguaje del cine para retratar la realidad de la \u00e9poca en la regi\u00f3n. La direcci\u00f3n fue de Arturo Acevedo Vallarino y la producci\u00f3n de la Compa\u00f1\u00eda Filmadora de Medell\u00edn.<\/p>\n","protected":false},"excerpt":{"rendered":"<p>Medell\u00edn vivir\u00e1 una experiencia cinematogr\u00e1fica y musical excepcional con la proyecci\u00f3n de Bajo el cielo antioque\u00f1o, primera pel\u00edcula argumental de su historia, que fue estrenada en 1925. Este fue restaurado por la Fundaci\u00f3n Patrimonio F\u00edlmico &#8230;<\/p>\n","protected":false},"author":97,"featured_media":451162,"comment_status":"open","ping_status":"open","sticky":false,"template":"","format":"standard","meta":[],"categories":[31],"tags":[444,428],"formato_nota":[],"programas_tax":[],"acf":[],"_links":{"self":[{"href":"https:\/\/www.medellin.gov.co\/es\/wp-json\/wp\/v2\/posts\/451094"}],"collection":[{"href":"https:\/\/www.medellin.gov.co\/es\/wp-json\/wp\/v2\/posts"}],"about":[{"href":"https:\/\/www.medellin.gov.co\/es\/wp-json\/wp\/v2\/types\/post"}],"author":[{"embeddable":true,"href":"https:\/\/www.medellin.gov.co\/es\/wp-json\/wp\/v2\/users\/97"}],"replies":[{"embeddable":true,"href":"https:\/\/www.medellin.gov.co\/es\/wp-json\/wp\/v2\/comments?post=451094"}],"version-history":[{"count":1,"href":"https:\/\/www.medellin.gov.co\/es\/wp-json\/wp\/v2\/posts\/451094\/revisions"}],"predecessor-version":[{"id":451173,"href":"https:\/\/www.medellin.gov.co\/es\/wp-json\/wp\/v2\/posts\/451094\/revisions\/451173"}],"wp:featuredmedia":[{"embeddable":true,"href":"https:\/\/www.medellin.gov.co\/es\/wp-json\/wp\/v2\/media\/451162"}],"wp:attachment":[{"href":"https:\/\/www.medellin.gov.co\/es\/wp-json\/wp\/v2\/media?parent=451094"}],"wp:term":[{"taxonomy":"category","embeddable":true,"href":"https:\/\/www.medellin.gov.co\/es\/wp-json\/wp\/v2\/categories?post=451094"},{"taxonomy":"post_tag","embeddable":true,"href":"https:\/\/www.medellin.gov.co\/es\/wp-json\/wp\/v2\/tags?post=451094"},{"taxonomy":"formato_nota","embeddable":true,"href":"https:\/\/www.medellin.gov.co\/es\/wp-json\/wp\/v2\/formato_nota?post=451094"},{"taxonomy":"programas_tax","embeddable":true,"href":"https:\/\/www.medellin.gov.co\/es\/wp-json\/wp\/v2\/programas_tax?post=451094"}],"curies":[{"name":"wp","href":"https:\/\/api.w.org\/{rel}","templated":true}]}}