{"id":451187,"date":"2025-09-04T15:09:29","date_gmt":"2025-09-04T20:09:29","guid":{"rendered":"https:\/\/www.medellin.gov.co\/es\/?p=451187"},"modified":"2025-09-04T15:09:29","modified_gmt":"2025-09-04T20:09:29","slug":"medellin-recibira-el-festival-internacional-fotosintesis-2025-eco-existencias-arte-ciencia-y-tecnologia","status":"publish","type":"post","link":"https:\/\/www.medellin.gov.co\/es\/sala-de-prensa\/noticias\/medellin-recibira-el-festival-internacional-fotosintesis-2025-eco-existencias-arte-ciencia-y-tecnologia\/","title":{"rendered":"\u00a0Medell\u00edn recibir\u00e1 el Festival Internacional Fotos\u00edntesis 2025: Eco existencias arte, ciencia y tecnolog\u00eda"},"content":{"rendered":"<ul>\n<li>Del 2 al 5 de octubre participar\u00e1n 70 invitados nacionales e internacionales, provenientes de 14 pa\u00edses, en 52 eventos distribuidos en 15 sedes.<\/li>\n<li>Este evento es organizado por la Alcald\u00eda, Parque Explora con aliados como Comfama y \u00c1rea Metropolitana del Valle de Aburr\u00e1, tiene entrada libre, con registro previo, algunas actividades.<\/li>\n<\/ul>\n<!--[if lt IE 9]><script>document.createElement('audio');<\/script><![endif]-->\n\t<div class=\"wp-playlist wp-audio-playlist wp-playlist-light\">\n\t\t\t<div class=\"wp-playlist-current-item\"><\/div>\n\t\t<audio controls=\"controls\" preload=\"none\" width=\"640\"\n\t\t\t><\/audio>\n\t<div class=\"wp-playlist-next\"><\/div>\n\t<div class=\"wp-playlist-prev\"><\/div>\n\t<noscript>\n\t<ol>\n\t\t<li><a href='https:\/\/www.medellin.gov.co\/es\/wp-content\/uploads\/2025\/09\/Declaraciones-del-director-ejecutivo-del-Parque-Explora-Andres-Roldan.mp3'>Declaraciones del director ejecutivo del Parque Explora, Andr\u00e9s Rold\u00e1n<\/a><\/li><li><a href='https:\/\/www.medellin.gov.co\/es\/wp-content\/uploads\/2025\/09\/Declaraciones-del-secretario-de-Cultura-Ciudadana-Santiago-Silva.mp3'>Declaraciones del secretario de Cultura Ciudadana, Santiago Silva<\/a><\/li>\t<\/ol>\n\t<\/noscript>\n\t<script type=\"application\/json\" class=\"wp-playlist-script\">{\"type\":\"audio\",\"tracklist\":true,\"tracknumbers\":true,\"images\":true,\"artists\":true,\"tracks\":[{\"src\":\"https:\\\/\\\/www.medellin.gov.co\\\/es\\\/wp-content\\\/uploads\\\/2025\\\/09\\\/Declaraciones-del-director-ejecutivo-del-Parque-Explora-Andres-Roldan.mp3\",\"type\":\"audio\\\/mpeg\",\"title\":\"Declaraciones del director ejecutivo del Parque Explora, Andr\\u00e9s Rold\\u00e1n\",\"caption\":\"\",\"description\":\"\\u00abDeclaraciones del director ejecutivo del Parque Explora, Andr\\u00e9s Rold\\u00e1n\\u00bb. \",\"meta\":{\"genre\":\"Blues\",\"length_formatted\":\"0:44\"},\"image\":{\"src\":\"https:\\\/\\\/www.medellin.gov.co\\\/es\\\/wp-includes\\\/images\\\/media\\\/audio.png\",\"width\":48,\"height\":64},\"thumb\":{\"src\":\"https:\\\/\\\/www.medellin.gov.co\\\/es\\\/wp-includes\\\/images\\\/media\\\/audio.png\",\"width\":48,\"height\":64}},{\"src\":\"https:\\\/\\\/www.medellin.gov.co\\\/es\\\/wp-content\\\/uploads\\\/2025\\\/09\\\/Declaraciones-del-secretario-de-Cultura-Ciudadana-Santiago-Silva.mp3\",\"type\":\"audio\\\/mpeg\",\"title\":\"Declaraciones del secretario de Cultura Ciudadana, Santiago Silva\",\"caption\":\"\",\"description\":\"\\u00abDeclaraciones del secretario de Cultura Ciudadana, Santiago Silva\\u00bb. \",\"meta\":{\"genre\":\"Blues\",\"length_formatted\":\"0:46\"},\"image\":{\"src\":\"https:\\\/\\\/www.medellin.gov.co\\\/es\\\/wp-includes\\\/images\\\/media\\\/audio.png\",\"width\":48,\"height\":64},\"thumb\":{\"src\":\"https:\\\/\\\/www.medellin.gov.co\\\/es\\\/wp-includes\\\/images\\\/media\\\/audio.png\",\"width\":48,\"height\":64}}]}<\/script>\n<\/div>\n\t\n<p>Artistas, autores y cient\u00edficos de Colombia, Alemania, Argentina, Australia, B\u00e9lgica, Chile, Costa Rica, Ecuador, Eslovenia, Espa\u00f1a, Francia, M\u00e9xico, Taiw\u00e1n y Per\u00fa se encuentran en Medell\u00edn en el Festival Internacional Fotos\u00edntesis, una convergencia de saberes, sensibilidades y t\u00e9cnicas que re\u00fanen pr\u00e1cticas art\u00edsticas, pensamiento cient\u00edfico y tecnolog\u00edas emergentes alrededor de la idea de eco existir. El evento ser\u00e1 del jueves 2 al domingo 5 de octubre, con entrada libre.<\/p>\n<p>La exposici\u00f3n central del festival en el Parque Explora es Eco existencias, que re\u00fane a 24 artistas nacionales e internacionales. Entre ellos se destacan After the End, de Liam Young (Australia), un corto digital que imagina futuros sostenibles tras siglos de explotaci\u00f3n de recursos; y Plantas Autofotosint\u00e9ticas, de Gilberto Esparza (M\u00e9xico), una instalaci\u00f3n viva de microorganismos capaces de generar energ\u00eda y mejorar la calidad del agua.<\/p>\n<p>Tambi\u00e9n participa la colombiana Clemencia Echeverri con Fiebre, una obra de video y fotograf\u00eda en tres proyecciones simult\u00e1neas que aborda las amenazas del cambio clim\u00e1tico, centrada en los p\u00e1ramos, los frailejones, los incendios forestales y sus efectos en los ciclos del agua.<\/p>\n<p><a href=\"https:\/\/www.medellin.gov.co\/es\/wp-content\/uploads\/2025\/09\/Imagen-de-personas-con-gafas-de-realidad-virtual.jpg\" target=\"_blank\" rel=\"noopener\"><img loading=\"lazy\" class=\"alignnone wp-image-451231 size-full\" src=\"https:\/\/www.medellin.gov.co\/es\/wp-content\/uploads\/2025\/09\/Imagen-de-personas-con-gafas-de-realidad-virtual.jpg\" alt=\"Imagen de personas con gafas de realidad virtual\" width=\"1013\" height=\"760\" srcset=\"https:\/\/www.medellin.gov.co\/es\/wp-content\/uploads\/2025\/09\/Imagen-de-personas-con-gafas-de-realidad-virtual.jpg 1013w, https:\/\/www.medellin.gov.co\/es\/wp-content\/uploads\/2025\/09\/Imagen-de-personas-con-gafas-de-realidad-virtual-300x225.jpg 300w, https:\/\/www.medellin.gov.co\/es\/wp-content\/uploads\/2025\/09\/Imagen-de-personas-con-gafas-de-realidad-virtual-150x113.jpg 150w, https:\/\/www.medellin.gov.co\/es\/wp-content\/uploads\/2025\/09\/Imagen-de-personas-con-gafas-de-realidad-virtual-768x576.jpg 768w\" sizes=\"(max-width: 1013px) 100vw, 1013px\" \/><\/a><\/p>\n<p>Este festival es una plataforma cient\u00edfica y art\u00edstica, puente entre pa\u00edses, territorios y disciplinas con conversaciones sobre creatividad y apropiaci\u00f3n del conocimiento, es as\u00ed como el director ejecutivo del Parque Explora, Andr\u00e9s Rold\u00e1n, coment\u00f3 que <em>\u201c<\/em>el arte y la ciencia necesitan m\u00faltiples lenguajes para conectarse con la sociedad. A trav\u00e9s de la tecnolog\u00eda, podemos desplegar la creatividad de maneras distintas, abrir conversaciones cr\u00edticas y construir nuevas formas de comprender el mundo<em>.\u201d <\/em><\/p>\n<p>En Medell\u00edn, por primera vez, organizaciones culturales, p\u00fablicas, privadas y\u00a0educativas se unen para dar vida a un festival que integra arte, ciencia e innovaci\u00f3n en el coraz\u00f3n de la zona norte de la ciudad.<\/p>\n<p>El secretario de Cultura Ciudadana, Santiago Silva, explic\u00f3 la importancia de estas alianzas: <em>\u201cNos unimos a esta iniciativa en la zona norte de Medell\u00edn y a fortalecer al CTI, un espacio donde la biodiversidad, la tecnolog\u00eda y la sociedad se encuentran para imaginar futuros m\u00e1s conscientes y responsables con la vida. Desde el distrito acompa\u00f1amos esta apuesta que impulsa la innovaci\u00f3n y fortalece el compromiso de Medell\u00edn como una ciudad que crea y se reinventa a trav\u00e9s de la cultura\u201d.<\/em><\/p>\n<p><a href=\"https:\/\/www.medellin.gov.co\/es\/wp-content\/uploads\/2025\/09\/Imagen-de-arte-en-un-salon.jpg\" target=\"_blank\" rel=\"noopener\"><img loading=\"lazy\" class=\"alignnone wp-image-451256 size-full\" src=\"https:\/\/www.medellin.gov.co\/es\/wp-content\/uploads\/2025\/09\/Imagen-de-arte-en-un-salon.jpg\" alt=\"Imagen de arte en un sal\u00f3n\" width=\"1134\" height=\"760\" srcset=\"https:\/\/www.medellin.gov.co\/es\/wp-content\/uploads\/2025\/09\/Imagen-de-arte-en-un-salon.jpg 1134w, https:\/\/www.medellin.gov.co\/es\/wp-content\/uploads\/2025\/09\/Imagen-de-arte-en-un-salon-300x201.jpg 300w, https:\/\/www.medellin.gov.co\/es\/wp-content\/uploads\/2025\/09\/Imagen-de-arte-en-un-salon-1024x686.jpg 1024w, https:\/\/www.medellin.gov.co\/es\/wp-content\/uploads\/2025\/09\/Imagen-de-arte-en-un-salon-150x101.jpg 150w, https:\/\/www.medellin.gov.co\/es\/wp-content\/uploads\/2025\/09\/Imagen-de-arte-en-un-salon-768x515.jpg 768w\" sizes=\"(max-width: 1134px) 100vw, 1134px\" \/><\/a><\/p>\n<p>El Festival Internacional Fotos\u00edntesis presenta adem\u00e1s, <em>Tecnolog\u00edas para el porvenir<\/em>, en Ruta N. La exposici\u00f3n re\u00fane el trabajo de seis artistas y dos colectivos latinoamericanos que exploran especulaciones cient\u00edficas y experiencias digitales emergentes. Adem\u00e1s, el Domo del Planetario de Medell\u00edn, el Centro de Desarrollo Cultural de Moravia y el Parque de los Deseos ser\u00e1n las sedes de conciertos en vivo, experiencias sonoras con proyecci\u00f3n <em>fulldome <\/em>y obras perform\u00e1ticas.<\/p>\n<p>Este evento hace parte de la gran Temporada Cultural Medell\u00edn de la Promotora Cultural de Antioquia, con actividades del 20 de septiembre al 5 de octubre, que reunir\u00e1 a m\u00e1s de 1.000 artistas nacionales e internacionales, 200 organizaciones culturales y 200 actividades abiertas en 50 escenarios simult\u00e1neos.<\/p>\n<p>Para m\u00e1s informaci\u00f3n e inscripciones a todos los eventos, visita el sitio oficial del <a href=\"https:\/\/www.festivalfotosintesis.co\/es\/schedules?day=JUEVES\" target=\"_blank\" rel=\"noopener\">Festival Internacional Fotos\u00edntesis<\/a>. Tambi\u00e9n puedes seguir las redes sociales de @parqueexplora y @cultura.med para conocer novedades y actualizaciones. Igualmente, los periodistas podr\u00e1n acreditarse en el siguiente enlace: <a href=\"https:\/\/docs.google.com\/forms\/d\/e\/1FAIpQLSeaZuFU2q-joaQGMKDunkPbIQXzgd1RB8d0iHJLvlshZt608Q\/viewform?usp=header\" target=\"_blank\" rel=\"noopener\">Acreditaci\u00f3n periodistas<\/a>.<\/p>\n","protected":false},"excerpt":{"rendered":"<p>Del 2 al 5 de octubre participar\u00e1n 70 invitados nacionales e internacionales, provenientes de 14 pa\u00edses, en 52 eventos distribuidos en 15 sedes. Este evento es organizado por la Alcald\u00eda, Parque Explora con aliados como &#8230;<\/p>\n","protected":false},"author":21,"featured_media":451226,"comment_status":"open","ping_status":"open","sticky":false,"template":"","format":"standard","meta":[],"categories":[31,17],"tags":[634,444,428],"formato_nota":[],"programas_tax":[],"acf":[],"_links":{"self":[{"href":"https:\/\/www.medellin.gov.co\/es\/wp-json\/wp\/v2\/posts\/451187"}],"collection":[{"href":"https:\/\/www.medellin.gov.co\/es\/wp-json\/wp\/v2\/posts"}],"about":[{"href":"https:\/\/www.medellin.gov.co\/es\/wp-json\/wp\/v2\/types\/post"}],"author":[{"embeddable":true,"href":"https:\/\/www.medellin.gov.co\/es\/wp-json\/wp\/v2\/users\/21"}],"replies":[{"embeddable":true,"href":"https:\/\/www.medellin.gov.co\/es\/wp-json\/wp\/v2\/comments?post=451187"}],"version-history":[{"count":1,"href":"https:\/\/www.medellin.gov.co\/es\/wp-json\/wp\/v2\/posts\/451187\/revisions"}],"predecessor-version":[{"id":451275,"href":"https:\/\/www.medellin.gov.co\/es\/wp-json\/wp\/v2\/posts\/451187\/revisions\/451275"}],"wp:featuredmedia":[{"embeddable":true,"href":"https:\/\/www.medellin.gov.co\/es\/wp-json\/wp\/v2\/media\/451226"}],"wp:attachment":[{"href":"https:\/\/www.medellin.gov.co\/es\/wp-json\/wp\/v2\/media?parent=451187"}],"wp:term":[{"taxonomy":"category","embeddable":true,"href":"https:\/\/www.medellin.gov.co\/es\/wp-json\/wp\/v2\/categories?post=451187"},{"taxonomy":"post_tag","embeddable":true,"href":"https:\/\/www.medellin.gov.co\/es\/wp-json\/wp\/v2\/tags?post=451187"},{"taxonomy":"formato_nota","embeddable":true,"href":"https:\/\/www.medellin.gov.co\/es\/wp-json\/wp\/v2\/formato_nota?post=451187"},{"taxonomy":"programas_tax","embeddable":true,"href":"https:\/\/www.medellin.gov.co\/es\/wp-json\/wp\/v2\/programas_tax?post=451187"}],"curies":[{"name":"wp","href":"https:\/\/api.w.org\/{rel}","templated":true}]}}