{"id":451293,"date":"2025-09-04T15:31:45","date_gmt":"2025-09-04T20:31:45","guid":{"rendered":"https:\/\/www.medellin.gov.co\/es\/?p=451293"},"modified":"2025-09-04T15:31:45","modified_gmt":"2025-09-04T20:31:45","slug":"expertos-internacionales-conocieron-de-cerca-el-modelo-de-atencion-integral-a-la-primera-infancia-de-medellin","status":"publish","type":"post","link":"https:\/\/www.medellin.gov.co\/es\/sala-de-prensa\/noticias\/expertos-internacionales-conocieron-de-cerca-el-modelo-de-atencion-integral-a-la-primera-infancia-de-medellin\/","title":{"rendered":"Expertos internacionales conocieron de cerca el modelo de atenci\u00f3n integral a la primera infancia de Medell\u00edn"},"content":{"rendered":"<ul>\n<li>Ponentes del XI Congreso Internacional Buen Comienzo Medell\u00edn Te Quiere visitaron el Jard\u00edn Infantil Altavista, una de las sedes del programa.<\/li>\n<li>El recorrido estuvo acompa\u00f1ado por la primera dama, Margarita Mar\u00eda G\u00f3mez, y la directora de Buen Comienzo, Diana Carmona.<\/li>\n<li>Los visitantes destacaron la integralidad del modelo, que articula nutrici\u00f3n, pedagog\u00eda, salud mental, juego y acompa\u00f1amiento a las familias.<\/li>\n<\/ul>\n<!--[if lt IE 9]><script>document.createElement('audio');<\/script><![endif]-->\n\t<div class=\"wp-playlist wp-audio-playlist wp-playlist-light\">\n\t\t\t<div class=\"wp-playlist-current-item\"><\/div>\n\t\t<audio controls=\"controls\" preload=\"none\" width=\"640\"\n\t\t\t><\/audio>\n\t<div class=\"wp-playlist-next\"><\/div>\n\t<div class=\"wp-playlist-prev\"><\/div>\n\t<noscript>\n\t<ol>\n\t\t<li><a href='https:\/\/www.medellin.gov.co\/es\/wp-content\/uploads\/2025\/09\/Declaraciones-de-la-primera-dama-Margarita-Maria-Gomez-1.mp3'>Declaraciones de la primera dama, Margarita Mar\u00eda G\u00f3mez<\/a><\/li><li><a href='https:\/\/www.medellin.gov.co\/es\/wp-content\/uploads\/2025\/09\/Declaraciones-de-la-directora-de-Buen-Comienzo-Diana-Carmona.mp3'>Declaraciones de la directora de Buen Comienzo, Diana Carmona<\/a><\/li><li><a href='https:\/\/www.medellin.gov.co\/es\/wp-content\/uploads\/2025\/09\/Declaraciones-de-Sebastian-Struck-escritor-mexicano-experto-en-autoconocimiento-y-bienestar-relacional-creador-y-director-de-Maestria-Emocional.mp3'>Declaraciones de Sebasti\u00e1n Struck, escritor mexicano, experto en autoconocimiento y bienestar relacional, creador y director de Maestr\u00eda Emocional<\/a><\/li>\t<\/ol>\n\t<\/noscript>\n\t<script type=\"application\/json\" class=\"wp-playlist-script\">{\"type\":\"audio\",\"tracklist\":true,\"tracknumbers\":true,\"images\":true,\"artists\":true,\"tracks\":[{\"src\":\"https:\\\/\\\/www.medellin.gov.co\\\/es\\\/wp-content\\\/uploads\\\/2025\\\/09\\\/Declaraciones-de-la-primera-dama-Margarita-Maria-Gomez-1.mp3\",\"type\":\"audio\\\/mpeg\",\"title\":\"Declaraciones de la primera dama, Margarita Mar\\u00eda G\\u00f3mez\",\"caption\":\"\",\"description\":\"\\u00abDeclaraciones de la primera dama, Margarita Mar\\u00eda G\\u00f3mez\\u00bb. \",\"meta\":{\"genre\":\"Blues\",\"length_formatted\":\"0:31\"},\"image\":{\"src\":\"https:\\\/\\\/www.medellin.gov.co\\\/es\\\/wp-includes\\\/images\\\/media\\\/audio.png\",\"width\":48,\"height\":64},\"thumb\":{\"src\":\"https:\\\/\\\/www.medellin.gov.co\\\/es\\\/wp-includes\\\/images\\\/media\\\/audio.png\",\"width\":48,\"height\":64}},{\"src\":\"https:\\\/\\\/www.medellin.gov.co\\\/es\\\/wp-content\\\/uploads\\\/2025\\\/09\\\/Declaraciones-de-la-directora-de-Buen-Comienzo-Diana-Carmona.mp3\",\"type\":\"audio\\\/mpeg\",\"title\":\"Declaraciones de la directora de Buen Comienzo, Diana Carmona\",\"caption\":\"\",\"description\":\"\\u00abDeclaraciones de la directora de Buen Comienzo, Diana Carmona\\u00bb.\",\"meta\":{\"genre\":\"Blues\",\"length_formatted\":\"0:47\"},\"image\":{\"src\":\"https:\\\/\\\/www.medellin.gov.co\\\/es\\\/wp-includes\\\/images\\\/media\\\/audio.png\",\"width\":48,\"height\":64},\"thumb\":{\"src\":\"https:\\\/\\\/www.medellin.gov.co\\\/es\\\/wp-includes\\\/images\\\/media\\\/audio.png\",\"width\":48,\"height\":64}},{\"src\":\"https:\\\/\\\/www.medellin.gov.co\\\/es\\\/wp-content\\\/uploads\\\/2025\\\/09\\\/Declaraciones-de-Sebastian-Struck-escritor-mexicano-experto-en-autoconocimiento-y-bienestar-relacional-creador-y-director-de-Maestria-Emocional.mp3\",\"type\":\"audio\\\/mpeg\",\"title\":\"Declaraciones de Sebasti\\u00e1n Struck, escritor mexicano, experto en autoconocimiento y bienestar relacional, creador y director de Maestr\\u00eda Emocional\",\"caption\":\"\",\"description\":\"\\u00abDeclaraciones de Sebasti\\u00e1n Struck, escritor mexicano, experto en autoconocimiento y bienestar relacional, creador y director de Maestr\\u00eda Emocional\\u00bb. G\\u00e9nero: Blues.\",\"meta\":{\"genre\":\"Blues\",\"length_formatted\":\"0:23\"},\"image\":{\"src\":\"https:\\\/\\\/www.medellin.gov.co\\\/es\\\/wp-includes\\\/images\\\/media\\\/audio.png\",\"width\":48,\"height\":64},\"thumb\":{\"src\":\"https:\\\/\\\/www.medellin.gov.co\\\/es\\\/wp-includes\\\/images\\\/media\\\/audio.png\",\"width\":48,\"height\":64}}]}<\/script>\n<\/div>\n\t\n<p>En el XI Congreso Internacional Buen Comienzo Medell\u00edn Te Quiere, expertos nacionales e internacionales en educaci\u00f3n inicial, salud mental y bienestar emocional conocieron de primera mano el modelo de atenci\u00f3n integral a la primera infancia que se desarrolla en la ciudad.<\/p>\n<p>El recorrido se realiz\u00f3 en el Jard\u00edn Infantil Altavista y fue liderado por la primera dama, Margarita Mar\u00eda G\u00f3mez, y la directora de Buen Comienzo, Diana Carmona, quienes presentaron los componentes pedag\u00f3gicos, nutricionales y psicosociales que forman parte de la estrategia y que hacen de este programa un referente.<\/p>\n<p><a href=\"https:\/\/www.medellin.gov.co\/es\/wp-content\/uploads\/2025\/09\/Imagen-de-Buen-Comienzo.jpg\" target=\"_blank\" rel=\"noopener\"><img loading=\"lazy\" class=\"alignnone wp-image-451254 size-full\" src=\"https:\/\/www.medellin.gov.co\/es\/wp-content\/uploads\/2025\/09\/Imagen-de-Buen-Comienzo.jpg\" alt=\"Imagen de Buen Comienzo\" width=\"1013\" height=\"760\" srcset=\"https:\/\/www.medellin.gov.co\/es\/wp-content\/uploads\/2025\/09\/Imagen-de-Buen-Comienzo.jpg 1013w, https:\/\/www.medellin.gov.co\/es\/wp-content\/uploads\/2025\/09\/Imagen-de-Buen-Comienzo-300x225.jpg 300w, https:\/\/www.medellin.gov.co\/es\/wp-content\/uploads\/2025\/09\/Imagen-de-Buen-Comienzo-150x113.jpg 150w, https:\/\/www.medellin.gov.co\/es\/wp-content\/uploads\/2025\/09\/Imagen-de-Buen-Comienzo-768x576.jpg 768w\" sizes=\"(max-width: 1013px) 100vw, 1013px\" \/><\/a><\/p>\n<p>Durante la visita, los ponentes recorrieron las salas de desarrollo, el comedor, la sala cuna, los espacios de juego al aire libre y los ambientes dise\u00f1ados para promover el v\u00ednculo familiar y la educaci\u00f3n emocional de ni\u00f1as y ni\u00f1os. All\u00ed conocieron c\u00f3mo equipos conformados por nutricionistas, pedagogas, psic\u00f3logos, auxiliares de enfermer\u00eda y docentes trabajan, de manera articulada, para garantizar una atenci\u00f3n integral.<\/p>\n<p>\u201c<em>Estos son los entornos seguros que la Alcald\u00eda de Medell\u00edn construye para su primera infancia, pensando en cada detalle de la infraestructura, el mobiliario y los materiales, pero, sobre todo, cuidando al talento humano calificado que con conocimiento y vocaci\u00f3n est\u00e1 al frente de la protecci\u00f3n de nuestras ni\u00f1as y ni\u00f1os<\/em>\u201d, explic\u00f3 la directora de Buen Comienzo, Diana Carmona.<\/p>\n<p><a href=\"https:\/\/www.medellin.gov.co\/es\/wp-content\/uploads\/2025\/09\/Imagen-de-la-primera-dama-con-dos-funcionarias-funcionarias.jpg\" target=\"_blank\" rel=\"noopener\"><img loading=\"lazy\" class=\"alignnone wp-image-451240 size-full\" src=\"https:\/\/www.medellin.gov.co\/es\/wp-content\/uploads\/2025\/09\/Imagen-de-la-primera-dama-con-dos-funcionarias-funcionarias.jpg\" alt=\"Imagen de la primera dama con dos funcionarias funcionarias\" width=\"1141\" height=\"760\" srcset=\"https:\/\/www.medellin.gov.co\/es\/wp-content\/uploads\/2025\/09\/Imagen-de-la-primera-dama-con-dos-funcionarias-funcionarias.jpg 1141w, https:\/\/www.medellin.gov.co\/es\/wp-content\/uploads\/2025\/09\/Imagen-de-la-primera-dama-con-dos-funcionarias-funcionarias-300x200.jpg 300w, https:\/\/www.medellin.gov.co\/es\/wp-content\/uploads\/2025\/09\/Imagen-de-la-primera-dama-con-dos-funcionarias-funcionarias-1024x682.jpg 1024w, https:\/\/www.medellin.gov.co\/es\/wp-content\/uploads\/2025\/09\/Imagen-de-la-primera-dama-con-dos-funcionarias-funcionarias-150x100.jpg 150w, https:\/\/www.medellin.gov.co\/es\/wp-content\/uploads\/2025\/09\/Imagen-de-la-primera-dama-con-dos-funcionarias-funcionarias-768x512.jpg 768w\" sizes=\"(max-width: 1141px) 100vw, 1141px\" \/><\/a><\/p>\n<p>El mexicano Sebasti\u00e1n Struck, escritor experto en autoconocimiento y bienestar relacional, creador y director de Maestr\u00eda Emocional, destac\u00f3 el impacto del modelo: \u201c<em>Ha sido incre\u00edble ver lo que est\u00e1n construyendo. Creo que es algo tan necesario. Soy un apasionado de la educaci\u00f3n y ver c\u00f3mo Medell\u00edn pone en el centro a la infancia y al bienestar de quienes cuidan, es realmente admirable. Solo me queda felicitarlos<\/em>\u201d.<\/p>\n<p>Por su parte, la primera dama, Margarita Mar\u00eda G\u00f3mez, subray\u00f3 la importancia de mostrarle al mundo esta experiencia: \u201cPara Medell\u00edn es un orgullo abrir las puertas de nuestros jardines infantiles y compartir lo que hemos construido como ciudad. No es solo infraestructura, es un modelo integral que reconoce a cada ni\u00f1a y ni\u00f1o en todas sus dimensiones. Pero es muy importante que los invitados conozcan el objetivo del evento y puedan nutrir sus ponencias\u201d.<\/p>\n<p>El XI Congreso Internacional Buen Comienzo Medell\u00edn Te Quiere continuar\u00e1 hasta el 5 de septiembre, en <a href=\"https:\/\/plazamayor.com.co\/\" target=\"_blank\" rel=\"noopener\">Plaza Mayor<\/a>, con conferencias y experiencias alrededor del ser y el bienestar emocional.<\/p>\n","protected":false},"excerpt":{"rendered":"<p>Ponentes del XI Congreso Internacional Buen Comienzo Medell\u00edn Te Quiere visitaron el Jard\u00edn Infantil Altavista, una de las sedes del programa. El recorrido estuvo acompa\u00f1ado por la primera dama, Margarita Mar\u00eda G\u00f3mez, y la directora &#8230;<\/p>\n","protected":false},"author":21,"featured_media":451238,"comment_status":"open","ping_status":"open","sticky":false,"template":"","format":"standard","meta":[],"categories":[4,533],"tags":[451,431,428],"formato_nota":[],"programas_tax":[],"acf":[],"_links":{"self":[{"href":"https:\/\/www.medellin.gov.co\/es\/wp-json\/wp\/v2\/posts\/451293"}],"collection":[{"href":"https:\/\/www.medellin.gov.co\/es\/wp-json\/wp\/v2\/posts"}],"about":[{"href":"https:\/\/www.medellin.gov.co\/es\/wp-json\/wp\/v2\/types\/post"}],"author":[{"embeddable":true,"href":"https:\/\/www.medellin.gov.co\/es\/wp-json\/wp\/v2\/users\/21"}],"replies":[{"embeddable":true,"href":"https:\/\/www.medellin.gov.co\/es\/wp-json\/wp\/v2\/comments?post=451293"}],"version-history":[{"count":1,"href":"https:\/\/www.medellin.gov.co\/es\/wp-json\/wp\/v2\/posts\/451293\/revisions"}],"predecessor-version":[{"id":451296,"href":"https:\/\/www.medellin.gov.co\/es\/wp-json\/wp\/v2\/posts\/451293\/revisions\/451296"}],"wp:featuredmedia":[{"embeddable":true,"href":"https:\/\/www.medellin.gov.co\/es\/wp-json\/wp\/v2\/media\/451238"}],"wp:attachment":[{"href":"https:\/\/www.medellin.gov.co\/es\/wp-json\/wp\/v2\/media?parent=451293"}],"wp:term":[{"taxonomy":"category","embeddable":true,"href":"https:\/\/www.medellin.gov.co\/es\/wp-json\/wp\/v2\/categories?post=451293"},{"taxonomy":"post_tag","embeddable":true,"href":"https:\/\/www.medellin.gov.co\/es\/wp-json\/wp\/v2\/tags?post=451293"},{"taxonomy":"formato_nota","embeddable":true,"href":"https:\/\/www.medellin.gov.co\/es\/wp-json\/wp\/v2\/formato_nota?post=451293"},{"taxonomy":"programas_tax","embeddable":true,"href":"https:\/\/www.medellin.gov.co\/es\/wp-json\/wp\/v2\/programas_tax?post=451293"}],"curies":[{"name":"wp","href":"https:\/\/api.w.org\/{rel}","templated":true}]}}