{"id":451295,"date":"2025-09-04T15:35:56","date_gmt":"2025-09-04T20:35:56","guid":{"rendered":"https:\/\/www.medellin.gov.co\/es\/?p=451295"},"modified":"2025-09-04T15:35:56","modified_gmt":"2025-09-04T20:35:56","slug":"nosotros-exigimos-resultados-pero-tambien-damos-las-herramientas-federico-gutierrez-entrega-dotacion-historica-a-la-policia","status":"publish","type":"post","link":"https:\/\/www.medellin.gov.co\/es\/sala-de-prensa\/noticias\/nosotros-exigimos-resultados-pero-tambien-damos-las-herramientas-federico-gutierrez-entrega-dotacion-historica-a-la-policia\/","title":{"rendered":"\u201cNosotros exigimos resultados, pero tambi\u00e9n damos las herramientas\u201d: Federico Guti\u00e9rrez entrega dotaci\u00f3n hist\u00f3rica a la Polic\u00eda"},"content":{"rendered":"<ul>\n<li>La nueva inversi\u00f3n en carros y motocicletas es superior a los $30.000 millones.<\/li>\n<li>La entrega incluye 471 motocicletas de diferentes cilindrajes y 33 autom\u00f3viles.<\/li>\n<li>Este esfuerzo hace parte de la renovaci\u00f3n estrat\u00e9gica del parque automotor para reacci\u00f3n,\u00a0presencia territorial e inteligencia operativa.<\/li>\n<\/ul>\n<!--[if lt IE 9]><script>document.createElement('audio');<\/script><![endif]-->\n\t<div class=\"wp-playlist wp-audio-playlist wp-playlist-light\">\n\t\t\t<div class=\"wp-playlist-current-item\"><\/div>\n\t\t<audio controls=\"controls\" preload=\"none\" width=\"640\"\n\t\t\t><\/audio>\n\t<div class=\"wp-playlist-next\"><\/div>\n\t<div class=\"wp-playlist-prev\"><\/div>\n\t<noscript>\n\t<ol>\n\t\t<li><a href='https:\/\/www.medellin.gov.co\/es\/wp-content\/uploads\/2025\/09\/Declaraciones-del-alcalde-de-Medellin-Federico-Gutierrez-01-1.mp3'>Declaraciones del alcalde de Medell\u00edn, Federico Guti\u00e9rrez 01<\/a><\/li><li><a href='https:\/\/www.medellin.gov.co\/es\/wp-content\/uploads\/2025\/09\/Declaraciones-del-alcalde-de-Medellin-Federico-Gutierrez-02-1.mp3'>Declaraciones del alcalde de Medell\u00edn, Federico Guti\u00e9rrez 02<\/a><\/li>\t<\/ol>\n\t<\/noscript>\n\t<script type=\"application\/json\" class=\"wp-playlist-script\">{\"type\":\"audio\",\"tracklist\":true,\"tracknumbers\":true,\"images\":true,\"artists\":true,\"tracks\":[{\"src\":\"https:\\\/\\\/www.medellin.gov.co\\\/es\\\/wp-content\\\/uploads\\\/2025\\\/09\\\/Declaraciones-del-alcalde-de-Medellin-Federico-Gutierrez-01-1.mp3\",\"type\":\"audio\\\/mpeg\",\"title\":\"Declaraciones del alcalde de Medell\\u00edn, Federico Guti\\u00e9rrez 01\",\"caption\":\"\",\"description\":\"\\u00abDeclaraciones del alcalde de Medell\\u00edn, Federico Guti\\u00e9rrez 01\\u00bb. \",\"meta\":{\"year\":\"1904\",\"length_formatted\":\"1:30\"},\"image\":{\"src\":\"https:\\\/\\\/www.medellin.gov.co\\\/es\\\/wp-includes\\\/images\\\/media\\\/audio.png\",\"width\":48,\"height\":64},\"thumb\":{\"src\":\"https:\\\/\\\/www.medellin.gov.co\\\/es\\\/wp-includes\\\/images\\\/media\\\/audio.png\",\"width\":48,\"height\":64}},{\"src\":\"https:\\\/\\\/www.medellin.gov.co\\\/es\\\/wp-content\\\/uploads\\\/2025\\\/09\\\/Declaraciones-del-alcalde-de-Medellin-Federico-Gutierrez-02-1.mp3\",\"type\":\"audio\\\/mpeg\",\"title\":\"Declaraciones del alcalde de Medell\\u00edn, Federico Guti\\u00e9rrez 02\",\"caption\":\"\",\"description\":\"\\u00abDeclaraciones del alcalde de Medell\\u00edn, Federico Guti\\u00e9rrez 02\\u00bb. \",\"meta\":{\"year\":\"1904\",\"length_formatted\":\"1:44\"},\"image\":{\"src\":\"https:\\\/\\\/www.medellin.gov.co\\\/es\\\/wp-includes\\\/images\\\/media\\\/audio.png\",\"width\":48,\"height\":64},\"thumb\":{\"src\":\"https:\\\/\\\/www.medellin.gov.co\\\/es\\\/wp-includes\\\/images\\\/media\\\/audio.png\",\"width\":48,\"height\":64}}]}<\/script>\n<\/div>\n\t\n<p>La Administraci\u00f3n Distrital entreg\u00f3 una cifra hist\u00f3rica en veh\u00edculos y motocicletas a la Polic\u00eda Metropolitana. Esta inversi\u00f3n supera los $30.000 millones y busca garantizar una capacidad de reacci\u00f3n m\u00e1s efectiva, mejorar la presencia institucional en el territorio y potenciar las acciones de inteligencia y control frente a la criminalidad.<\/p>\n<p>Este esfuerzo se enmarca en la estrategia integral de seguridad, orientada a combatir la ilegalidad con tecnolog\u00eda, movilidad y articulaci\u00f3n interinstitucional. La entrega incluye 471 motocicletas de diferentes cilindrajes y 33 autom\u00f3viles para labores de prevenci\u00f3n, reacci\u00f3n, inteligencia y judicializaci\u00f3n, asegurando as\u00ed que cada componente de la Polic\u00eda cuente con herramientas modernas y eficientes para su labor.<\/p>\n<p><a href=\"https:\/\/www.medellin.gov.co\/es\/wp-content\/uploads\/2025\/09\/Imagen-de-motos-de-policia.jpg\" target=\"_blank\" rel=\"noopener\"><img loading=\"lazy\" class=\"alignnone wp-image-451272 size-full\" src=\"https:\/\/www.medellin.gov.co\/es\/wp-content\/uploads\/2025\/09\/Imagen-de-motos-de-policia.jpg\" alt=\"Imagen de motos de polic\u00eda\" width=\"1280\" height=\"720\" srcset=\"https:\/\/www.medellin.gov.co\/es\/wp-content\/uploads\/2025\/09\/Imagen-de-motos-de-policia.jpg 1280w, https:\/\/www.medellin.gov.co\/es\/wp-content\/uploads\/2025\/09\/Imagen-de-motos-de-policia-300x169.jpg 300w, https:\/\/www.medellin.gov.co\/es\/wp-content\/uploads\/2025\/09\/Imagen-de-motos-de-policia-1024x576.jpg 1024w, https:\/\/www.medellin.gov.co\/es\/wp-content\/uploads\/2025\/09\/Imagen-de-motos-de-policia-150x84.jpg 150w, https:\/\/www.medellin.gov.co\/es\/wp-content\/uploads\/2025\/09\/Imagen-de-motos-de-policia-768x432.jpg 768w\" sizes=\"(max-width: 1280px) 100vw, 1280px\" \/><\/a><\/p>\n<p><em>\u201cLa seguridad de nuestra gente no tiene precio y, por eso, hoy entregamos, con orgullo y mucha esperanza, este parque automotor y estas capacidades a nuestra Polic\u00eda, para que siga haciendo un buen trabajo y reconocer esa labor que realizan cada d\u00eda. Nosotros exigimos resultados, pero tambi\u00e9n damos las herramientas<\/em>\u201d, dijo el alcalde de Medell\u00edn, Federico Guti\u00e9rrez Zuluaga.<\/p>\n<p>La renovaci\u00f3n del parque automotor responde a la diversificaci\u00f3n de los fen\u00f3menos delictivos que intentan afectar el orden en la ciudad. La movilidad de los uniformados y la efectividad en el control territorial resultaban limitadas por la antig\u00fcedad y desgaste de los equipos. Con esta inversi\u00f3n, Medell\u00edn asegura herramientas de \u00faltima tecnolog\u00eda para enfrentar delitos como el fleteo, la extorsi\u00f3n, el homicidio y el microtr\u00e1fico, fortaleciendo las operaciones en los sectores de mayor complejidad.<\/p>\n<p>\u201c<em>Me atrevo a asegurar que Medell\u00edn es la ciudad de Colombia que m\u00e1s le apuesta a la seguridad, cuando hablamos de recursos y presupuesto para darle herramientas a la Polic\u00eda. Aqu\u00ed no solo hay amor y cari\u00f1o por nuestras fuerzas militares, por la Polic\u00eda, por el Ej\u00e9rcito. Hay cari\u00f1o real y garant\u00edas para que puedan realizar su labor<\/em>\u201d, agreg\u00f3 el mandatario local.<\/p>\n\n\t\t<style type=\"text\/css\">\n\t\t\t#gallery-1 {\n\t\t\t\tmargin: auto;\n\t\t\t}\n\t\t\t#gallery-1 .gallery-item {\n\t\t\t\tfloat: left;\n\t\t\t\tmargin-top: 10px;\n\t\t\t\ttext-align: center;\n\t\t\t\twidth: 50%;\n\t\t\t}\n\t\t\t#gallery-1 img {\n\t\t\t\tborder: 2px solid #cfcfcf;\n\t\t\t}\n\t\t\t#gallery-1 .gallery-caption {\n\t\t\t\tmargin-left: 0;\n\t\t\t}\n\t\t\t\/* see gallery_shortcode() in wp-includes\/media.php *\/\n\t\t<\/style>\n\t\t<div id='gallery-1' class='gallery galleryid-451295 gallery-columns-2 gallery-size-full'><dl class='gallery-item'>\n\t\t\t<dt class='gallery-icon landscape'>\n\t\t\t\t<a href='https:\/\/www.medellin.gov.co\/es\/sala-de-prensa\/noticias\/medellin-recibira-el-festival-internacional-fotosintesis-2025-eco-existencias-arte-ciencia-y-tecnologia\/imagen-de-motos-nuevas-para-la-policia\/'><img width=\"1280\" height=\"720\" src=\"https:\/\/www.medellin.gov.co\/es\/wp-content\/uploads\/2025\/09\/Imagen-de-motos-nuevas-para-la-policia.jpg\" class=\"attachment-full size-full\" alt=\"Imagen de motos nuevas para la polic\u00eda\" loading=\"lazy\" srcset=\"https:\/\/www.medellin.gov.co\/es\/wp-content\/uploads\/2025\/09\/Imagen-de-motos-nuevas-para-la-policia.jpg 1280w, https:\/\/www.medellin.gov.co\/es\/wp-content\/uploads\/2025\/09\/Imagen-de-motos-nuevas-para-la-policia-300x169.jpg 300w, https:\/\/www.medellin.gov.co\/es\/wp-content\/uploads\/2025\/09\/Imagen-de-motos-nuevas-para-la-policia-1024x576.jpg 1024w, https:\/\/www.medellin.gov.co\/es\/wp-content\/uploads\/2025\/09\/Imagen-de-motos-nuevas-para-la-policia-150x84.jpg 150w, https:\/\/www.medellin.gov.co\/es\/wp-content\/uploads\/2025\/09\/Imagen-de-motos-nuevas-para-la-policia-768x432.jpg 768w\" sizes=\"(max-width: 1280px) 100vw, 1280px\" \/><\/a>\n\t\t\t<\/dt><\/dl><dl class='gallery-item'>\n\t\t\t<dt class='gallery-icon landscape'>\n\t\t\t\t<a href='https:\/\/www.medellin.gov.co\/es\/sala-de-prensa\/noticias\/medellin-recibira-el-festival-internacional-fotosintesis-2025-eco-existencias-arte-ciencia-y-tecnologia\/imagen-del-alcalde-con-policia\/'><img width=\"1280\" height=\"720\" src=\"https:\/\/www.medellin.gov.co\/es\/wp-content\/uploads\/2025\/09\/Imagen-del-Alcalde-con-policia.jpg\" class=\"attachment-full size-full\" alt=\"Imagen del Alcalde con polic\u00eda\" loading=\"lazy\" srcset=\"https:\/\/www.medellin.gov.co\/es\/wp-content\/uploads\/2025\/09\/Imagen-del-Alcalde-con-policia.jpg 1280w, https:\/\/www.medellin.gov.co\/es\/wp-content\/uploads\/2025\/09\/Imagen-del-Alcalde-con-policia-300x169.jpg 300w, https:\/\/www.medellin.gov.co\/es\/wp-content\/uploads\/2025\/09\/Imagen-del-Alcalde-con-policia-1024x576.jpg 1024w, https:\/\/www.medellin.gov.co\/es\/wp-content\/uploads\/2025\/09\/Imagen-del-Alcalde-con-policia-150x84.jpg 150w, https:\/\/www.medellin.gov.co\/es\/wp-content\/uploads\/2025\/09\/Imagen-del-Alcalde-con-policia-768x432.jpg 768w\" sizes=\"(max-width: 1280px) 100vw, 1280px\" \/><\/a>\n\t\t\t<\/dt><\/dl><br style=\"clear: both\" \/>\n\t\t<\/div>\n\n<p>Adicionalmente, se implementar\u00e1n procesos de capacitaci\u00f3n y actualizaci\u00f3n tecnol\u00f3gica para que cada veh\u00edculo y motocicleta sea utilizado de manera estrat\u00e9gica en labores de reacci\u00f3n, prevenci\u00f3n, patrullaje inteligente e investigaci\u00f3n.<\/p>\n<p>Este fortalecimiento operativo permitir\u00e1 acelerar la judicializaci\u00f3n de los integrantes de estructuras criminales y garantizar operaciones m\u00e1s precisas y efectivas en toda la ciudad.<\/p>\n<p>\u201c<em>La seguridad no puede ser un discurso, tiene que ser con hechos, con presupuesto y con apoyo real a nuestra Fuerza P\u00fablica. Vamos a entregar motos al Ej\u00e9rcito; a nuestra Polic\u00eda, otra tanda de motocicletas de alto cilindraje para grupos especiales y lucha contra el crimen en los barrios. Viene la construcci\u00f3n del Centro de Comando Integrado, un centro de inteligencia para Medell\u00edn con toda la tecnolog\u00eda y una inversi\u00f3n superior a los $320.000 millones. No le discuto nunca al ciudadano que reclama por mayor seguridad. Tiene raz\u00f3n, y nosotros tenemos que dar las herramientas<\/em>\u201d, concluy\u00f3 Guti\u00e9rrez Zuluaga.<\/p>\n","protected":false},"excerpt":{"rendered":"<p>La nueva inversi\u00f3n en carros y motocicletas es superior a los $30.000 millones. La entrega incluye 471 motocicletas de diferentes cilindrajes y 33 autom\u00f3viles. Este esfuerzo hace parte de la renovaci\u00f3n estrat\u00e9gica del parque automotor &#8230;<\/p>\n","protected":false},"author":21,"featured_media":451229,"comment_status":"open","ping_status":"open","sticky":false,"template":"","format":"standard","meta":[],"categories":[21],"tags":[619],"formato_nota":[],"programas_tax":[],"acf":[],"_links":{"self":[{"href":"https:\/\/www.medellin.gov.co\/es\/wp-json\/wp\/v2\/posts\/451295"}],"collection":[{"href":"https:\/\/www.medellin.gov.co\/es\/wp-json\/wp\/v2\/posts"}],"about":[{"href":"https:\/\/www.medellin.gov.co\/es\/wp-json\/wp\/v2\/types\/post"}],"author":[{"embeddable":true,"href":"https:\/\/www.medellin.gov.co\/es\/wp-json\/wp\/v2\/users\/21"}],"replies":[{"embeddable":true,"href":"https:\/\/www.medellin.gov.co\/es\/wp-json\/wp\/v2\/comments?post=451295"}],"version-history":[{"count":1,"href":"https:\/\/www.medellin.gov.co\/es\/wp-json\/wp\/v2\/posts\/451295\/revisions"}],"predecessor-version":[{"id":451297,"href":"https:\/\/www.medellin.gov.co\/es\/wp-json\/wp\/v2\/posts\/451295\/revisions\/451297"}],"wp:featuredmedia":[{"embeddable":true,"href":"https:\/\/www.medellin.gov.co\/es\/wp-json\/wp\/v2\/media\/451229"}],"wp:attachment":[{"href":"https:\/\/www.medellin.gov.co\/es\/wp-json\/wp\/v2\/media?parent=451295"}],"wp:term":[{"taxonomy":"category","embeddable":true,"href":"https:\/\/www.medellin.gov.co\/es\/wp-json\/wp\/v2\/categories?post=451295"},{"taxonomy":"post_tag","embeddable":true,"href":"https:\/\/www.medellin.gov.co\/es\/wp-json\/wp\/v2\/tags?post=451295"},{"taxonomy":"formato_nota","embeddable":true,"href":"https:\/\/www.medellin.gov.co\/es\/wp-json\/wp\/v2\/formato_nota?post=451295"},{"taxonomy":"programas_tax","embeddable":true,"href":"https:\/\/www.medellin.gov.co\/es\/wp-json\/wp\/v2\/programas_tax?post=451295"}],"curies":[{"name":"wp","href":"https:\/\/api.w.org\/{rel}","templated":true}]}}