{"id":451764,"date":"2025-09-05T17:44:28","date_gmt":"2025-09-05T22:44:28","guid":{"rendered":"https:\/\/www.medellin.gov.co\/es\/?p=451764"},"modified":"2025-09-05T17:44:28","modified_gmt":"2025-09-05T22:44:28","slug":"si-petro-impide-que-alcaldes-salgamos-del-pais-se-graduaria-de-dictador-federico-gutierrez-sobre-agenda-en-ee-uu","status":"publish","type":"post","link":"https:\/\/www.medellin.gov.co\/es\/sala-de-prensa\/noticias\/si-petro-impide-que-alcaldes-salgamos-del-pais-se-graduaria-de-dictador-federico-gutierrez-sobre-agenda-en-ee-uu\/","title":{"rendered":"\u201cSi Petro impide que alcaldes salgamos del pa\u00eds, se graduar\u00eda de dictador\u201d: Federico Guti\u00e9rrez sobre agenda en EE. UU."},"content":{"rendered":"<ul>\n<li>Cinco mandatarios de ciudades de Colombia, Medell\u00edn, Bogot\u00e1, Cali, Barranquilla y Cartagena, sostendr\u00e1n reuniones con el Departamento de Estado y congresistas de ese pa\u00eds, entre el 8 y 9 de septiembre.<\/li>\n<li>El prop\u00f3sito de los encuentros es evitar la descertificaci\u00f3n en la lucha contra las drogas. \u201cEsta visita es por y para Colombia\u201d, dijo el alcalde.<\/li>\n<\/ul>\n<!--[if lt IE 9]><script>document.createElement('audio');<\/script><![endif]-->\n\t<div class=\"wp-playlist wp-audio-playlist wp-playlist-light\">\n\t\t\t<div class=\"wp-playlist-current-item\"><\/div>\n\t\t<audio controls=\"controls\" preload=\"none\" width=\"640\"\n\t\t\t><\/audio>\n\t<div class=\"wp-playlist-next\"><\/div>\n\t<div class=\"wp-playlist-prev\"><\/div>\n\t<noscript>\n\t<ol>\n\t\t<li><a href='https:\/\/www.medellin.gov.co\/es\/wp-content\/uploads\/2025\/09\/Declaraciones-del-alcalde-de-Medellin-Federico-Gutierrez-02-2.mp3'>Declaraciones del alcalde de Medell\u00edn, Federico Guti\u00e9rrez 02<\/a><\/li><li><a href='https:\/\/www.medellin.gov.co\/es\/wp-content\/uploads\/2025\/09\/Declaraciones-del-alcalde-de-Medellin-Federico-Gutierrez-03-1.mp3'>Declaraciones del alcalde de Medell\u00edn, Federico Guti\u00e9rrez 03<\/a><\/li>\t<\/ol>\n\t<\/noscript>\n\t<script type=\"application\/json\" class=\"wp-playlist-script\">{\"type\":\"audio\",\"tracklist\":true,\"tracknumbers\":true,\"images\":true,\"artists\":true,\"tracks\":[{\"src\":\"https:\\\/\\\/www.medellin.gov.co\\\/es\\\/wp-content\\\/uploads\\\/2025\\\/09\\\/Declaraciones-del-alcalde-de-Medellin-Federico-Gutierrez-02-2.mp3\",\"type\":\"audio\\\/mpeg\",\"title\":\"Declaraciones del alcalde de Medell\\u00edn, Federico Guti\\u00e9rrez 02\",\"caption\":\"\",\"description\":\"\\u00abDeclaraciones del alcalde de Medell\\u00edn, Federico Guti\\u00e9rrez 02\\u00bb. Lanzamiento: 1904.\",\"meta\":{\"year\":\"1904\",\"length_formatted\":\"3:03\"},\"image\":{\"src\":\"https:\\\/\\\/www.medellin.gov.co\\\/es\\\/wp-includes\\\/images\\\/media\\\/audio.png\",\"width\":48,\"height\":64},\"thumb\":{\"src\":\"https:\\\/\\\/www.medellin.gov.co\\\/es\\\/wp-includes\\\/images\\\/media\\\/audio.png\",\"width\":48,\"height\":64}},{\"src\":\"https:\\\/\\\/www.medellin.gov.co\\\/es\\\/wp-content\\\/uploads\\\/2025\\\/09\\\/Declaraciones-del-alcalde-de-Medellin-Federico-Gutierrez-03-1.mp3\",\"type\":\"audio\\\/mpeg\",\"title\":\"Declaraciones del alcalde de Medell\\u00edn, Federico Guti\\u00e9rrez 03\",\"caption\":\"\",\"description\":\"\\u00abDeclaraciones del alcalde de Medell\\u00edn, Federico Guti\\u00e9rrez 03\\u00bb.\",\"meta\":{\"year\":\"1904\",\"length_formatted\":\"6:03\"},\"image\":{\"src\":\"https:\\\/\\\/www.medellin.gov.co\\\/es\\\/wp-includes\\\/images\\\/media\\\/audio.png\",\"width\":48,\"height\":64},\"thumb\":{\"src\":\"https:\\\/\\\/www.medellin.gov.co\\\/es\\\/wp-includes\\\/images\\\/media\\\/audio.png\",\"width\":48,\"height\":64}}]}<\/script>\n<\/div>\n\t\n<p>El alcalde de Medell\u00edn, Federico Guti\u00e9rrez Zuluaga, asegur\u00f3 que los mandatarios locales est\u00e1n trabajando para corregir los efectos de las decisiones nacionales que afectan a las regiones y reiter\u00f3 que no necesitan permiso del presidente, Gustavo Petro, para defender los intereses de Colombia en el exterior.<\/p>\n<p>Junto al alcalde Federico Guti\u00e9rrez, tambi\u00e9n viajar\u00e1n a Washington, los mandatarios de Bogot\u00e1, Cali, Barranquilla y Cartagena donde desarrollar\u00e1n una agenda de reuniones con representantes del Departamento de Estado y congresistas republicanos y dem\u00f3cratas, entre el 8 y 9 de septiembre, para evitar que el pa\u00eds sea descertificado en la lucha contra las drogas.<\/p>\n<p>Guti\u00e9rrez Zuluaga destac\u00f3 la hist\u00f3rica relaci\u00f3n bipartidista entre Colombia y Estados Unidos, y sostuvo que la agenda de los alcaldes en Washington busca fortalecer el apoyo internacional en tres frentes fundamentales: respaldo a la Fuerza P\u00fablica en la lucha contra el narcotr\u00e1fico y las estructuras criminales; protecci\u00f3n de la econom\u00eda y el empleo en el pa\u00eds; y mantener a Colombia como un aliado estrat\u00e9gico de Estados Unidos, m\u00e1s all\u00e1 de los 11 meses que le restan al actual Gobierno.<\/p>\n<p><a href=\"https:\/\/www.medellin.gov.co\/es\/wp-content\/uploads\/2025\/09\/Imagen-del-Alcalde-atendiendo-a-medios-de-comunicacion.jpg\" target=\"_blank\" rel=\"noopener\"><img loading=\"lazy\" class=\"alignnone wp-image-451746 size-full\" src=\"https:\/\/www.medellin.gov.co\/es\/wp-content\/uploads\/2025\/09\/Imagen-del-Alcalde-atendiendo-a-medios-de-comunicacion.jpg\" alt=\"Imagen del Alcalde atendiendo a medios de comunicaci\u00f3n\" width=\"1141\" height=\"760\" data-wp-editing=\"1\" srcset=\"https:\/\/www.medellin.gov.co\/es\/wp-content\/uploads\/2025\/09\/Imagen-del-Alcalde-atendiendo-a-medios-de-comunicacion.jpg 1141w, https:\/\/www.medellin.gov.co\/es\/wp-content\/uploads\/2025\/09\/Imagen-del-Alcalde-atendiendo-a-medios-de-comunicacion-300x200.jpg 300w, https:\/\/www.medellin.gov.co\/es\/wp-content\/uploads\/2025\/09\/Imagen-del-Alcalde-atendiendo-a-medios-de-comunicacion-1024x682.jpg 1024w, https:\/\/www.medellin.gov.co\/es\/wp-content\/uploads\/2025\/09\/Imagen-del-Alcalde-atendiendo-a-medios-de-comunicacion-150x100.jpg 150w, https:\/\/www.medellin.gov.co\/es\/wp-content\/uploads\/2025\/09\/Imagen-del-Alcalde-atendiendo-a-medios-de-comunicacion-768x512.jpg 768w\" sizes=\"(max-width: 1141px) 100vw, 1141px\" \/><\/a><\/p>\n<p>As\u00ed mismo, aclar\u00f3 que hay un riesgo de desertificaci\u00f3n para Colombia y que la misi\u00f3n de los alcaldes es tratar de mitigarlo, adem\u00e1s de garantizar que permanezca el apoyo a la Fuerza P\u00fablica en el combate contra las estructuras criminales.<\/p>\n<p>\u201c<em>El presidente cada vez habla m\u00e1s como un dictador. Nosotros, los alcaldes, estamos dedicados a arreglar el desastre que \u00e9l est\u00e1 generando. Defendemos a Colombia. Estados Unidos ha sido un aliado estrat\u00e9gico. Llevamos un mensaje totalmente diferente al de \u00e9l. Mientras Petro se al\u00eda con Maduro, nosotros nos aliamos con un gobierno y un pa\u00eds que ha sido hist\u00f3ricamente amigo de Colombia. Yo voy como representante de Medell\u00edn. Claro que no vamos como representante del \u00f3rgano nacional<\/em>\u201d, puntualiz\u00f3 Guti\u00e9rrez.<\/p>\n<p>El alcalde precis\u00f3 que las reuniones que se llevar\u00e1n a cabo fueron gestionadas con contactos de cada mandatario y, en gran parte, con la <a href=\"https:\/\/co.usembassy.gov\/es\/\" target=\"_blank\" rel=\"noopener\">embajada de Estados Unidos.<\/a> \u201cLa agenda est\u00e1 confirmada lunes, martes y parte del mi\u00e9rcoles. Vamos a llevar esa voz. A hacer esta agenda muy bien por Colombia\u201d, agreg\u00f3.<\/p>\n<p>Frente a las declaraciones del presidente Petro, en las que desautoriza al grupo de mandatarios para sostener esta agenda, el alcalde fue enf\u00e1tico: \u201c\u00bfQu\u00e9 pretende ahora, impedir que salgamos del pa\u00eds? Si lo hace, se estar\u00eda graduando como dictador. Esta visita es por y para Colombia. \u00bfQu\u00e9 va a hacer? \u00bfSer\u00e1 que ya dio la orden, entonces, en Migraci\u00f3n que no podemos salir?\u201d.<\/p>\n","protected":false},"excerpt":{"rendered":"<p>Cinco mandatarios de ciudades de Colombia, Medell\u00edn, Bogot\u00e1, Cali, Barranquilla y Cartagena, sostendr\u00e1n reuniones con el Departamento de Estado y congresistas de ese pa\u00eds, entre el 8 y 9 de septiembre. El prop\u00f3sito de los &#8230;<\/p>\n","protected":false},"author":21,"featured_media":451746,"comment_status":"open","ping_status":"open","sticky":false,"template":"","format":"standard","meta":[],"categories":[293,26],"tags":[455],"formato_nota":[],"programas_tax":[],"acf":[],"_links":{"self":[{"href":"https:\/\/www.medellin.gov.co\/es\/wp-json\/wp\/v2\/posts\/451764"}],"collection":[{"href":"https:\/\/www.medellin.gov.co\/es\/wp-json\/wp\/v2\/posts"}],"about":[{"href":"https:\/\/www.medellin.gov.co\/es\/wp-json\/wp\/v2\/types\/post"}],"author":[{"embeddable":true,"href":"https:\/\/www.medellin.gov.co\/es\/wp-json\/wp\/v2\/users\/21"}],"replies":[{"embeddable":true,"href":"https:\/\/www.medellin.gov.co\/es\/wp-json\/wp\/v2\/comments?post=451764"}],"version-history":[{"count":1,"href":"https:\/\/www.medellin.gov.co\/es\/wp-json\/wp\/v2\/posts\/451764\/revisions"}],"predecessor-version":[{"id":451765,"href":"https:\/\/www.medellin.gov.co\/es\/wp-json\/wp\/v2\/posts\/451764\/revisions\/451765"}],"wp:featuredmedia":[{"embeddable":true,"href":"https:\/\/www.medellin.gov.co\/es\/wp-json\/wp\/v2\/media\/451746"}],"wp:attachment":[{"href":"https:\/\/www.medellin.gov.co\/es\/wp-json\/wp\/v2\/media?parent=451764"}],"wp:term":[{"taxonomy":"category","embeddable":true,"href":"https:\/\/www.medellin.gov.co\/es\/wp-json\/wp\/v2\/categories?post=451764"},{"taxonomy":"post_tag","embeddable":true,"href":"https:\/\/www.medellin.gov.co\/es\/wp-json\/wp\/v2\/tags?post=451764"},{"taxonomy":"formato_nota","embeddable":true,"href":"https:\/\/www.medellin.gov.co\/es\/wp-json\/wp\/v2\/formato_nota?post=451764"},{"taxonomy":"programas_tax","embeddable":true,"href":"https:\/\/www.medellin.gov.co\/es\/wp-json\/wp\/v2\/programas_tax?post=451764"}],"curies":[{"name":"wp","href":"https:\/\/api.w.org\/{rel}","templated":true}]}}