{"id":451768,"date":"2025-09-05T17:51:46","date_gmt":"2025-09-05T22:51:46","guid":{"rendered":"https:\/\/www.medellin.gov.co\/es\/?p=451768"},"modified":"2025-09-05T17:51:46","modified_gmt":"2025-09-05T22:51:46","slug":"27-mil-personas-correran-la-maraton-medellin-este-fin-de-semana","status":"publish","type":"post","link":"https:\/\/www.medellin.gov.co\/es\/sala-de-prensa\/noticias\/27-mil-personas-correran-la-maraton-medellin-este-fin-de-semana\/","title":{"rendered":"27 mil personas correr\u00e1n la Marat\u00f3n Medell\u00edn este fin de semana"},"content":{"rendered":"<ul>\n<li>57.000 millones de pesos recibir\u00e1 la ciudad como parte de este gran evento deportivo que generar\u00e1 unos 2.500 empleos directos e indirectos.<\/li>\n<li>En Plaza Mayor, como antesala, se realizar\u00e1 la feria Expo Runners 2025, que reunir\u00e1 132 marcas nacionales e internacionales. Se esperan 40.000 visitantes.<\/li>\n<\/ul>\n<!--[if lt IE 9]><script>document.createElement('audio');<\/script><![endif]-->\n\t<div class=\"wp-playlist wp-audio-playlist wp-playlist-light\">\n\t\t\t<div class=\"wp-playlist-current-item\"><\/div>\n\t\t<audio controls=\"controls\" preload=\"none\" width=\"640\"\n\t\t\t><\/audio>\n\t<div class=\"wp-playlist-next\"><\/div>\n\t<div class=\"wp-playlist-prev\"><\/div>\n\t<noscript>\n\t<ol>\n\t\t<li><a href='https:\/\/www.medellin.gov.co\/es\/wp-content\/uploads\/2025\/09\/Declaraciones-de-la-secretaria-de-Desarrollo-Economico-Maria-Fernanda-Galeano-Rojo-1.mp3'>Declaraciones de la secretaria de Desarrollo Econ\u00f3mico, Mar\u00eda Fernanda Galeano Rojo<\/a><\/li><li><a href='https:\/\/www.medellin.gov.co\/es\/wp-content\/uploads\/2025\/09\/Declaraciones-del-director-de-la-carrera-Gustavo-Orozco.mp3'>Declaraciones del director de la carrera, Gustavo Orozco<\/a><\/li>\t<\/ol>\n\t<\/noscript>\n\t<script type=\"application\/json\" class=\"wp-playlist-script\">{\"type\":\"audio\",\"tracklist\":true,\"tracknumbers\":true,\"images\":true,\"artists\":true,\"tracks\":[{\"src\":\"https:\\\/\\\/www.medellin.gov.co\\\/es\\\/wp-content\\\/uploads\\\/2025\\\/09\\\/Declaraciones-de-la-secretaria-de-Desarrollo-Economico-Maria-Fernanda-Galeano-Rojo-1.mp3\",\"type\":\"audio\\\/mpeg\",\"title\":\"Declaraciones de la secretaria de Desarrollo Econ\\u00f3mico, Mar\\u00eda Fernanda Galeano Rojo\",\"caption\":\"\",\"description\":\"\\u00abDeclaraciones de la secretaria de Desarrollo Econ\\u00f3mico, Mar\\u00eda Fernanda Galeano Rojo\\u00bb. G\\u00e9nero: Blues.\",\"meta\":{\"genre\":\"Blues\",\"length_formatted\":\"0:30\"},\"image\":{\"src\":\"https:\\\/\\\/www.medellin.gov.co\\\/es\\\/wp-includes\\\/images\\\/media\\\/audio.png\",\"width\":48,\"height\":64},\"thumb\":{\"src\":\"https:\\\/\\\/www.medellin.gov.co\\\/es\\\/wp-includes\\\/images\\\/media\\\/audio.png\",\"width\":48,\"height\":64}},{\"src\":\"https:\\\/\\\/www.medellin.gov.co\\\/es\\\/wp-content\\\/uploads\\\/2025\\\/09\\\/Declaraciones-del-director-de-la-carrera-Gustavo-Orozco.mp3\",\"type\":\"audio\\\/mpeg\",\"title\":\"Declaraciones del director de la carrera, Gustavo Orozco\",\"caption\":\"\",\"description\":\"\\u00abDeclaraciones del director de la carrera, Gustavo Orozco\\u00bb. G\\u00e9nero: Blues.\",\"meta\":{\"genre\":\"Blues\",\"length_formatted\":\"0:38\"},\"image\":{\"src\":\"https:\\\/\\\/www.medellin.gov.co\\\/es\\\/wp-includes\\\/images\\\/media\\\/audio.png\",\"width\":48,\"height\":64},\"thumb\":{\"src\":\"https:\\\/\\\/www.medellin.gov.co\\\/es\\\/wp-includes\\\/images\\\/media\\\/audio.png\",\"width\":48,\"height\":64}}]}<\/script>\n<\/div>\n\t\n<p>Una vez m\u00e1s la ciudad se convierte en epicentro del deporte con una nueva edici\u00f3n de la Marat\u00f3n Medell\u00edn, en la que participar\u00e1n 27.000 corredores provenientes de 45 pa\u00edses, con presencia destacada de Ecuador, Venezuela, Panam\u00e1, Puerto Rico y Estados Unidos.<\/p>\n<p>Esta es una carrera de relevancia internacional que dinamiza la econom\u00eda y el turismo. En esta ocasi\u00f3n, se estima un impacto econ\u00f3mico que supere los 14 millones de d\u00f3lares, con efectos positivos en sectores como transporte, alimentaci\u00f3n, alojamiento, comercio deportivo y log\u00edstica, entre otros. \u201c<em>La Marat\u00f3n Medell\u00edn es un gran evento que se vive en las calles de nuestra ciudad, generando 2.500 empleos directos e indirectos. Nos complace recibir cert\u00e1menes como este, que fomentan el deporte, dinamizan la econom\u00eda local y proyectan a la ciudad a nivel internacional<\/em>\u201d, dijo la secretaria de Desarrollo Econ\u00f3mico, Mar\u00eda Fernanda Galeano Rojo.<\/p>\n<p><a href=\"https:\/\/www.medellin.gov.co\/es\/wp-content\/uploads\/2025\/09\/Imagen-de-corredor-de-la-Maraton-Medellin.jpg\" target=\"_blank\" rel=\"noopener\"><img loading=\"lazy\" class=\"alignnone wp-image-451752 size-full\" src=\"https:\/\/www.medellin.gov.co\/es\/wp-content\/uploads\/2025\/09\/Imagen-de-corredor-de-la-Maraton-Medellin.jpg\" alt=\"Imagen de corredor de la Marat\u00f3n Medell\u00edn\" width=\"1141\" height=\"760\" srcset=\"https:\/\/www.medellin.gov.co\/es\/wp-content\/uploads\/2025\/09\/Imagen-de-corredor-de-la-Maraton-Medellin.jpg 1141w, https:\/\/www.medellin.gov.co\/es\/wp-content\/uploads\/2025\/09\/Imagen-de-corredor-de-la-Maraton-Medellin-300x200.jpg 300w, https:\/\/www.medellin.gov.co\/es\/wp-content\/uploads\/2025\/09\/Imagen-de-corredor-de-la-Maraton-Medellin-1024x682.jpg 1024w, https:\/\/www.medellin.gov.co\/es\/wp-content\/uploads\/2025\/09\/Imagen-de-corredor-de-la-Maraton-Medellin-150x100.jpg 150w, https:\/\/www.medellin.gov.co\/es\/wp-content\/uploads\/2025\/09\/Imagen-de-corredor-de-la-Maraton-Medellin-768x512.jpg 768w\" sizes=\"(max-width: 1141px) 100vw, 1141px\" \/><\/a><\/p>\n<p>El s\u00e1bado 6 de septiembre, se correr\u00e1 una distancia de 5 kil\u00f3metros. El domingo 7, los trayectos tendr\u00e1n 10, 21 y 42 kil\u00f3metros. Entre los participantes se destacan 64 corredores \u00e9lite, de los cuales 13 son extranjeros y 51 colombianos.<\/p>\n<p>\u201c<em>La Marat\u00f3n Medell\u00edn no solo refleja la pasi\u00f3n que Colombia siente por este deporte, sino que proyecta al pa\u00eds y a la ciudad como un destino infaltable para los runners del mundo. Cada edici\u00f3n consolida nuestro papel en el escenario global de esta disciplina<\/em>\u201d, destac\u00f3 el director de la carrera, Gustavo Orozco.<\/p>\n<p><a href=\"https:\/\/www.medellin.gov.co\/es\/wp-content\/uploads\/2025\/09\/Imagen-de-corredores-de-maraton.jpg\" target=\"_blank\" rel=\"noopener\"><img loading=\"lazy\" class=\"alignnone wp-image-451751 size-full\" src=\"https:\/\/www.medellin.gov.co\/es\/wp-content\/uploads\/2025\/09\/Imagen-de-corredores-de-maraton.jpg\" alt=\"Imagen de corredores de marat\u00f3n\" width=\"1141\" height=\"760\" srcset=\"https:\/\/www.medellin.gov.co\/es\/wp-content\/uploads\/2025\/09\/Imagen-de-corredores-de-maraton.jpg 1141w, https:\/\/www.medellin.gov.co\/es\/wp-content\/uploads\/2025\/09\/Imagen-de-corredores-de-maraton-300x200.jpg 300w, https:\/\/www.medellin.gov.co\/es\/wp-content\/uploads\/2025\/09\/Imagen-de-corredores-de-maraton-1024x682.jpg 1024w, https:\/\/www.medellin.gov.co\/es\/wp-content\/uploads\/2025\/09\/Imagen-de-corredores-de-maraton-150x100.jpg 150w, https:\/\/www.medellin.gov.co\/es\/wp-content\/uploads\/2025\/09\/Imagen-de-corredores-de-maraton-768x512.jpg 768w\" sizes=\"(max-width: 1141px) 100vw, 1141px\" \/><\/a><\/p>\n<p>En los pabellones Blanco y Amarillo de Plaza Mayor, como previo, se har\u00e1 Expo Runners 2025, una feria que reunir\u00e1 132 marcas nacionales e internacionales y que espera recibir a m\u00e1s de 40.000 visitantes. Ser\u00e1 un espacio para generarnegocios y alianzas estrat\u00e9gicas entre marcas y atletas. Participar\u00e1n 10 emprendedores acompa\u00f1ados por los programas de la Alcald\u00eda de Medell\u00edn, de sectores de alimentos, fitness y deportes.<\/p>\n<p>La Marat\u00f3n Medell\u00edn implementar\u00e1 un plan log\u00edstico para los cierres viales que se dar\u00e1n este fin de semana, especialmente en el sector comprendido entre Parques del R\u00edo, Plaza Mayor, el Teatro Metropolitano y el edificio de EPM.<\/p>\n","protected":false},"excerpt":{"rendered":"<p>57.000 millones de pesos recibir\u00e1 la ciudad como parte de este gran evento deportivo que generar\u00e1 unos 2.500 empleos directos e indirectos. En Plaza Mayor, como antesala, se realizar\u00e1 la feria Expo Runners 2025, que &#8230;<\/p>\n","protected":false},"author":21,"featured_media":451747,"comment_status":"open","ping_status":"open","sticky":false,"template":"","format":"standard","meta":[],"categories":[3],"tags":[451,689,691],"formato_nota":[],"programas_tax":[],"acf":[],"_links":{"self":[{"href":"https:\/\/www.medellin.gov.co\/es\/wp-json\/wp\/v2\/posts\/451768"}],"collection":[{"href":"https:\/\/www.medellin.gov.co\/es\/wp-json\/wp\/v2\/posts"}],"about":[{"href":"https:\/\/www.medellin.gov.co\/es\/wp-json\/wp\/v2\/types\/post"}],"author":[{"embeddable":true,"href":"https:\/\/www.medellin.gov.co\/es\/wp-json\/wp\/v2\/users\/21"}],"replies":[{"embeddable":true,"href":"https:\/\/www.medellin.gov.co\/es\/wp-json\/wp\/v2\/comments?post=451768"}],"version-history":[{"count":1,"href":"https:\/\/www.medellin.gov.co\/es\/wp-json\/wp\/v2\/posts\/451768\/revisions"}],"predecessor-version":[{"id":451770,"href":"https:\/\/www.medellin.gov.co\/es\/wp-json\/wp\/v2\/posts\/451768\/revisions\/451770"}],"wp:featuredmedia":[{"embeddable":true,"href":"https:\/\/www.medellin.gov.co\/es\/wp-json\/wp\/v2\/media\/451747"}],"wp:attachment":[{"href":"https:\/\/www.medellin.gov.co\/es\/wp-json\/wp\/v2\/media?parent=451768"}],"wp:term":[{"taxonomy":"category","embeddable":true,"href":"https:\/\/www.medellin.gov.co\/es\/wp-json\/wp\/v2\/categories?post=451768"},{"taxonomy":"post_tag","embeddable":true,"href":"https:\/\/www.medellin.gov.co\/es\/wp-json\/wp\/v2\/tags?post=451768"},{"taxonomy":"formato_nota","embeddable":true,"href":"https:\/\/www.medellin.gov.co\/es\/wp-json\/wp\/v2\/formato_nota?post=451768"},{"taxonomy":"programas_tax","embeddable":true,"href":"https:\/\/www.medellin.gov.co\/es\/wp-json\/wp\/v2\/programas_tax?post=451768"}],"curies":[{"name":"wp","href":"https:\/\/api.w.org\/{rel}","templated":true}]}}