{"id":454534,"date":"2025-09-14T19:13:13","date_gmt":"2025-09-15T00:13:13","guid":{"rendered":"https:\/\/www.medellin.gov.co\/es\/?p=454534"},"modified":"2025-09-14T19:13:53","modified_gmt":"2025-09-15T00:13:53","slug":"creo-que-medellin-tiene-todo-para-ser-una-capital-mundial-del-libro-hiram-ruvalcaba","status":"publish","type":"post","link":"https:\/\/www.medellin.gov.co\/es\/sala-de-prensa\/noticias\/creo-que-medellin-tiene-todo-para-ser-una-capital-mundial-del-libro-hiram-ruvalcaba\/","title":{"rendered":"\u201cCreo que Medell\u00edn tiene todo para ser una Capital Mundial del Libro\u201d: Hiram Ruvalcaba"},"content":{"rendered":"<blockquote><p><em>Jalisco (M\u00e9xico) es el invitado de honor de la 19.\u00aa Fiesta del Libro y la Cultura de Medell\u00edn, que va hasta el domingo 21 de septiembre. En 2022, Guadalajara (Jalisco) fue nombrada Capital Mundial del Libro por la Unesco. Uno de los escritores que asistieron a la actual Fiesta del Libro de Medell\u00edn es Hiram Ruvalcaba. Tiene 37 a\u00f1os, naci\u00f3 en Zapotl\u00e1n el Grande (Jalisco) y es el padre de Josu\u00e9, de 6 a\u00f1os. Ha ganado varios premios nacionales, entre ellos el de Narrativa Mariano Azuela, Cuento Joven Comala, Cr\u00f3nica Joven Ricardo Garibay, el de Cuento Jos\u00e9 Alvarado y el de Cuento Agust\u00edn Y\u00e1\u00f1ez.<\/em><\/p><\/blockquote>\n<p><em>Es el autor de <\/em>Me negar\u00e1s tres veces, La noche sin nombre, Padres sin hijos, De cerca nadie es normal, Los ni\u00f1os del agua, Todo pueblo es cicatriz<em>, entre otras obras. Es narrador y traductor, licenciado en Letras Hisp\u00e1nicas, ingeniero ambiental y maestro en Estudios de Asia y \u00c1frica. Es profesor de la Universidad de Guadalajara en estas materias: Letras Hisp\u00e1nicas y Periodismo y en la Licenciatura en Escritura Creativa. Con \u00e9l conversamos en el <a href=\"https:\/\/www.instagram.com\/jardinbotanicodemedellin\/?hl=es\" target=\"_blank\" rel=\"noopener\">Jard\u00edn Bot\u00e1nico<\/a>, el escenario principal de la Fiesta del Libro y la Cultura.<\/em><\/p>\n<h4><strong>\u00bfQu\u00e9 origen tiene su nombre?<\/strong><\/h4>\n<p>\u201cTengo entendido que es persa; mi mam\u00e1 lo sac\u00f3 de la Biblia, definitivamente. Yo me llamo Marcos Hiram. Mi nombre siempre me ha parecido interesante, porque Marcos es el dios de la guerra, Marte. Hiram es una plegaria, quiere decir algo as\u00ed como el hermano Dios es grande. Hay una especie de dicotom\u00eda o de ox\u00edmoron ah\u00ed porque es como la guerra y la apreciaci\u00f3n o el agradecimiento divino. Y a m\u00ed me parec\u00eda un nombre bastante dif\u00edcil de aceptar, porque nadie lo sab\u00eda escribir bien. Me han dicho Ir\u00e1n, Irma\u2026 Pero conforme he crecido, me ha gustado mucho m\u00e1s y, bueno, me parece mucho m\u00e1s euf\u00f3nico, por eso al momento de hacer el nombre de pluma\u201d.<\/p>\n<p><div class=\"iframe-container\"><iframe title=\"YouTube video player\" src=\"https:\/\/www.youtube.com\/embed\/7bQlymVRaTE?si=fC1k3GYmSuv0kCFU\" width=\"100%\" height=\"350\" frameborder=\"0\" allowfullscreen=\"allowfullscreen\"><span data-mce-type=\"bookmark\" style=\"display: inline-block; width: 0px; overflow: hidden; line-height: 0;\" class=\"mce_SELRES_start\">\ufeff<\/span><\/iframe><\/div><\/p>\n<h6>Hiram Ruvalcaba, escritor mexicano que asisti\u00f3 a la Fiesta del Libro y la Cultura de Medell\u00edn en 2025.<\/h6>\n<h4><strong>\u00bfY nadie le dice Marcos?<\/strong><\/h4>\n<p>\u201cS\u00ed, mi familia. Tengo otro apodo que lo voy a decir, porque es muy mexicano: a m\u00ed me dicen Taco en casa y he sido el Taco toda la vida\u201d.<\/p>\n<div id=\"attachment_454537\" style=\"width: 970px\" class=\"wp-caption alignnone\"><img aria-describedby=\"caption-attachment-454537\" loading=\"lazy\" class=\"size-full wp-image-454537\" src=\"https:\/\/www.medellin.gov.co\/es\/wp-content\/uploads\/2025\/09\/Imagen-Capital-Mundial-del-Libro-ROJO.jpg\" alt=\"Imagen Capital Mundial del Libro ROJO\" width=\"960\" height=\"720\" srcset=\"https:\/\/www.medellin.gov.co\/es\/wp-content\/uploads\/2025\/09\/Imagen-Capital-Mundial-del-Libro-ROJO.jpg 960w, https:\/\/www.medellin.gov.co\/es\/wp-content\/uploads\/2025\/09\/Imagen-Capital-Mundial-del-Libro-ROJO-300x225.jpg 300w, https:\/\/www.medellin.gov.co\/es\/wp-content\/uploads\/2025\/09\/Imagen-Capital-Mundial-del-Libro-ROJO-150x113.jpg 150w, https:\/\/www.medellin.gov.co\/es\/wp-content\/uploads\/2025\/09\/Imagen-Capital-Mundial-del-Libro-ROJO-768x576.jpg 768w\" sizes=\"(max-width: 960px) 100vw, 960px\" \/><p id=\"caption-attachment-454537\" class=\"wp-caption-text\">El escritor mexicano Hiram Ruvalcaba naci\u00f3 en Zapotl\u00e1n el Grande (Jalisco).<\/p><\/div>\n<h4><strong>\u00bfCu\u00e1l cree que es el rol de la literatura en pa\u00edses como M\u00e9xico y Colombia, que sufren con el narcotr\u00e1fico y con conflictos sociales y armados?<\/strong><\/h4>\n<p>\u201cEl arte debe tener un compromiso con el tiempo que est\u00e1, digamos, viviendo el artista. No creo que sea algo que necesariamente hagan todos ni creo que sea un error no hacerlo, pero al menos yo, y la literatura que a m\u00ed me gusta, s\u00ed cumple esa funci\u00f3n. Yo creo que los escritores somos algo as\u00ed como cronistas de nuestro tiempo y nos alimentamos de las cosas que vivimos. Si lo que t\u00fa vives es violencia, entonces la violencia se manifiesta en tu literatura. Hay un fen\u00f3meno que ocurri\u00f3 hace algunos a\u00f1os de literatura sobre el narcotr\u00e1fico en M\u00e9xico. Hay una crisis de violencia estructural en todo el pa\u00eds. A m\u00ed no me ha gustado sumarme a solo hablar de violencia del narcotr\u00e1fico. La violencia del narco es importante, pero tambi\u00e9n creo que est\u00e1 en un nivel de la punta del iceberg, pr\u00e1cticamente. Lo que realmente me interesa es hablar de la violencia como un problema social que afecta a todas las estructuras: la familia, las amistades, relaciones entre vecinos, entre estudiantes y profesores. Es decir, la violencia permea todos los aspectos de la sociedad. La literatura tiene que preocuparse por plasmar estas situaciones, porque finalmente la labor de las instituciones es decir que todo est\u00e1 bien. Todo est\u00e1 bien, van para abajo los actos violentos, las cifras negativas, pero la labor del artista, del periodista tambi\u00e9n, es encontrar en qu\u00e9 aspectos es necesario trabajar, y yo, por ejemplo, considero que en Latinoam\u00e9rica \u2013 yo lo veo como si fuese un solo pa\u00eds \u2013 todos tenemos situaciones similares: el idioma pr\u00e1cticamente es el mismo en todos lados, la historia de los pa\u00edses latinoamericanos est\u00e1 llena de los mismos problemas: desaparecidos, narcotr\u00e1fico, colonizaci\u00f3n, recolonizaci\u00f3n, invasi\u00f3n norteamericana, qu\u00e9 s\u00e9 yo. Entonces, al hablar de mi experiencia como actor mexicano, yo empatizo mucho al leer autores colombianos, peruanos, chilenos, argentinos; me puedo reconocer en ellos. Yo leo, por ejemplo, lo que pas\u00f3 en la \u00e9poca de las Farc en Colombia y ahora vivo lo que est\u00e1 pasando en M\u00e9xico con el narco. Bueno, hay paralelismos inmediatamente reconocibles\u201d.<\/p>\n\n\t\t<style type=\"text\/css\">\n\t\t\t#gallery-1 {\n\t\t\t\tmargin: auto;\n\t\t\t}\n\t\t\t#gallery-1 .gallery-item {\n\t\t\t\tfloat: left;\n\t\t\t\tmargin-top: 10px;\n\t\t\t\ttext-align: center;\n\t\t\t\twidth: 50%;\n\t\t\t}\n\t\t\t#gallery-1 img {\n\t\t\t\tborder: 2px solid #cfcfcf;\n\t\t\t}\n\t\t\t#gallery-1 .gallery-caption {\n\t\t\t\tmargin-left: 0;\n\t\t\t}\n\t\t\t\/* see gallery_shortcode() in wp-includes\/media.php *\/\n\t\t<\/style>\n\t\t<div id='gallery-1' class='gallery galleryid-454534 gallery-columns-2 gallery-size-full'><dl class='gallery-item'>\n\t\t\t<dt class='gallery-icon landscape'>\n\t\t\t\t<a href='https:\/\/www.medellin.gov.co\/es\/sala-de-prensa\/noticias\/creo-que-medellin-tiene-todo-para-ser-una-capital-mundial-del-libro-hiram-ruvalcaba\/imagen-capital-mundial-del-libro-entrada\/'><img width=\"960\" height=\"720\" src=\"https:\/\/www.medellin.gov.co\/es\/wp-content\/uploads\/2025\/09\/Imagen-Capital-Mundial-del-Libro-ENTRADA.jpg\" class=\"attachment-full size-full\" alt=\"Imagen Capital Mundial del Libro ENTRADA\" loading=\"lazy\" srcset=\"https:\/\/www.medellin.gov.co\/es\/wp-content\/uploads\/2025\/09\/Imagen-Capital-Mundial-del-Libro-ENTRADA.jpg 960w, https:\/\/www.medellin.gov.co\/es\/wp-content\/uploads\/2025\/09\/Imagen-Capital-Mundial-del-Libro-ENTRADA-300x225.jpg 300w, https:\/\/www.medellin.gov.co\/es\/wp-content\/uploads\/2025\/09\/Imagen-Capital-Mundial-del-Libro-ENTRADA-150x113.jpg 150w, https:\/\/www.medellin.gov.co\/es\/wp-content\/uploads\/2025\/09\/Imagen-Capital-Mundial-del-Libro-ENTRADA-768x576.jpg 768w\" sizes=\"(max-width: 960px) 100vw, 960px\" \/><\/a>\n\t\t\t<\/dt><\/dl><dl class='gallery-item'>\n\t\t\t<dt class='gallery-icon landscape'>\n\t\t\t\t<a href='https:\/\/www.medellin.gov.co\/es\/sala-de-prensa\/noticias\/creo-que-medellin-tiene-todo-para-ser-una-capital-mundial-del-libro-hiram-ruvalcaba\/imagen-capital-mundial-del-libro-asistentes-1\/'><img width=\"960\" height=\"720\" src=\"https:\/\/www.medellin.gov.co\/es\/wp-content\/uploads\/2025\/09\/Imagen-Capital-Mundial-del-Libro-ASISTENTES-1.jpg\" class=\"attachment-full size-full\" alt=\"Imagen Capital Mundial del Libro ASISTENTES 1\" loading=\"lazy\" srcset=\"https:\/\/www.medellin.gov.co\/es\/wp-content\/uploads\/2025\/09\/Imagen-Capital-Mundial-del-Libro-ASISTENTES-1.jpg 960w, https:\/\/www.medellin.gov.co\/es\/wp-content\/uploads\/2025\/09\/Imagen-Capital-Mundial-del-Libro-ASISTENTES-1-300x225.jpg 300w, https:\/\/www.medellin.gov.co\/es\/wp-content\/uploads\/2025\/09\/Imagen-Capital-Mundial-del-Libro-ASISTENTES-1-150x113.jpg 150w, https:\/\/www.medellin.gov.co\/es\/wp-content\/uploads\/2025\/09\/Imagen-Capital-Mundial-del-Libro-ASISTENTES-1-768x576.jpg 768w\" sizes=\"(max-width: 960px) 100vw, 960px\" \/><\/a>\n\t\t\t<\/dt><\/dl><br style=\"clear: both\" \/>\n\t\t<\/div>\n\n<h6>La 19.\u00aa Fiesta del Libro y la Cultura de Medell\u00edn va hasta el domingo 21 de septiembre.<\/h6>\n<h4><strong>\u00bfC\u00f3mo definir\u00eda el estilo de su literatura?<\/strong><\/h4>\n<p>\u201cYo le llamo realismo brutal. Es realismo tambi\u00e9n un poco grotesco. Yo me baso mucho en lo que O\u00e9 Kenzaburo, el autor japon\u00e9s, dec\u00eda y que \u00e9l tom\u00f3 de escritores como Rabelais: tienes que hablar de la sociedad, no hay de otra. A m\u00ed me gusta mucho hablar de problemas humanos y quiz\u00e1s el sentimiento m\u00e1s importante para m\u00ed es la angustia\u201d.<\/p>\n\n\t\t<style type=\"text\/css\">\n\t\t\t#gallery-2 {\n\t\t\t\tmargin: auto;\n\t\t\t}\n\t\t\t#gallery-2 .gallery-item {\n\t\t\t\tfloat: left;\n\t\t\t\tmargin-top: 10px;\n\t\t\t\ttext-align: center;\n\t\t\t\twidth: 50%;\n\t\t\t}\n\t\t\t#gallery-2 img {\n\t\t\t\tborder: 2px solid #cfcfcf;\n\t\t\t}\n\t\t\t#gallery-2 .gallery-caption {\n\t\t\t\tmargin-left: 0;\n\t\t\t}\n\t\t\t\/* see gallery_shortcode() in wp-includes\/media.php *\/\n\t\t<\/style>\n\t\t<div id='gallery-2' class='gallery galleryid-454534 gallery-columns-2 gallery-size-full'><dl class='gallery-item'>\n\t\t\t<dt class='gallery-icon landscape'>\n\t\t\t\t<a href='https:\/\/www.medellin.gov.co\/es\/sala-de-prensa\/noticias\/creo-que-medellin-tiene-todo-para-ser-una-capital-mundial-del-libro-hiram-ruvalcaba\/imagen-capital-mundial-del-libro-exposicion\/'><img width=\"960\" height=\"720\" src=\"https:\/\/www.medellin.gov.co\/es\/wp-content\/uploads\/2025\/09\/Imagen-Capital-Mundial-del-Libro-EXPOSICION.jpg\" class=\"attachment-full size-full\" alt=\"Imagen Capital Mundial del Libro EXPOSICI\u00d3N\" loading=\"lazy\" srcset=\"https:\/\/www.medellin.gov.co\/es\/wp-content\/uploads\/2025\/09\/Imagen-Capital-Mundial-del-Libro-EXPOSICION.jpg 960w, https:\/\/www.medellin.gov.co\/es\/wp-content\/uploads\/2025\/09\/Imagen-Capital-Mundial-del-Libro-EXPOSICION-300x225.jpg 300w, https:\/\/www.medellin.gov.co\/es\/wp-content\/uploads\/2025\/09\/Imagen-Capital-Mundial-del-Libro-EXPOSICION-150x113.jpg 150w, https:\/\/www.medellin.gov.co\/es\/wp-content\/uploads\/2025\/09\/Imagen-Capital-Mundial-del-Libro-EXPOSICION-768x576.jpg 768w\" sizes=\"(max-width: 960px) 100vw, 960px\" \/><\/a>\n\t\t\t<\/dt><\/dl><dl class='gallery-item'>\n\t\t\t<dt class='gallery-icon landscape'>\n\t\t\t\t<a href='https:\/\/www.medellin.gov.co\/es\/sala-de-prensa\/noticias\/creo-que-medellin-tiene-todo-para-ser-una-capital-mundial-del-libro-hiram-ruvalcaba\/imagen-capital-mundial-del-libro-sentado\/'><img width=\"960\" height=\"720\" src=\"https:\/\/www.medellin.gov.co\/es\/wp-content\/uploads\/2025\/09\/Imagen-Capital-Mundial-del-Libro-SENTADO.jpg\" class=\"attachment-full size-full\" alt=\"Imagen Capital Mundial del Libro SENTADO\" loading=\"lazy\" srcset=\"https:\/\/www.medellin.gov.co\/es\/wp-content\/uploads\/2025\/09\/Imagen-Capital-Mundial-del-Libro-SENTADO.jpg 960w, https:\/\/www.medellin.gov.co\/es\/wp-content\/uploads\/2025\/09\/Imagen-Capital-Mundial-del-Libro-SENTADO-300x225.jpg 300w, https:\/\/www.medellin.gov.co\/es\/wp-content\/uploads\/2025\/09\/Imagen-Capital-Mundial-del-Libro-SENTADO-150x113.jpg 150w, https:\/\/www.medellin.gov.co\/es\/wp-content\/uploads\/2025\/09\/Imagen-Capital-Mundial-del-Libro-SENTADO-768x576.jpg 768w\" sizes=\"(max-width: 960px) 100vw, 960px\" \/><\/a>\n\t\t\t<\/dt><\/dl><br style=\"clear: both\" \/>\n\t\t<\/div>\n\n<h6>El escritor mexicano Hiram Ruvalcaba (de camiseta roja) es el autor de <em>Me negar\u00e1s tres veces, La noche sin nombre, De cerca nadie es normal <\/em>y<em> Los ni\u00f1os del agua,<\/em> entre otras obras.<\/h6>\n<h4><strong>Tambi\u00e9n le atrae mucho la cultura asi\u00e1tica.<\/strong> <strong>\u00bfAh\u00ed encuentra una forma de alivianar el peso de la violencia?<\/strong><\/h4>\n<p>\u201cF\u00edjate que es muy chistoso. Yo tengo diversos intereses. He trabajado como autor de literatura unos 20 a\u00f1os, pero desde el punto de vista acad\u00e9mico estudio literatura de terror. Me gusta mucho, escribo varios ensayos de literatura de terror. Me fascina el manga, me fascinan los videojuegos. Tengo varias notas circulando en internet sobre la relaci\u00f3n entre los videojuegos y los estudios serios de antropolog\u00eda, sociolog\u00eda, historia, literatura, etc. Me parece que esos v\u00ednculos son importantes. No conozco un solo autor de mi generaci\u00f3n, yo soy de los 80, que no diga: a m\u00ed me influy\u00f3 <em>Dragon Ball<\/em>. O sea, te lo dicen en corto: \u2018Yo s\u00ed ve\u00eda a los <em>Caballeros del Zodiaco<\/em>, vi <em>Candy Candy<\/em>, <em>Sailor Moon\u2019<\/em>. Pero a la hora de introducirlo en el discurso literario, a muchos les averg\u00fcenza porque no se considera que eso sea arte serio. Y en Jap\u00f3n s\u00ed lo es. En Jap\u00f3n la gente, mucha gente, son genios que narran, etc. Hay mucha gente que estudia para hacer manga. Trato de reivindicar estas otras expresiones narrativas, porque me gusta pensar que finalmente yo estoy haciendo lo mismo: hablando de una parte de mi cultura y una parte de mi formaci\u00f3n como autor para mostrarle a las nuevas generaciones que est\u00e1 bien ver este tipo de producciones\u201d.<\/p>\n\n\t\t<style type=\"text\/css\">\n\t\t\t#gallery-3 {\n\t\t\t\tmargin: auto;\n\t\t\t}\n\t\t\t#gallery-3 .gallery-item {\n\t\t\t\tfloat: left;\n\t\t\t\tmargin-top: 10px;\n\t\t\t\ttext-align: center;\n\t\t\t\twidth: 50%;\n\t\t\t}\n\t\t\t#gallery-3 img {\n\t\t\t\tborder: 2px solid #cfcfcf;\n\t\t\t}\n\t\t\t#gallery-3 .gallery-caption {\n\t\t\t\tmargin-left: 0;\n\t\t\t}\n\t\t\t\/* see gallery_shortcode() in wp-includes\/media.php *\/\n\t\t<\/style>\n\t\t<div id='gallery-3' class='gallery galleryid-454534 gallery-columns-2 gallery-size-full'><dl class='gallery-item'>\n\t\t\t<dt class='gallery-icon landscape'>\n\t\t\t\t<a href='https:\/\/www.medellin.gov.co\/es\/sala-de-prensa\/noticias\/creo-que-medellin-tiene-todo-para-ser-una-capital-mundial-del-libro-hiram-ruvalcaba\/imagen-capital-mundial-del-libro-libros\/'><img width=\"960\" height=\"720\" src=\"https:\/\/www.medellin.gov.co\/es\/wp-content\/uploads\/2025\/09\/Imagen-Capital-Mundial-del-Libro-LIBROS.jpg\" class=\"attachment-full size-full\" alt=\"Imagen Capital Mundial del Libro LIBROS\" loading=\"lazy\" srcset=\"https:\/\/www.medellin.gov.co\/es\/wp-content\/uploads\/2025\/09\/Imagen-Capital-Mundial-del-Libro-LIBROS.jpg 960w, https:\/\/www.medellin.gov.co\/es\/wp-content\/uploads\/2025\/09\/Imagen-Capital-Mundial-del-Libro-LIBROS-300x225.jpg 300w, https:\/\/www.medellin.gov.co\/es\/wp-content\/uploads\/2025\/09\/Imagen-Capital-Mundial-del-Libro-LIBROS-150x113.jpg 150w, https:\/\/www.medellin.gov.co\/es\/wp-content\/uploads\/2025\/09\/Imagen-Capital-Mundial-del-Libro-LIBROS-768x576.jpg 768w\" sizes=\"(max-width: 960px) 100vw, 960px\" \/><\/a>\n\t\t\t<\/dt><\/dl><dl class='gallery-item'>\n\t\t\t<dt class='gallery-icon landscape'>\n\t\t\t\t<a href='https:\/\/www.medellin.gov.co\/es\/sala-de-prensa\/noticias\/creo-que-medellin-tiene-todo-para-ser-una-capital-mundial-del-libro-hiram-ruvalcaba\/imagen-capital-mundial-del-libro-publico\/'><img width=\"960\" height=\"720\" src=\"https:\/\/www.medellin.gov.co\/es\/wp-content\/uploads\/2025\/09\/Imagen-Capital-Mundial-del-Libro-PUBLICO.jpg\" class=\"attachment-full size-full\" alt=\"Imagen Capital Mundial del Libro P\u00daBLICO\" loading=\"lazy\" srcset=\"https:\/\/www.medellin.gov.co\/es\/wp-content\/uploads\/2025\/09\/Imagen-Capital-Mundial-del-Libro-PUBLICO.jpg 960w, https:\/\/www.medellin.gov.co\/es\/wp-content\/uploads\/2025\/09\/Imagen-Capital-Mundial-del-Libro-PUBLICO-300x225.jpg 300w, https:\/\/www.medellin.gov.co\/es\/wp-content\/uploads\/2025\/09\/Imagen-Capital-Mundial-del-Libro-PUBLICO-150x113.jpg 150w, https:\/\/www.medellin.gov.co\/es\/wp-content\/uploads\/2025\/09\/Imagen-Capital-Mundial-del-Libro-PUBLICO-768x576.jpg 768w\" sizes=\"(max-width: 960px) 100vw, 960px\" \/><\/a>\n\t\t\t<\/dt><\/dl><br style=\"clear: both\" \/>\n\t\t<\/div>\n\n<h6>El escritor mexicano Hiram Ruvalcaba es el autor de <em>De cerca nadie es normal <\/em>y<em> Todo pueblo es cicatriz,<\/em> entre otras obras.<\/h6>\n<h4><strong>El arte imita la vida. Esa es la verdadera fuente, nosotros somos su recurso principal.<\/strong><\/h4>\n<p>\u201cSin duda, sin duda. Yo te puedo decir, por ejemplo, que para m\u00ed una de las grandes epopeyas de nuestro tiempo es <em>Berserk<\/em>. Y nunca se termin\u00f3, porque el autor muri\u00f3. Y eso le da una pizca de inter\u00e9s m\u00e1s grande. Se sigue escribiendo, \u00e9l dej\u00f3 notas. Es un poquito lo que pas\u00f3 con <em>La divina comedia<\/em>, f\u00edjate. Cuando muri\u00f3 Dante, <em>La divina comedia <\/em>no estaba acabada; la termin\u00f3 uno de sus hijos. Entonces, es cuando una obra tiene tanta ambici\u00f3n. Yo leo <em>Berserk<\/em> desde que ten\u00eda 11 a\u00f1os. Cuando el mangaka se muri\u00f3 yo llor\u00e9. Son cosas raras, pero tambi\u00e9n interesantes. Hablan de c\u00f3mo la literatura nos habita en diferentes espacios y de diferentes formas\u201d.<\/p>\n\n\t\t<style type=\"text\/css\">\n\t\t\t#gallery-4 {\n\t\t\t\tmargin: auto;\n\t\t\t}\n\t\t\t#gallery-4 .gallery-item {\n\t\t\t\tfloat: left;\n\t\t\t\tmargin-top: 10px;\n\t\t\t\ttext-align: center;\n\t\t\t\twidth: 50%;\n\t\t\t}\n\t\t\t#gallery-4 img {\n\t\t\t\tborder: 2px solid #cfcfcf;\n\t\t\t}\n\t\t\t#gallery-4 .gallery-caption {\n\t\t\t\tmargin-left: 0;\n\t\t\t}\n\t\t\t\/* see gallery_shortcode() in wp-includes\/media.php *\/\n\t\t<\/style>\n\t\t<div id='gallery-4' class='gallery galleryid-454534 gallery-columns-2 gallery-size-full'><dl class='gallery-item'>\n\t\t\t<dt class='gallery-icon landscape'>\n\t\t\t\t<a href='https:\/\/www.medellin.gov.co\/es\/sala-de-prensa\/noticias\/creo-que-medellin-tiene-todo-para-ser-una-capital-mundial-del-libro-hiram-ruvalcaba\/imagen-capital-mundial-del-libro-asistentes-2\/'><img width=\"960\" height=\"720\" src=\"https:\/\/www.medellin.gov.co\/es\/wp-content\/uploads\/2025\/09\/Imagen-Capital-Mundial-del-Libro-ASISTENTES-2.jpg\" class=\"attachment-full size-full\" alt=\"Imagen Capital Mundial del Libro ASISTENTES 2\" loading=\"lazy\" srcset=\"https:\/\/www.medellin.gov.co\/es\/wp-content\/uploads\/2025\/09\/Imagen-Capital-Mundial-del-Libro-ASISTENTES-2.jpg 960w, https:\/\/www.medellin.gov.co\/es\/wp-content\/uploads\/2025\/09\/Imagen-Capital-Mundial-del-Libro-ASISTENTES-2-300x225.jpg 300w, https:\/\/www.medellin.gov.co\/es\/wp-content\/uploads\/2025\/09\/Imagen-Capital-Mundial-del-Libro-ASISTENTES-2-150x113.jpg 150w, https:\/\/www.medellin.gov.co\/es\/wp-content\/uploads\/2025\/09\/Imagen-Capital-Mundial-del-Libro-ASISTENTES-2-768x576.jpg 768w\" sizes=\"(max-width: 960px) 100vw, 960px\" \/><\/a>\n\t\t\t<\/dt><\/dl><dl class='gallery-item'>\n\t\t\t<dt class='gallery-icon landscape'>\n\t\t\t\t<a href='https:\/\/www.medellin.gov.co\/es\/sala-de-prensa\/noticias\/creo-que-medellin-tiene-todo-para-ser-una-capital-mundial-del-libro-hiram-ruvalcaba\/imagen-capital-mundial-del-libro-coches\/'><img width=\"960\" height=\"720\" src=\"https:\/\/www.medellin.gov.co\/es\/wp-content\/uploads\/2025\/09\/Imagen-Capital-Mundial-del-Libro-COCHES.jpg\" class=\"attachment-full size-full\" alt=\"Imagen Capital Mundial del Libro COCHES\" loading=\"lazy\" srcset=\"https:\/\/www.medellin.gov.co\/es\/wp-content\/uploads\/2025\/09\/Imagen-Capital-Mundial-del-Libro-COCHES.jpg 960w, https:\/\/www.medellin.gov.co\/es\/wp-content\/uploads\/2025\/09\/Imagen-Capital-Mundial-del-Libro-COCHES-300x225.jpg 300w, https:\/\/www.medellin.gov.co\/es\/wp-content\/uploads\/2025\/09\/Imagen-Capital-Mundial-del-Libro-COCHES-150x113.jpg 150w, https:\/\/www.medellin.gov.co\/es\/wp-content\/uploads\/2025\/09\/Imagen-Capital-Mundial-del-Libro-COCHES-768x576.jpg 768w\" sizes=\"(max-width: 960px) 100vw, 960px\" \/><\/a>\n\t\t\t<\/dt><\/dl><br style=\"clear: both\" \/>\n\t\t<\/div>\n\n<h6>La 19.\u00aa Fiesta del Libro y la Cultura de Medell\u00edn contiene 3000 actividades y hay para toda la familia.<\/h6>\n<h4><strong>\u00bfEs la primera vez que viene a Medell\u00edn? \u00bfQu\u00e9 impresiones le ha generado la ciudad? \u00bfLe ve alguna relaci\u00f3n con Guadalajara?<\/strong><\/h4>\n<p>\u201cEs la primera vez que vengo a Sudam\u00e9rica. Estoy encantado con la ciudad. Creo que es muy semejante a Guadalajara en el sentido de que es una capital que, digamos, a\u00fan se permite una cierta conexi\u00f3n con los espacios naturales. Ahora, creo que Medell\u00edn tiene una relaci\u00f3n mucho menos invasiva con la naturaleza. Es decir, en Guadalajara hay parques: est\u00e1 el jard\u00edn de Los Colomos, donde hay un jard\u00edn japon\u00e9s. Est\u00e1, por ejemplo, tambi\u00e9n el Parque Metropolitano. Hay dos o tres parques muy grandes, pero, si t\u00fa vas a las colonias, es evidente que hay una necesidad urgente de vegetaci\u00f3n. Y eso en Medell\u00edn no ocurre. Medell\u00edn me parece un gran ejemplo de c\u00f3mo deber\u00eda funcionar una ciudad en relaci\u00f3n con el entorno natural. En Guadalajara se est\u00e1n haciendo esfuerzos por retomar esta postura\u201d.<\/p>\n\n\t\t<style type=\"text\/css\">\n\t\t\t#gallery-5 {\n\t\t\t\tmargin: auto;\n\t\t\t}\n\t\t\t#gallery-5 .gallery-item {\n\t\t\t\tfloat: left;\n\t\t\t\tmargin-top: 10px;\n\t\t\t\ttext-align: center;\n\t\t\t\twidth: 33%;\n\t\t\t}\n\t\t\t#gallery-5 img {\n\t\t\t\tborder: 2px solid #cfcfcf;\n\t\t\t}\n\t\t\t#gallery-5 .gallery-caption {\n\t\t\t\tmargin-left: 0;\n\t\t\t}\n\t\t\t\/* see gallery_shortcode() in wp-includes\/media.php *\/\n\t\t<\/style>\n\t\t<div id='gallery-5' class='gallery galleryid-454534 gallery-columns-3 gallery-size-full'><dl class='gallery-item'>\n\t\t\t<dt class='gallery-icon landscape'>\n\t\t\t\t<a href='https:\/\/www.medellin.gov.co\/es\/sala-de-prensa\/noticias\/creo-que-medellin-tiene-todo-para-ser-una-capital-mundial-del-libro-hiram-ruvalcaba\/imagen-capital-mundial-del-libro-exterior\/'><img width=\"960\" height=\"720\" src=\"https:\/\/www.medellin.gov.co\/es\/wp-content\/uploads\/2025\/09\/Imagen-Capital-Mundial-del-Libro-EXTERIOR.jpg\" class=\"attachment-full size-full\" alt=\"Imagen Capital Mundial del Libro EXTERIOR\" loading=\"lazy\" srcset=\"https:\/\/www.medellin.gov.co\/es\/wp-content\/uploads\/2025\/09\/Imagen-Capital-Mundial-del-Libro-EXTERIOR.jpg 960w, https:\/\/www.medellin.gov.co\/es\/wp-content\/uploads\/2025\/09\/Imagen-Capital-Mundial-del-Libro-EXTERIOR-300x225.jpg 300w, https:\/\/www.medellin.gov.co\/es\/wp-content\/uploads\/2025\/09\/Imagen-Capital-Mundial-del-Libro-EXTERIOR-150x113.jpg 150w, https:\/\/www.medellin.gov.co\/es\/wp-content\/uploads\/2025\/09\/Imagen-Capital-Mundial-del-Libro-EXTERIOR-768x576.jpg 768w\" sizes=\"(max-width: 960px) 100vw, 960px\" \/><\/a>\n\t\t\t<\/dt><\/dl><dl class='gallery-item'>\n\t\t\t<dt class='gallery-icon landscape'>\n\t\t\t\t<a href='https:\/\/www.medellin.gov.co\/es\/sala-de-prensa\/noticias\/creo-que-medellin-tiene-todo-para-ser-una-capital-mundial-del-libro-hiram-ruvalcaba\/imagen-capital-mundial-del-libro-gente\/'><img width=\"960\" height=\"720\" src=\"https:\/\/www.medellin.gov.co\/es\/wp-content\/uploads\/2025\/09\/Imagen-Capital-Mundial-del-Libro-GENTE.jpg\" class=\"attachment-full size-full\" alt=\"Imagen Capital Mundial del Libro GENTE\" loading=\"lazy\" srcset=\"https:\/\/www.medellin.gov.co\/es\/wp-content\/uploads\/2025\/09\/Imagen-Capital-Mundial-del-Libro-GENTE.jpg 960w, https:\/\/www.medellin.gov.co\/es\/wp-content\/uploads\/2025\/09\/Imagen-Capital-Mundial-del-Libro-GENTE-300x225.jpg 300w, https:\/\/www.medellin.gov.co\/es\/wp-content\/uploads\/2025\/09\/Imagen-Capital-Mundial-del-Libro-GENTE-150x113.jpg 150w, https:\/\/www.medellin.gov.co\/es\/wp-content\/uploads\/2025\/09\/Imagen-Capital-Mundial-del-Libro-GENTE-768x576.jpg 768w\" sizes=\"(max-width: 960px) 100vw, 960px\" \/><\/a>\n\t\t\t<\/dt><\/dl><dl class='gallery-item'>\n\t\t\t<dt class='gallery-icon landscape'>\n\t\t\t\t<a href='https:\/\/www.medellin.gov.co\/es\/sala-de-prensa\/noticias\/creo-que-medellin-tiene-todo-para-ser-una-capital-mundial-del-libro-hiram-ruvalcaba\/imagen-capital-mundial-del-libro-mapa\/'><img width=\"960\" height=\"720\" src=\"https:\/\/www.medellin.gov.co\/es\/wp-content\/uploads\/2025\/09\/Imagen-Capital-Mundial-del-Libro-MAPA.jpg\" class=\"attachment-full size-full\" alt=\"Imagen Capital Mundial del Libro MAPA\" loading=\"lazy\" srcset=\"https:\/\/www.medellin.gov.co\/es\/wp-content\/uploads\/2025\/09\/Imagen-Capital-Mundial-del-Libro-MAPA.jpg 960w, https:\/\/www.medellin.gov.co\/es\/wp-content\/uploads\/2025\/09\/Imagen-Capital-Mundial-del-Libro-MAPA-300x225.jpg 300w, https:\/\/www.medellin.gov.co\/es\/wp-content\/uploads\/2025\/09\/Imagen-Capital-Mundial-del-Libro-MAPA-150x113.jpg 150w, https:\/\/www.medellin.gov.co\/es\/wp-content\/uploads\/2025\/09\/Imagen-Capital-Mundial-del-Libro-MAPA-768x576.jpg 768w\" sizes=\"(max-width: 960px) 100vw, 960px\" \/><\/a>\n\t\t\t<\/dt><\/dl><br style=\"clear: both\" \/>\n\t\t<\/div>\n\n<h6>En primer plano, Carabobo Norte y el verde del Jard\u00edn Bot\u00e1nico, dos escenarios de la Fiesta del Libro y la Cultura de Medell\u00edn.<\/h6>\n<h4><strong>Cu\u00e9ntenos lo que ha sentido al estar ac\u00e1 en la Fiesta del Libro. A prop\u00f3sito, aqu\u00ed le decimos fiesta; en otras partes le dicen feria.<\/strong><\/h4>\n<p>\u201cEn cada lugar que visitas como invitado a una fiesta o feria del libro, la postura literaria es diferente. Cada ciudad tiene su propia interpretaci\u00f3n de lo que es o debe ser la literatura. Esta Fiesta del Libro me ha gustado mucho. El espacio que eligieron, este jard\u00edn, es una maravilla. Permite un recorrido que precisamente es lo que deber\u00eda ser la experiencia del libro, porque el libro no es nada m\u00e1s ir, ver puestos y comprar. Hay una inmersi\u00f3n, actividades, un paisaje qu\u00e9 disfrutar. T\u00fa puedes venir a la feria, escuchar alguna conferencia, moverte. Entonces, me parece que el lugar es ideal; esa es una gran decisi\u00f3n. Hay otras ferias, por ejemplo, que he visitado en M\u00e9xico y me han gustado mucho. La Feria Internacional del Libro de Guadalajara es una cosa incre\u00edble. Tambi\u00e9n tendr\u00edan que visitarla cuando tengan la oportunidad\u201d.<\/p>\n\n\t\t<style type=\"text\/css\">\n\t\t\t#gallery-6 {\n\t\t\t\tmargin: auto;\n\t\t\t}\n\t\t\t#gallery-6 .gallery-item {\n\t\t\t\tfloat: left;\n\t\t\t\tmargin-top: 10px;\n\t\t\t\ttext-align: center;\n\t\t\t\twidth: 50%;\n\t\t\t}\n\t\t\t#gallery-6 img {\n\t\t\t\tborder: 2px solid #cfcfcf;\n\t\t\t}\n\t\t\t#gallery-6 .gallery-caption {\n\t\t\t\tmargin-left: 0;\n\t\t\t}\n\t\t\t\/* see gallery_shortcode() in wp-includes\/media.php *\/\n\t\t<\/style>\n\t\t<div id='gallery-6' class='gallery galleryid-454534 gallery-columns-2 gallery-size-full'><dl class='gallery-item'>\n\t\t\t<dt class='gallery-icon landscape'>\n\t\t\t\t<a href='https:\/\/www.medellin.gov.co\/es\/sala-de-prensa\/noticias\/creo-que-medellin-tiene-todo-para-ser-una-capital-mundial-del-libro-hiram-ruvalcaba\/imagen-capital-mundial-del-libro-estands\/'><img width=\"960\" height=\"720\" src=\"https:\/\/www.medellin.gov.co\/es\/wp-content\/uploads\/2025\/09\/Imagen-Capital-Mundial-del-Libro-ESTANDS.jpg\" class=\"attachment-full size-full\" alt=\"Imagen Capital Mundial del Libro ESTANDS\" loading=\"lazy\" srcset=\"https:\/\/www.medellin.gov.co\/es\/wp-content\/uploads\/2025\/09\/Imagen-Capital-Mundial-del-Libro-ESTANDS.jpg 960w, https:\/\/www.medellin.gov.co\/es\/wp-content\/uploads\/2025\/09\/Imagen-Capital-Mundial-del-Libro-ESTANDS-300x225.jpg 300w, https:\/\/www.medellin.gov.co\/es\/wp-content\/uploads\/2025\/09\/Imagen-Capital-Mundial-del-Libro-ESTANDS-150x113.jpg 150w, https:\/\/www.medellin.gov.co\/es\/wp-content\/uploads\/2025\/09\/Imagen-Capital-Mundial-del-Libro-ESTANDS-768x576.jpg 768w\" sizes=\"(max-width: 960px) 100vw, 960px\" \/><\/a>\n\t\t\t<\/dt><\/dl><dl class='gallery-item'>\n\t\t\t<dt class='gallery-icon landscape'>\n\t\t\t\t<a href='https:\/\/www.medellin.gov.co\/es\/sala-de-prensa\/noticias\/creo-que-medellin-tiene-todo-para-ser-una-capital-mundial-del-libro-hiram-ruvalcaba\/imagen-capital-mundial-del-libro-sendero\/'><img width=\"960\" height=\"720\" src=\"https:\/\/www.medellin.gov.co\/es\/wp-content\/uploads\/2025\/09\/Imagen-Capital-Mundial-del-Libro-SENDERO.jpg\" class=\"attachment-full size-full\" alt=\"Imagen Capital Mundial del Libro SENDERO\" loading=\"lazy\" srcset=\"https:\/\/www.medellin.gov.co\/es\/wp-content\/uploads\/2025\/09\/Imagen-Capital-Mundial-del-Libro-SENDERO.jpg 960w, https:\/\/www.medellin.gov.co\/es\/wp-content\/uploads\/2025\/09\/Imagen-Capital-Mundial-del-Libro-SENDERO-300x225.jpg 300w, https:\/\/www.medellin.gov.co\/es\/wp-content\/uploads\/2025\/09\/Imagen-Capital-Mundial-del-Libro-SENDERO-150x113.jpg 150w, https:\/\/www.medellin.gov.co\/es\/wp-content\/uploads\/2025\/09\/Imagen-Capital-Mundial-del-Libro-SENDERO-768x576.jpg 768w\" sizes=\"(max-width: 960px) 100vw, 960px\" \/><\/a>\n\t\t\t<\/dt><\/dl><br style=\"clear: both\" \/>\n\t\t<\/div>\n\n<h6>Jard\u00edn Bot\u00e1nico, escenario principal de la Fiesta del Libro y la Cultura de Medell\u00edn.<\/h6>\n<h4><strong>\u00bfQu\u00e9 impacto cree que le genera a Medell\u00edn la Fiesta del Libro?<\/strong><\/h4>\n<p>\u201cMe atrever\u00eda a decir que toda ciudad deber\u00eda tener una fiesta del libro. Me parece que hay una crisis evidente de lectores. No conozco cu\u00e1l es el \u00edndice de lectura en Colombia; no debe ser alt\u00edsimo. En M\u00e9xico es muy bajo. Tenemos que reivindicar el papel de la literatura en la vida cotidiana. Las personas creen que la literatura es una cosa del acad\u00e9mico, de los viejitos que se re\u00fanen para hablar de s\u00ed mismos. Lo cual tambi\u00e9n est\u00e1 bien. A m\u00ed me encanta escuchar hablar a los grandes poetas que ya est\u00e1n en la tercera edad. Pero tambi\u00e9n creo que es importante, sobre todo, ense\u00f1arle al ciudadano com\u00fan, al ni\u00f1o, a la ni\u00f1a, al joven estudiante universitario, al joven que no estudia y que trabaja vendiendo camisas o gorras. Hay que ense\u00f1arles la importancia de las historias, porque creo que a todos nos gustan las historias. A m\u00ed me cuentan un chisme de personas que no conozco y yo quiero escuchar. Amamos el chisme porque la naturaleza del chisme es la misma de la literatura: estamos contando una historia con un mensaje moral. La literatura es eso. A lo mejor tendremos que vender a la literatura como, son chismes de gente que vivi\u00f3 hace 500 a\u00f1os, pero son relevantes, porque lo que nos est\u00e1n ayudando a hacer es a vivir vidas extras, como hacer trampa y ganar experiencia de personas que no conocimos, pero que de alguna manera les importamos. Y eso me parece que es el milagro de las letras\u201d.<\/p>\n<div id=\"attachment_454567\" style=\"width: 970px\" class=\"wp-caption alignnone\"><img aria-describedby=\"caption-attachment-454567\" loading=\"lazy\" class=\"size-full wp-image-454567\" src=\"https:\/\/www.medellin.gov.co\/es\/wp-content\/uploads\/2025\/09\/Imagen-Capital-Mundial-del-Libro-CONFERENCIA.jpg\" alt=\"Imagen Capital Mundial del Libro CONFERENCIA\" width=\"960\" height=\"720\" srcset=\"https:\/\/www.medellin.gov.co\/es\/wp-content\/uploads\/2025\/09\/Imagen-Capital-Mundial-del-Libro-CONFERENCIA.jpg 960w, https:\/\/www.medellin.gov.co\/es\/wp-content\/uploads\/2025\/09\/Imagen-Capital-Mundial-del-Libro-CONFERENCIA-300x225.jpg 300w, https:\/\/www.medellin.gov.co\/es\/wp-content\/uploads\/2025\/09\/Imagen-Capital-Mundial-del-Libro-CONFERENCIA-150x113.jpg 150w, https:\/\/www.medellin.gov.co\/es\/wp-content\/uploads\/2025\/09\/Imagen-Capital-Mundial-del-Libro-CONFERENCIA-768x576.jpg 768w\" sizes=\"(max-width: 960px) 100vw, 960px\" \/><p id=\"caption-attachment-454567\" class=\"wp-caption-text\">La 19.\u00aa Fiesta del Libro y la Cultura de Medell\u00edn contiene 3000 actividades y hay para toda la familia.<\/p><\/div>\n<h4><strong>Medell\u00edn quiere ser Capital Mundial del Libro\u2026<\/strong><\/h4>\n<p>\u201c\u00a1Ah, qu\u00e9 maravilla! Ojal\u00e1 que les toque, s\u00ed. Es una gran experiencia\u201d.<\/p>\n<h4><strong>\u00bfQu\u00e9 cree que le deja a la ciudad el hecho de postularse y, ojal\u00e1, de ganar?<\/strong><\/h4>\n<p>\u201cTe voy a ser honesto: depende mucho de la organizaci\u00f3n. El galard\u00f3n de ser la Capital Mundial del Libro me parece extremadamente importante. Ojal\u00e1 que a Medell\u00edn le toque. Creo que tiene todo para ser una Capital Mundial del Libro. Sin embargo, vuelvo a lo mismo: si no hay una buena difusi\u00f3n de las actividades, los talleres, si no hay tambi\u00e9n un proceso democr\u00e1tico para seleccionar a los autores, a las academias, a las editoriales que van a participar, qu\u00e9 s\u00e9 yo, se vuelve de repente una especie de nicho. Es uno de los peligros que yo vi que pas\u00f3 en Guadalajara. Me gust\u00f3 el evento, me invitaron a un par de cosas. Definitivamente, estoy muy contento por la actividad, porque todo lo que se haga para acercar a la gente a la literatura es un esfuerzo loable\u201d.<\/p>\n<div id=\"attachment_454570\" style=\"width: 970px\" class=\"wp-caption alignnone\"><img aria-describedby=\"caption-attachment-454570\" loading=\"lazy\" class=\"size-full wp-image-454570\" src=\"https:\/\/www.medellin.gov.co\/es\/wp-content\/uploads\/2025\/09\/Imagen-Capital-Mundial-del-Libro-ORQUIDEORAMA.jpg\" alt=\"Imagen Capital Mundial del Libro ORQUIDEORAMA\" width=\"960\" height=\"720\" srcset=\"https:\/\/www.medellin.gov.co\/es\/wp-content\/uploads\/2025\/09\/Imagen-Capital-Mundial-del-Libro-ORQUIDEORAMA.jpg 960w, https:\/\/www.medellin.gov.co\/es\/wp-content\/uploads\/2025\/09\/Imagen-Capital-Mundial-del-Libro-ORQUIDEORAMA-300x225.jpg 300w, https:\/\/www.medellin.gov.co\/es\/wp-content\/uploads\/2025\/09\/Imagen-Capital-Mundial-del-Libro-ORQUIDEORAMA-150x113.jpg 150w, https:\/\/www.medellin.gov.co\/es\/wp-content\/uploads\/2025\/09\/Imagen-Capital-Mundial-del-Libro-ORQUIDEORAMA-768x576.jpg 768w\" sizes=\"(max-width: 960px) 100vw, 960px\" \/><p id=\"caption-attachment-454570\" class=\"wp-caption-text\">Orquideorama del Jard\u00edn Bot\u00e1nico en la 19.\u00aa Fiesta del Libro y la Cultura de Medell\u00edn.<\/p><\/div>\n<h4><strong>\u00bfJuan Rulfo es su principal referente como escritor? \u00bfUsted considera que M\u00e9xico y Colombia son grandes \u201cComalas\u201d?<\/strong><\/h4>\n<p>\u201cMira, desde mi casa se ve la Media Luna. Salgo de mi casa, voy a la calle, volteo a los cerros y ah\u00ed est\u00e1 contra los cerros que llaman la Media Luna. Desde que era ni\u00f1o, mi pap\u00e1 me dec\u00eda: \u2018Mira, ah\u00ed vive Pedro P\u00e1ramo\u2019. Yo era un ni\u00f1o muy cr\u00e9dulo y mi pap\u00e1, un cabr\u00f3n muy mentiroso (risas). Entonces, yo le cre\u00eda que era el pueblo de los fantasmas. Cuando fui creciendo, por supuesto, le dej\u00e9 de creer. Cumpl\u00ed 30 a\u00f1os y dije: no, creo que no, ah\u00ed no viven. Pero, sin duda, me parece que el clima literario de Zapotl\u00e1n el Grande (Jalisco), que es el lugar de donde vengo, est\u00e1 sumamente influido por dos representantes esenciales: Juan Rulfo, que goza de mayor reconocimiento, pero el otro tambi\u00e9n es muy interesante: se llama Juan Jos\u00e9 Arreola. Arreola naci\u00f3 en Zapotl\u00e1n y toda la gente de Zapotl\u00e1n lo sabe. Sus hermanas tienen una panader\u00eda muy rica en el jard\u00edn. Yo estudi\u00e9 en una primaria que estaba a dos cuadras de la casa de Arreola y nos dec\u00edan: este cuento que est\u00e1s leyendo en el libro de texto gratuito que se distribuye en todo el pa\u00eds lo escribi\u00f3 el se\u00f1or que vive aqu\u00ed, a dos cuadritas. Tener ese tipo de acercamientos con la literatura, que no son estrictamente como lector, pero s\u00ed es un acercamiento vital, es muy importante en tu formaci\u00f3n literaria. Cuando yo empec\u00e9 a escribir era como: bueno, ya hay un hombre que es de mi pueblo, que sali\u00f3 del pueblo escribiendo y logr\u00f3 grandes cosas. \u00bfPor qu\u00e9 no yo tambi\u00e9n? Y, mira, yo no quiero compararme con Arreola, por supuesto, es uno de los grandes nombres de la literatura mexicana, pero ya estamos en Medell\u00edn. Entonces, ah\u00ed vamos, haciendo la propia obra, las propias conquistas. Zapotl\u00e1n el Grande est\u00e1 pasando un momento sumamente importante en la formaci\u00f3n de j\u00f3venes artistas. Hay un taller literario que tiene un se\u00f1or llamado Ricardo Sigala, con el cual yo particip\u00e9. Este taller tiene 30 a\u00f1os funcionando, o sea, hay muchos logros qu\u00e9 festejar. Con respecto a la segunda pregunta, yo en una novela, que ustedes pueden encontrar en el estand de Penguin Random House, llamada <em>Todo pueblo es cicatriz,<\/em> menciono que, probablemente, yo hablaba de M\u00e9xico, pero honestamente creo que es aplicable a diferentes contextos y sociedades en Latinoam\u00e9rica, incluso en el mundo. Quiz\u00e1s todos somos un pueblo de muertos, nada m\u00e1s no nos han dicho todav\u00eda. Es una experiencia que pas\u00f3 en casa a un t\u00edo que lo balearon porque le intentaron un fraude con un coche, pero tambi\u00e9n son otras dos personas que fallecieron y cuya muerte fue muy impactante en el pueblo en un momento en el que las muertes todav\u00eda eran representadas por seres muy f\u00e1cilmente identificables. Esto es algo que seguramente ustedes vivieron en alg\u00fan momento de su historia, quiz\u00e1s siguen envueltos en esto, no tengo tantos datos actuales, pero en M\u00e9xico hubo un momento, en el 2007 \u2013 2008, en el cual hubo tantos muertos todos los d\u00edas que era dif\u00edcil siquiera contabilizarlos. Hay experiencias abominables. En 2017 el gobierno abandon\u00f3 dos tr\u00e1ileres llenos de cad\u00e1veres en una pinche colonia, porque ya no cab\u00edan en la morgue. Eso para m\u00ed es una pesadilla. No quiero dejar de decir que por eso creo que el arte es importante. A pesar de este horror que estamos viviendo como latinoamericanos todo el tiempo, el arte tiene que ser transversal y presentarse como opci\u00f3n real de vivir el mundo, de experimentar la vida\u201d.<\/p>\n\n\t\t<style type=\"text\/css\">\n\t\t\t#gallery-7 {\n\t\t\t\tmargin: auto;\n\t\t\t}\n\t\t\t#gallery-7 .gallery-item {\n\t\t\t\tfloat: left;\n\t\t\t\tmargin-top: 10px;\n\t\t\t\ttext-align: center;\n\t\t\t\twidth: 50%;\n\t\t\t}\n\t\t\t#gallery-7 img {\n\t\t\t\tborder: 2px solid #cfcfcf;\n\t\t\t}\n\t\t\t#gallery-7 .gallery-caption {\n\t\t\t\tmargin-left: 0;\n\t\t\t}\n\t\t\t\/* see gallery_shortcode() in wp-includes\/media.php *\/\n\t\t<\/style>\n\t\t<div id='gallery-7' class='gallery galleryid-454534 gallery-columns-2 gallery-size-full'><dl class='gallery-item'>\n\t\t\t<dt class='gallery-icon landscape'>\n\t\t\t\t<a href='https:\/\/www.medellin.gov.co\/es\/sala-de-prensa\/noticias\/creo-que-medellin-tiene-todo-para-ser-una-capital-mundial-del-libro-hiram-ruvalcaba\/imagen-capital-mundial-del-libro-cicatriz\/'><img width=\"960\" height=\"720\" src=\"https:\/\/www.medellin.gov.co\/es\/wp-content\/uploads\/2025\/09\/Imagen-Capital-Mundial-del-Libro-CICATRIZ.jpg\" class=\"attachment-full size-full\" alt=\"Imagen Capital Mundial del Libro CICATRIZ\" loading=\"lazy\" srcset=\"https:\/\/www.medellin.gov.co\/es\/wp-content\/uploads\/2025\/09\/Imagen-Capital-Mundial-del-Libro-CICATRIZ.jpg 960w, https:\/\/www.medellin.gov.co\/es\/wp-content\/uploads\/2025\/09\/Imagen-Capital-Mundial-del-Libro-CICATRIZ-300x225.jpg 300w, https:\/\/www.medellin.gov.co\/es\/wp-content\/uploads\/2025\/09\/Imagen-Capital-Mundial-del-Libro-CICATRIZ-150x113.jpg 150w, https:\/\/www.medellin.gov.co\/es\/wp-content\/uploads\/2025\/09\/Imagen-Capital-Mundial-del-Libro-CICATRIZ-768x576.jpg 768w\" sizes=\"(max-width: 960px) 100vw, 960px\" \/><\/a>\n\t\t\t<\/dt><\/dl><dl class='gallery-item'>\n\t\t\t<dt class='gallery-icon landscape'>\n\t\t\t\t<a href='https:\/\/www.medellin.gov.co\/es\/sala-de-prensa\/noticias\/creo-que-medellin-tiene-todo-para-ser-una-capital-mundial-del-libro-hiram-ruvalcaba\/imagen-capital-mundial-del-libro-jalisco\/'><img width=\"960\" height=\"720\" src=\"https:\/\/www.medellin.gov.co\/es\/wp-content\/uploads\/2025\/09\/Imagen-Capital-Mundial-del-Libro-JALISCO.jpg\" class=\"attachment-full size-full\" alt=\"\" loading=\"lazy\" srcset=\"https:\/\/www.medellin.gov.co\/es\/wp-content\/uploads\/2025\/09\/Imagen-Capital-Mundial-del-Libro-JALISCO.jpg 960w, https:\/\/www.medellin.gov.co\/es\/wp-content\/uploads\/2025\/09\/Imagen-Capital-Mundial-del-Libro-JALISCO-300x225.jpg 300w, https:\/\/www.medellin.gov.co\/es\/wp-content\/uploads\/2025\/09\/Imagen-Capital-Mundial-del-Libro-JALISCO-150x113.jpg 150w, https:\/\/www.medellin.gov.co\/es\/wp-content\/uploads\/2025\/09\/Imagen-Capital-Mundial-del-Libro-JALISCO-768x576.jpg 768w\" sizes=\"(max-width: 960px) 100vw, 960px\" \/><\/a>\n\t\t\t<\/dt><\/dl><br style=\"clear: both\" \/>\n\t\t<\/div>\n\n<h6>Jalisco (M\u00e9xico) es el invitado de honor de la 19.\u00aa Fiesta del Libro y la Cultura de Medell\u00edn. <em>Todo pueblo es cicatriz<\/em> es uno de los libros escritos por el mexicano Hiram Ruvalcaba (de camiseta roja).<\/h6>\n<h4><strong>\u00bfQu\u00e9 es lo que m\u00e1s le atrae para contar las peque\u00f1as historias de la cotidianidad y hacer literatura con ellas?<\/strong><\/h4>\n<p>\u201cAyer estaba en una charla de un gran escritor colombiano llamado Andr\u00e9s Mauricio Mu\u00f1oz. Me pareci\u00f3 muy chistoso porque yo lo escuchaba hablar sobre lo que \u00e9l consideraba que era literatura y dec\u00eda: es lo mismo que yo pienso. Para m\u00ed, el evento cotidiano es lo m\u00e1s importante. Encuentro en lo cotidiano siempre como aquel momento en que el mal o el horror acecha. De repente vas manejando, se te atraviesa una persona o un ni\u00f1o y tu vida cambia en un instante. Llevas a tu hijo de la mano por el mercado, lo sueltas tres segundos, volteas y ya no lo ves, y ese instante de angustia, en el cual sabes que todo est\u00e1 perdido o que podr\u00eda estarlo, es el que a m\u00ed me interesa en la literatura. Por eso dec\u00eda hace rato que mi elemento o mi sentimiento m\u00e1s importante es la angustia. Aquellos momentos en los que la vida de un personaje se tuerce y a veces no puede volver al cauce original. Por eso todos los personajes con los que yo trabajo son gente de a pie: el estudiante de universidad, el zapatero, el que barre la calle, el ama de casa. En esas historias se encuentra la verdadera literatura. Y les voy a poner un ejemplo muy doloroso: hace menos de una semana explot\u00f3 una pipa de gas en M\u00e9xico y una de las escenas m\u00e1s conmovedoras fue la de una abuelita que vio el fuego, cubre con su cuerpo a su nieta de dos a\u00f1os y la salva. La se\u00f1ora se muri\u00f3, por supuesto, 98 % de su cuerpo cubierto por quemaduras; abandona el lugar completamente quemada, calva, pero con la ni\u00f1a en brazos y la ni\u00f1a casi intacta. Ah\u00ed est\u00e1 la literatura. En esos actos horrendos o maravillosos encontramos el germen para escribir las historias\u201d.<\/p>\n<div id=\"attachment_454576\" style=\"width: 970px\" class=\"wp-caption alignnone\"><img aria-describedby=\"caption-attachment-454576\" loading=\"lazy\" class=\"size-full wp-image-454576\" src=\"https:\/\/www.medellin.gov.co\/es\/wp-content\/uploads\/2025\/09\/Imagen-Capital-Mundial-del-Libro-MESAS.jpg\" alt=\"Imagen Capital Mundial del Libro MESAS\" width=\"960\" height=\"720\" srcset=\"https:\/\/www.medellin.gov.co\/es\/wp-content\/uploads\/2025\/09\/Imagen-Capital-Mundial-del-Libro-MESAS.jpg 960w, https:\/\/www.medellin.gov.co\/es\/wp-content\/uploads\/2025\/09\/Imagen-Capital-Mundial-del-Libro-MESAS-300x225.jpg 300w, https:\/\/www.medellin.gov.co\/es\/wp-content\/uploads\/2025\/09\/Imagen-Capital-Mundial-del-Libro-MESAS-150x113.jpg 150w, https:\/\/www.medellin.gov.co\/es\/wp-content\/uploads\/2025\/09\/Imagen-Capital-Mundial-del-Libro-MESAS-768x576.jpg 768w\" sizes=\"(max-width: 960px) 100vw, 960px\" \/><p id=\"caption-attachment-454576\" class=\"wp-caption-text\">La Fiesta del Libro y la Cultura de Medell\u00edn es un evento que invita al encuentro de familias, parejas y amigos.<\/p><\/div>\n<h4><strong>\u00bfCree que la literatura puede ayudar a sanar el dolor de las v\u00edctimas?<\/strong><\/h4>\n<p>\u201cNo s\u00e9 si un libro sea capaz de hacer muchas cosas por una sociedad, pero s\u00ed creo que la literatura nos ayuda a comprender mejor nuestro propio dolor. A m\u00ed, por ejemplo, hay libros que, le\u00eddos en el momento exacto o adecuado, me salvaron del dolor, de la tristeza, de la depresi\u00f3n. Tambi\u00e9n hay libros que me han aventado al suelo y me han pisoteado. El arte, en general, nos ayuda a comprender mucho mejor nuestras propias necesidades y nuestros propios problemas. Y eso es, por supuesto, sumamente importante para nosotros\u201d.<\/p>\n<div id=\"attachment_454578\" style=\"width: 970px\" class=\"wp-caption alignnone\"><img aria-describedby=\"caption-attachment-454578\" loading=\"lazy\" class=\"size-full wp-image-454578\" src=\"https:\/\/www.medellin.gov.co\/es\/wp-content\/uploads\/2025\/09\/Imagen-Capital-Mundial-del-Libro-CAMISETA.jpg\" alt=\"Imagen Capital Mundial del Libro CAMISETA\" width=\"960\" height=\"720\" srcset=\"https:\/\/www.medellin.gov.co\/es\/wp-content\/uploads\/2025\/09\/Imagen-Capital-Mundial-del-Libro-CAMISETA.jpg 960w, https:\/\/www.medellin.gov.co\/es\/wp-content\/uploads\/2025\/09\/Imagen-Capital-Mundial-del-Libro-CAMISETA-300x225.jpg 300w, https:\/\/www.medellin.gov.co\/es\/wp-content\/uploads\/2025\/09\/Imagen-Capital-Mundial-del-Libro-CAMISETA-150x113.jpg 150w, https:\/\/www.medellin.gov.co\/es\/wp-content\/uploads\/2025\/09\/Imagen-Capital-Mundial-del-Libro-CAMISETA-768x576.jpg 768w\" sizes=\"(max-width: 960px) 100vw, 960px\" \/><p id=\"caption-attachment-454578\" class=\"wp-caption-text\">El escritor mexicano Hiram Ruvalcaba fue uno de los invitados a la 19.\u00aa Fiesta del Libro y la Cultura de Medell\u00edn.<\/p><\/div>\n<h4><strong>\u00bfQu\u00e9 consejo le da a quien sue\u00f1a con ser un gran escritor?<\/strong><\/h4>\n<p>\u201cUna vez visit\u00e9 a Fernando del Paso, yo creo que mi escritor mexicano favorito de todos los tiempos, y me dio un consejo: \u2018Si t\u00fa quieres ser escritor tienes dos caminos: leer mucho y escribir mucho. No hay ning\u00fan atajo\u2019\u201d.<\/p>\n","protected":false},"excerpt":{"rendered":"<p>Jalisco (M\u00e9xico) es el invitado de honor de la 19.\u00aa Fiesta del Libro y la Cultura de Medell\u00edn, que va hasta el domingo 21 de septiembre. En 2022, Guadalajara (Jalisco) fue nombrada Capital Mundial del &#8230;<\/p>\n","protected":false},"author":97,"featured_media":454565,"comment_status":"open","ping_status":"open","sticky":false,"template":"","format":"standard","meta":[],"categories":[531,31],"tags":[444,431,428],"formato_nota":[],"programas_tax":[],"acf":[],"_links":{"self":[{"href":"https:\/\/www.medellin.gov.co\/es\/wp-json\/wp\/v2\/posts\/454534"}],"collection":[{"href":"https:\/\/www.medellin.gov.co\/es\/wp-json\/wp\/v2\/posts"}],"about":[{"href":"https:\/\/www.medellin.gov.co\/es\/wp-json\/wp\/v2\/types\/post"}],"author":[{"embeddable":true,"href":"https:\/\/www.medellin.gov.co\/es\/wp-json\/wp\/v2\/users\/97"}],"replies":[{"embeddable":true,"href":"https:\/\/www.medellin.gov.co\/es\/wp-json\/wp\/v2\/comments?post=454534"}],"version-history":[{"count":3,"href":"https:\/\/www.medellin.gov.co\/es\/wp-json\/wp\/v2\/posts\/454534\/revisions"}],"predecessor-version":[{"id":454584,"href":"https:\/\/www.medellin.gov.co\/es\/wp-json\/wp\/v2\/posts\/454534\/revisions\/454584"}],"wp:featuredmedia":[{"embeddable":true,"href":"https:\/\/www.medellin.gov.co\/es\/wp-json\/wp\/v2\/media\/454565"}],"wp:attachment":[{"href":"https:\/\/www.medellin.gov.co\/es\/wp-json\/wp\/v2\/media?parent=454534"}],"wp:term":[{"taxonomy":"category","embeddable":true,"href":"https:\/\/www.medellin.gov.co\/es\/wp-json\/wp\/v2\/categories?post=454534"},{"taxonomy":"post_tag","embeddable":true,"href":"https:\/\/www.medellin.gov.co\/es\/wp-json\/wp\/v2\/tags?post=454534"},{"taxonomy":"formato_nota","embeddable":true,"href":"https:\/\/www.medellin.gov.co\/es\/wp-json\/wp\/v2\/formato_nota?post=454534"},{"taxonomy":"programas_tax","embeddable":true,"href":"https:\/\/www.medellin.gov.co\/es\/wp-json\/wp\/v2\/programas_tax?post=454534"}],"curies":[{"name":"wp","href":"https:\/\/api.w.org\/{rel}","templated":true}]}}