{"id":454950,"date":"2025-09-15T15:25:48","date_gmt":"2025-09-15T20:25:48","guid":{"rendered":"https:\/\/www.medellin.gov.co\/es\/?p=454950"},"modified":"2025-09-15T15:25:48","modified_gmt":"2025-09-15T20:25:48","slug":"hospital-general-de-medellin-y-fundacion-infantil-santiago-corazon-se-unen-por-la-deteccion-temprana-de-cardiopatias","status":"publish","type":"post","link":"https:\/\/www.medellin.gov.co\/es\/sala-de-prensa\/noticias\/hospital-general-de-medellin-y-fundacion-infantil-santiago-corazon-se-unen-por-la-deteccion-temprana-de-cardiopatias\/","title":{"rendered":"Hospital General de Medell\u00edn y Fundaci\u00f3n Infantil Santiago Coraz\u00f3n se unen por la detecci\u00f3n temprana de cardiopat\u00edas"},"content":{"rendered":"<ul>\n<li>La fundaci\u00f3n busca recaudar fondos para adquirir un ecocardi\u00f3grafo infantil para el hospital, que permitir\u00eda hacer m\u00e1s de 2.000 estudios al a\u00f1o.<\/li>\n<li>En Colombia, de 5.000 ni\u00f1os diagnosticados con cardiopat\u00edas cada a\u00f1o, solo 2.500 reciben atenci\u00f3n oportuna.<\/li>\n<\/ul>\n<!--[if lt IE 9]><script>document.createElement('audio');<\/script><![endif]-->\n\t<div class=\"wp-playlist wp-audio-playlist wp-playlist-light\">\n\t\t\t<div class=\"wp-playlist-current-item\"><\/div>\n\t\t<audio controls=\"controls\" preload=\"none\" width=\"640\"\n\t\t\t><\/audio>\n\t<div class=\"wp-playlist-next\"><\/div>\n\t<div class=\"wp-playlist-prev\"><\/div>\n\t<noscript>\n\t<ol>\n\t\t<li><a href='https:\/\/www.medellin.gov.co\/es\/wp-content\/uploads\/2025\/09\/Declaraciones-directora-de-la-Fundacion-Infantil-Santiago-Corazon-Luisa-Fernanda-Muriel.mp3'>Declaraciones directora de la Fundaci\u00f3n Infantil Santiago Coraz\u00f3n, Luisa Fernanda Muriel<\/a><\/li><li><a href='https:\/\/www.medellin.gov.co\/es\/wp-content\/uploads\/2025\/09\/Declaraciones-gerente-del-Hospital-General-Maria-del-Pilar-Duque-Loaiza.mp3'>Declaraciones gerente del Hospital General, Mar\u00eda del Pilar Duque Loaiza<\/a><\/li>\t<\/ol>\n\t<\/noscript>\n\t<script type=\"application\/json\" class=\"wp-playlist-script\">{\"type\":\"audio\",\"tracklist\":true,\"tracknumbers\":true,\"images\":true,\"artists\":true,\"tracks\":[{\"src\":\"https:\\\/\\\/www.medellin.gov.co\\\/es\\\/wp-content\\\/uploads\\\/2025\\\/09\\\/Declaraciones-directora-de-la-Fundacion-Infantil-Santiago-Corazon-Luisa-Fernanda-Muriel.mp3\",\"type\":\"audio\\\/mpeg\",\"title\":\"Declaraciones directora de la Fundaci\\u00f3n Infantil Santiago Coraz\\u00f3n, Luisa Fernanda Muriel\",\"caption\":\"\",\"description\":\"\\u00abDeclaraciones directora de la Fundaci\\u00f3n Infantil Santiago Coraz\\u00f3n, Luisa Fernanda Muriel\\u00bb. G\\u00e9nero: Blues.\",\"meta\":{\"genre\":\"Blues\",\"length_formatted\":\"1:07\"},\"image\":{\"src\":\"https:\\\/\\\/www.medellin.gov.co\\\/es\\\/wp-includes\\\/images\\\/media\\\/audio.png\",\"width\":48,\"height\":64},\"thumb\":{\"src\":\"https:\\\/\\\/www.medellin.gov.co\\\/es\\\/wp-includes\\\/images\\\/media\\\/audio.png\",\"width\":48,\"height\":64}},{\"src\":\"https:\\\/\\\/www.medellin.gov.co\\\/es\\\/wp-content\\\/uploads\\\/2025\\\/09\\\/Declaraciones-gerente-del-Hospital-General-Maria-del-Pilar-Duque-Loaiza.mp3\",\"type\":\"audio\\\/mpeg\",\"title\":\"Declaraciones gerente del Hospital General, Mar\\u00eda del Pilar Duque Loaiza\",\"caption\":\"\",\"description\":\"\\u00abDeclaraciones gerente del Hospital General, Mar\\u00eda del Pilar Duque Loaiza\\u00bb. G\\u00e9nero: Blues.\",\"meta\":{\"genre\":\"Blues\",\"length_formatted\":\"0:51\"},\"image\":{\"src\":\"https:\\\/\\\/www.medellin.gov.co\\\/es\\\/wp-includes\\\/images\\\/media\\\/audio.png\",\"width\":48,\"height\":64},\"thumb\":{\"src\":\"https:\\\/\\\/www.medellin.gov.co\\\/es\\\/wp-includes\\\/images\\\/media\\\/audio.png\",\"width\":48,\"height\":64}}]}<\/script>\n<\/div>\n\t\n<p>El Hospital General de Medell\u00edn y la Fundaci\u00f3n Infantil Santiago Coraz\u00f3n anunciaron una alianza por la salud de los ni\u00f1os m\u00e1s vulnerables de la ciudad, de otros territorios de Antioquia, C\u00f3rdoba y Choc\u00f3. El objetivo es la adquisici\u00f3n de un ecocardi\u00f3grafo pedi\u00e1trico de \u00faltima tecnolog\u00eda, esencial para lograr diagn\u00f3sticos precisos y oportunos, particularmente para la detecci\u00f3n temprana de cardiopat\u00edas cong\u00e9nitas, en los cerca de 4.000 nacimientos anuales que atiende la instituci\u00f3n.<\/p>\n<p><img loading=\"lazy\" class=\"size-full wp-image-366193\" src=\"https:\/\/www.medellin.gov.co\/es\/wp-content\/uploads\/2024\/11\/madre-canguro-hgm-3.jpg\" alt=\"En sus 18 a\u00f1os, programa Madre Canguro del Hospital General de Medell\u00edn ha atendido 10.311 beb\u00e9s prematuros\" width=\"1200\" height=\"675\" srcset=\"https:\/\/www.medellin.gov.co\/es\/wp-content\/uploads\/2024\/11\/madre-canguro-hgm-3.jpg 1200w, https:\/\/www.medellin.gov.co\/es\/wp-content\/uploads\/2024\/11\/madre-canguro-hgm-3-300x169.jpg 300w, https:\/\/www.medellin.gov.co\/es\/wp-content\/uploads\/2024\/11\/madre-canguro-hgm-3-1024x576.jpg 1024w, https:\/\/www.medellin.gov.co\/es\/wp-content\/uploads\/2024\/11\/madre-canguro-hgm-3-150x84.jpg 150w, https:\/\/www.medellin.gov.co\/es\/wp-content\/uploads\/2024\/11\/madre-canguro-hgm-3-768x432.jpg 768w\" sizes=\"(max-width: 1200px) 100vw, 1200px\" \/><\/p>\n<p><em>\u00abEstamos convencidos de que cuando unimos voluntades, los latidos se multiplican. Agradecemos profundamente a la fundaci\u00f3n por creer en este prop\u00f3sito y los invitamos a todos a sumarse. El hospital atiende la alta complejidad en la ciudad y el departamento. Esta acci\u00f3n apunta a la atenci\u00f3n de la Ruta Materno Perinatal y la Ruta de Atenci\u00f3n Pedi\u00e1trica, prioridades que nos hemos trazado desde la Administraci\u00f3n Distrital\u00bb<\/em>, dijo la gerente del Hospital General, Mar\u00eda del Pilar Duque Loaiza.<\/p>\n<p>En el marco de esta uni\u00f3n, Santiago Coraz\u00f3n lanz\u00f3 la campa\u00f1a de donaciones \u201cUn Eco para la Vida: la detecci\u00f3n a tiempo empieza con el equipo correcto\u201d, con la que hace un llamado a la ciudadan\u00eda a sumarse a esta causa. Actualmente, el Hospital General requiere fortalecer la atenci\u00f3n para los neonatos, lo que hace urgente la adquisici\u00f3n de un ecocardi\u00f3grafo.<\/p>\n<p><em>\u201cEn Santiago Coraz\u00f3n somos conscientes de las necesidades del hospital y estamos sumando fuerzas para que los ni\u00f1os cuenten con un equipo nuevo, una herramienta invaluable para seguir salvando vidas\u201d<\/em>, se\u00f1al\u00f3 la directora de la Fundaci\u00f3n Infantil Santiago Coraz\u00f3n, Luisa Fernanda Muriel.<\/p>\n<p><img loading=\"lazy\" class=\"alignnone size-full wp-image-51820\" src=\"https:\/\/www.medellin.gov.co\/es\/wp-content\/uploads\/2022\/03\/20210929-Dia-del-Corazon-1.jpg\" alt=\"\" width=\"500\" height=\"400\" srcset=\"https:\/\/www.medellin.gov.co\/es\/wp-content\/uploads\/2022\/03\/20210929-Dia-del-Corazon-1.jpg 500w, https:\/\/www.medellin.gov.co\/es\/wp-content\/uploads\/2022\/03\/20210929-Dia-del-Corazon-1-300x240.jpg 300w, https:\/\/www.medellin.gov.co\/es\/wp-content\/uploads\/2022\/03\/20210929-Dia-del-Corazon-1-150x120.jpg 150w\" sizes=\"(max-width: 500px) 100vw, 500px\" \/><\/p>\n<p>De los 5.000 ni\u00f1os diagnosticados con cardiopat\u00edas en Colombia cada a\u00f1o, solo 2.500 reciben atenci\u00f3n oportuna. Con esta campa\u00f1a, se espera cambiar la realidad y ofrecer esperanza a miles de familias.<\/p>\n<p>La alianza contempla acciones sociales, l\u00fadicas y culturales para incentivar la donaci\u00f3n. Dentro de esta programaci\u00f3n se destaca una cena ben\u00e9fica el pr\u00f3ximo 29 de septiembre, un espacio de encuentro solidario con aporte por persona, en el que se promover\u00e1 la vinculaci\u00f3n de m\u00e1s aliados a esta causa. Las personas interesadas en donar pueden consultar las redes sociales de la fundaci\u00f3n o ingresar a <a href=\"https:\/\/santiagocorazon.org\/\" target=\"_blank\" rel=\"noopener\">http:\/\/www.santiagocorazon.org<\/a><\/p>\n","protected":false},"excerpt":{"rendered":"<p>La fundaci\u00f3n busca recaudar fondos para adquirir un ecocardi\u00f3grafo infantil para el hospital, que permitir\u00eda hacer m\u00e1s de 2.000 estudios al a\u00f1o. En Colombia, de 5.000 ni\u00f1os diagnosticados con cardiopat\u00edas cada a\u00f1o, solo 2.500 reciben &#8230;<\/p>\n","protected":false},"author":95,"featured_media":416617,"comment_status":"open","ping_status":"open","sticky":false,"template":"","format":"standard","meta":[],"categories":[17],"tags":[634,452],"formato_nota":[],"programas_tax":[],"acf":[],"_links":{"self":[{"href":"https:\/\/www.medellin.gov.co\/es\/wp-json\/wp\/v2\/posts\/454950"}],"collection":[{"href":"https:\/\/www.medellin.gov.co\/es\/wp-json\/wp\/v2\/posts"}],"about":[{"href":"https:\/\/www.medellin.gov.co\/es\/wp-json\/wp\/v2\/types\/post"}],"author":[{"embeddable":true,"href":"https:\/\/www.medellin.gov.co\/es\/wp-json\/wp\/v2\/users\/95"}],"replies":[{"embeddable":true,"href":"https:\/\/www.medellin.gov.co\/es\/wp-json\/wp\/v2\/comments?post=454950"}],"version-history":[{"count":1,"href":"https:\/\/www.medellin.gov.co\/es\/wp-json\/wp\/v2\/posts\/454950\/revisions"}],"predecessor-version":[{"id":454955,"href":"https:\/\/www.medellin.gov.co\/es\/wp-json\/wp\/v2\/posts\/454950\/revisions\/454955"}],"wp:featuredmedia":[{"embeddable":true,"href":"https:\/\/www.medellin.gov.co\/es\/wp-json\/wp\/v2\/media\/416617"}],"wp:attachment":[{"href":"https:\/\/www.medellin.gov.co\/es\/wp-json\/wp\/v2\/media?parent=454950"}],"wp:term":[{"taxonomy":"category","embeddable":true,"href":"https:\/\/www.medellin.gov.co\/es\/wp-json\/wp\/v2\/categories?post=454950"},{"taxonomy":"post_tag","embeddable":true,"href":"https:\/\/www.medellin.gov.co\/es\/wp-json\/wp\/v2\/tags?post=454950"},{"taxonomy":"formato_nota","embeddable":true,"href":"https:\/\/www.medellin.gov.co\/es\/wp-json\/wp\/v2\/formato_nota?post=454950"},{"taxonomy":"programas_tax","embeddable":true,"href":"https:\/\/www.medellin.gov.co\/es\/wp-json\/wp\/v2\/programas_tax?post=454950"}],"curies":[{"name":"wp","href":"https:\/\/api.w.org\/{rel}","templated":true}]}}