{"id":456583,"date":"2025-09-18T22:29:11","date_gmt":"2025-09-19T03:29:11","guid":{"rendered":"https:\/\/www.medellin.gov.co\/es\/?p=456583"},"modified":"2025-09-18T22:29:11","modified_gmt":"2025-09-19T03:29:11","slug":"el-complejo-acuatico-sera-uno-de-los-atractivos-del-gran-parque-medellin","status":"publish","type":"post","link":"https:\/\/www.medellin.gov.co\/es\/sala-de-prensa\/noticias\/el-complejo-acuatico-sera-uno-de-los-atractivos-del-gran-parque-medellin\/","title":{"rendered":"El complejo acu\u00e1tico ser\u00e1 uno de los atractivos del Gran Parque Medell\u00edn"},"content":{"rendered":"<p>Con la construcci\u00f3n de dos piscinas ol\u00edmpicas y dos de aprendizaje, adem\u00e1s de grader\u00eda y un gran espacio de zonas comunes, el nuevo complejo acu\u00e1tico Carlos Mauro Hoyos ser\u00e1 uno de los principales atractivos deportivos y recreativos del Gran Parque Medell\u00edn.<\/p>\n<!--[if lt IE 9]><script>document.createElement('audio');<\/script><![endif]-->\n\t<div class=\"wp-playlist wp-audio-playlist wp-playlist-light\">\n\t\t\t<div class=\"wp-playlist-current-item\"><\/div>\n\t\t<audio controls=\"controls\" preload=\"none\" width=\"640\"\n\t\t\t><\/audio>\n\t<div class=\"wp-playlist-next\"><\/div>\n\t<div class=\"wp-playlist-prev\"><\/div>\n\t<noscript>\n\t<ol>\n\t\t<li><a href='https:\/\/www.medellin.gov.co\/es\/wp-content\/uploads\/2025\/09\/Declaraciones-del-alcalde-de-Medellin-Federico-Gutierrez-01-5.mp3'>Declaraciones del alcalde de Medell\u00edn, Federico Guti\u00e9rrez 01<\/a><\/li>\t<\/ol>\n\t<\/noscript>\n\t<script type=\"application\/json\" class=\"wp-playlist-script\">{\"type\":\"audio\",\"tracklist\":true,\"tracknumbers\":true,\"images\":true,\"artists\":true,\"tracks\":[{\"src\":\"https:\\\/\\\/www.medellin.gov.co\\\/es\\\/wp-content\\\/uploads\\\/2025\\\/09\\\/Declaraciones-del-alcalde-de-Medellin-Federico-Gutierrez-01-5.mp3\",\"type\":\"audio\\\/mpeg\",\"title\":\"Declaraciones del alcalde de Medell\\u00edn, Federico Guti\\u00e9rrez 01\",\"caption\":\"\",\"description\":\"\\u00abDeclaraciones del alcalde de Medell\\u00edn, Federico Guti\\u00e9rrez 01\\u00bb.\",\"meta\":{\"genre\":\"Blues\",\"length_formatted\":\"1:28\"},\"image\":{\"src\":\"https:\\\/\\\/www.medellin.gov.co\\\/es\\\/wp-includes\\\/images\\\/media\\\/audio.png\",\"width\":48,\"height\":64},\"thumb\":{\"src\":\"https:\\\/\\\/www.medellin.gov.co\\\/es\\\/wp-includes\\\/images\\\/media\\\/audio.png\",\"width\":48,\"height\":64}}]}<\/script>\n<\/div>\n\t\n<p>Esta franja de intervenci\u00f3n, que estar\u00e1 donde se encuentra el coliseo y una escuela de conducci\u00f3n para motociclistas, tambi\u00e9n contar\u00e1 con \u00e1reas para vestidores, camerinos, ba\u00f1os, casilleros, zona t\u00e9cnica y de acondicionamiento, ventanas para el registro de los nadadores y espacios verdes.<\/p>\n<p>La <a href=\"https:\/\/www.edu.gov.co\/\" target=\"_blank\" rel=\"noopener\">Empresa de Desarrollo Urbano<\/a> y el Instituto de Deportes y Recreaci\u00f3n avanzan con los dise\u00f1os finales de esta etapa, cuyas obras se desarrollar\u00e1n entre el primer trimestre de 2026 y el segundo trimestre de 2027.<\/p>\n<p><a href=\"https:\/\/www.medellin.gov.co\/es\/wp-content\/uploads\/2025\/09\/Render-del-futuro-complejo-acuatico-aeroparque.jpg\" target=\"_blank\" rel=\"noopener\"><img loading=\"lazy\" class=\"alignnone wp-image-456554 size-full\" src=\"https:\/\/www.medellin.gov.co\/es\/wp-content\/uploads\/2025\/09\/Render-del-futuro-complejo-acuatico-aeroparque.jpg\" alt=\"Render del futuro complejo acu\u00e1tico aeroparque\" width=\"1280\" height=\"720\" srcset=\"https:\/\/www.medellin.gov.co\/es\/wp-content\/uploads\/2025\/09\/Render-del-futuro-complejo-acuatico-aeroparque.jpg 1280w, https:\/\/www.medellin.gov.co\/es\/wp-content\/uploads\/2025\/09\/Render-del-futuro-complejo-acuatico-aeroparque-300x169.jpg 300w, https:\/\/www.medellin.gov.co\/es\/wp-content\/uploads\/2025\/09\/Render-del-futuro-complejo-acuatico-aeroparque-1024x576.jpg 1024w, https:\/\/www.medellin.gov.co\/es\/wp-content\/uploads\/2025\/09\/Render-del-futuro-complejo-acuatico-aeroparque-150x84.jpg 150w, https:\/\/www.medellin.gov.co\/es\/wp-content\/uploads\/2025\/09\/Render-del-futuro-complejo-acuatico-aeroparque-768x432.jpg 768w\" sizes=\"(max-width: 1280px) 100vw, 1280px\" \/><\/a><\/p>\n<p>En el complejo acu\u00e1tico se incorporar\u00e1 un \u00e1rea de transici\u00f3n para triatl\u00f3n con capacidad aproximada para 200 bicicletas. Asimismo, se proyecta la relocalizaci\u00f3n de las zonas de parkour y biketrial en el urbanismo del nuevo acceso al complejo, siguiendo las especificaciones necesarias para preservar estas disciplinas. La zona de agility ser\u00e1 trasladada a un \u00e1rea verde abierta y la del minitejo se reubicar\u00e1 en el sector del acceso sur, respondiendo a requerimientos de espacio y a los retiros exigidos por la infraestructura del Siata.<\/p>\n<p>La intervenci\u00f3n ampl\u00eda y mejora la oferta deportiva y recreativa, con \u00e9nfasis en la pr\u00e1ctica de triatl\u00f3n y en la atenci\u00f3n al d\u00e9ficit de escenarios acu\u00e1ticos en Bel\u00e9n y Guayabal. Esta es una de las cinco fases de este gran proyecto metropolitano.<\/p>\n","protected":false},"excerpt":{"rendered":"<p>Con la construcci\u00f3n de dos piscinas ol\u00edmpicas y dos de aprendizaje, adem\u00e1s de grader\u00eda y un gran espacio de zonas comunes, el nuevo complejo acu\u00e1tico Carlos Mauro Hoyos ser\u00e1 uno de los principales atractivos deportivos &#8230;<\/p>\n","protected":false},"author":21,"featured_media":456553,"comment_status":"open","ping_status":"open","sticky":false,"template":"","format":"standard","meta":[],"categories":[26],"tags":[442],"formato_nota":[],"programas_tax":[],"acf":[],"_links":{"self":[{"href":"https:\/\/www.medellin.gov.co\/es\/wp-json\/wp\/v2\/posts\/456583"}],"collection":[{"href":"https:\/\/www.medellin.gov.co\/es\/wp-json\/wp\/v2\/posts"}],"about":[{"href":"https:\/\/www.medellin.gov.co\/es\/wp-json\/wp\/v2\/types\/post"}],"author":[{"embeddable":true,"href":"https:\/\/www.medellin.gov.co\/es\/wp-json\/wp\/v2\/users\/21"}],"replies":[{"embeddable":true,"href":"https:\/\/www.medellin.gov.co\/es\/wp-json\/wp\/v2\/comments?post=456583"}],"version-history":[{"count":1,"href":"https:\/\/www.medellin.gov.co\/es\/wp-json\/wp\/v2\/posts\/456583\/revisions"}],"predecessor-version":[{"id":456585,"href":"https:\/\/www.medellin.gov.co\/es\/wp-json\/wp\/v2\/posts\/456583\/revisions\/456585"}],"wp:featuredmedia":[{"embeddable":true,"href":"https:\/\/www.medellin.gov.co\/es\/wp-json\/wp\/v2\/media\/456553"}],"wp:attachment":[{"href":"https:\/\/www.medellin.gov.co\/es\/wp-json\/wp\/v2\/media?parent=456583"}],"wp:term":[{"taxonomy":"category","embeddable":true,"href":"https:\/\/www.medellin.gov.co\/es\/wp-json\/wp\/v2\/categories?post=456583"},{"taxonomy":"post_tag","embeddable":true,"href":"https:\/\/www.medellin.gov.co\/es\/wp-json\/wp\/v2\/tags?post=456583"},{"taxonomy":"formato_nota","embeddable":true,"href":"https:\/\/www.medellin.gov.co\/es\/wp-json\/wp\/v2\/formato_nota?post=456583"},{"taxonomy":"programas_tax","embeddable":true,"href":"https:\/\/www.medellin.gov.co\/es\/wp-json\/wp\/v2\/programas_tax?post=456583"}],"curies":[{"name":"wp","href":"https:\/\/api.w.org\/{rel}","templated":true}]}}