{"id":456587,"date":"2025-09-18T22:36:25","date_gmt":"2025-09-19T03:36:25","guid":{"rendered":"https:\/\/www.medellin.gov.co\/es\/?p=456587"},"modified":"2025-09-18T22:36:25","modified_gmt":"2025-09-19T03:36:25","slug":"1-500-mujeres-de-medellin-fortalecen-sus-capacidades-para-la-autonomia-economica-y-la-equidad-de-genero-en-el-empleo","status":"publish","type":"post","link":"https:\/\/www.medellin.gov.co\/es\/sala-de-prensa\/noticias\/1-500-mujeres-de-medellin-fortalecen-sus-capacidades-para-la-autonomia-economica-y-la-equidad-de-genero-en-el-empleo\/","title":{"rendered":"1.500 mujeres de Medell\u00edn fortalecen sus capacidades para la autonom\u00eda econ\u00f3mica y la equidad de g\u00e9nero en el empleo"},"content":{"rendered":"<ul>\n<li>Entre los retos est\u00e1 el desarrollo de habilidades digitales, financieras y administrativas para que las mujeres emprendan o accedan a empleos formales.<\/li>\n<li>Tambi\u00e9n, se articulan esfuerzos entre el sector p\u00fablico, privado y social para promover oportunidades laborales.<\/li>\n<\/ul>\n<!--[if lt IE 9]><script>document.createElement('audio');<\/script><![endif]-->\n\t<div class=\"wp-playlist wp-audio-playlist wp-playlist-light\">\n\t\t\t<div class=\"wp-playlist-current-item\"><\/div>\n\t\t<audio controls=\"controls\" preload=\"none\" width=\"640\"\n\t\t\t><\/audio>\n\t<div class=\"wp-playlist-next\"><\/div>\n\t<div class=\"wp-playlist-prev\"><\/div>\n\t<noscript>\n\t<ol>\n\t\t<li><a href='https:\/\/www.medellin.gov.co\/es\/wp-content\/uploads\/2025\/09\/Declaraciones-de-la-secretaria-de-Mujeres-Valeria-Molina.mp3'>Declaraciones de la secretaria de Mujeres, Valeria Molina<\/a><\/li>\t<\/ol>\n\t<\/noscript>\n\t<script type=\"application\/json\" class=\"wp-playlist-script\">{\"type\":\"audio\",\"tracklist\":true,\"tracknumbers\":true,\"images\":true,\"artists\":true,\"tracks\":[{\"src\":\"https:\\\/\\\/www.medellin.gov.co\\\/es\\\/wp-content\\\/uploads\\\/2025\\\/09\\\/Declaraciones-de-la-secretaria-de-Mujeres-Valeria-Molina.mp3\",\"type\":\"audio\\\/mpeg\",\"title\":\"Declaraciones de la secretaria de Mujeres, Valeria Molina\",\"caption\":\"\",\"description\":\"\\u00abDeclaraciones de la secretaria de Mujeres, Valeria Molina\\u00bb. G\\u00e9nero: Blues.\",\"meta\":{\"genre\":\"Blues\",\"length_formatted\":\"1:01\"},\"image\":{\"src\":\"https:\\\/\\\/www.medellin.gov.co\\\/es\\\/wp-includes\\\/images\\\/media\\\/audio.png\",\"width\":48,\"height\":64},\"thumb\":{\"src\":\"https:\\\/\\\/www.medellin.gov.co\\\/es\\\/wp-includes\\\/images\\\/media\\\/audio.png\",\"width\":48,\"height\":64}}]}<\/script>\n<\/div>\n\t\n<p>Con el proyecto Decididas y la Alianza para la Igualdad de G\u00e9nero, Medell\u00edn trabaja continuamente para ofrecer herramientas y generar consciencia, de modo que hombres y mujeres reciban la misma remuneraci\u00f3n por un trabajo de igual valor. Esto se enmarca en el D\u00eda Internacional de la Igualdad Salarial, establecido por la <a href=\"https:\/\/www.un.org\/es\/about-us\" target=\"_blank\" rel=\"noopener\">Organizaci\u00f3n de las Naciones Unidas -ONU-<\/a>, que se conmemora el 18 de septiembre.<\/p>\n<p>Seg\u00fan el Observatorio de Igualdad de G\u00e9nero para las Mujeres de Medell\u00edn, con base en datos del DANE, la brecha salarial de la ciudad en 2023 fue de 13.3 % En 2024, seg\u00fan la Encuesta de Calidad de Vida, la desigualdad se acentu\u00f3 entre quienes trabajan de manera independiente, con una diferencia anual de casi $1.8 millones en contra de las mujeres.<\/p>\n<p><a href=\"https:\/\/www.medellin.gov.co\/es\/wp-content\/uploads\/2025\/09\/Imagen-de-mujeres-escribiendo.jpg\" target=\"_blank\" rel=\"noopener\"><img loading=\"lazy\" class=\"alignnone wp-image-456570 size-full\" src=\"https:\/\/www.medellin.gov.co\/es\/wp-content\/uploads\/2025\/09\/Imagen-de-mujeres-escribiendo.jpg\" alt=\"Imagen de mujeres escribiendo\" width=\"1141\" height=\"760\" srcset=\"https:\/\/www.medellin.gov.co\/es\/wp-content\/uploads\/2025\/09\/Imagen-de-mujeres-escribiendo.jpg 1141w, https:\/\/www.medellin.gov.co\/es\/wp-content\/uploads\/2025\/09\/Imagen-de-mujeres-escribiendo-300x200.jpg 300w, https:\/\/www.medellin.gov.co\/es\/wp-content\/uploads\/2025\/09\/Imagen-de-mujeres-escribiendo-1024x682.jpg 1024w, https:\/\/www.medellin.gov.co\/es\/wp-content\/uploads\/2025\/09\/Imagen-de-mujeres-escribiendo-150x100.jpg 150w, https:\/\/www.medellin.gov.co\/es\/wp-content\/uploads\/2025\/09\/Imagen-de-mujeres-escribiendo-768x512.jpg 768w\" sizes=\"(max-width: 1141px) 100vw, 1141px\" \/><\/a><\/p>\n<p>\u201c<em>Conmemorar el D\u00eda de la Igualdad Salarial es una oportunidad para visibilizar lo que a\u00fan nos falta en la construcci\u00f3n de igualdad de oportunidades entre hombres y mujeres en el \u00e1mbito econ\u00f3mico. Seguimos construyendo una Medell\u00edn para todas, donde las mujeres tengan acceso a recursos, fortalezcan su autonom\u00eda y puedan vivir de manera independiente<\/em>\u201d, dijo la secretaria de las Mujeres, Valeria Molina.<\/p>\n<p>Con el proyecto Decididas se ha consolidado la apuesta por el desarrollo de habilidades digitales, financieras y administrativas para emprender o acceder a empleos formales, con enfoque en mujeres rurales, jefas de hogar, j\u00f3venes, mayores de 60 a\u00f1os, ind\u00edgenas, afrodescendientes, v\u00edctimas de violencias, firmantes de paz y trabajadoras informales. Las acciones comprenden sensibilizaci\u00f3n, orientaci\u00f3n y acompa\u00f1amiento.<\/p>\n<p><a href=\"https:\/\/www.medellin.gov.co\/es\/wp-content\/uploads\/2025\/09\/Imagen-de-mujeres-en-prueba-de-maquillaje-de-unas.jpg\" target=\"_blank\" rel=\"noopener\"><img loading=\"lazy\" class=\"alignnone wp-image-456572 size-full\" src=\"https:\/\/www.medellin.gov.co\/es\/wp-content\/uploads\/2025\/09\/Imagen-de-mujeres-en-prueba-de-maquillaje-de-unas.jpg\" alt=\"Imagen de mujeres en prueba de maquillaje de u\u00f1as\" width=\"1141\" height=\"760\" srcset=\"https:\/\/www.medellin.gov.co\/es\/wp-content\/uploads\/2025\/09\/Imagen-de-mujeres-en-prueba-de-maquillaje-de-unas.jpg 1141w, https:\/\/www.medellin.gov.co\/es\/wp-content\/uploads\/2025\/09\/Imagen-de-mujeres-en-prueba-de-maquillaje-de-unas-300x200.jpg 300w, https:\/\/www.medellin.gov.co\/es\/wp-content\/uploads\/2025\/09\/Imagen-de-mujeres-en-prueba-de-maquillaje-de-unas-1024x682.jpg 1024w, https:\/\/www.medellin.gov.co\/es\/wp-content\/uploads\/2025\/09\/Imagen-de-mujeres-en-prueba-de-maquillaje-de-unas-150x100.jpg 150w, https:\/\/www.medellin.gov.co\/es\/wp-content\/uploads\/2025\/09\/Imagen-de-mujeres-en-prueba-de-maquillaje-de-unas-768x512.jpg 768w\" sizes=\"(max-width: 1141px) 100vw, 1141px\" \/><\/a><\/p>\n<p>Por su parte, la Alianza para la Igualdad de G\u00e9nero articula esfuerzos entre el sector p\u00fablico, privado y social para promover oportunidades laborales, reducir brechas de g\u00e9nero en el empleo y fortalecer la autonom\u00eda econ\u00f3mica, con formaci\u00f3n, vinculaci\u00f3n y corresponsabilidad empresarial.<\/p>\n<p>Es as\u00ed como la Administraci\u00f3n Distrital reafirma su compromiso con la justicia econ\u00f3mica, la equidad de g\u00e9nero y el fomento de decisiones libres entre las ciudadanas sobre su vida y su tiempo.<\/p>\n","protected":false},"excerpt":{"rendered":"<p>Entre los retos est\u00e1 el desarrollo de habilidades digitales, financieras y administrativas para que las mujeres emprendan o accedan a empleos formales. Tambi\u00e9n, se articulan esfuerzos entre el sector p\u00fablico, privado y social para promover &#8230;<\/p>\n","protected":false},"author":21,"featured_media":456574,"comment_status":"open","ping_status":"open","sticky":false,"template":"","format":"standard","meta":[],"categories":[15],"tags":[451,691],"formato_nota":[],"programas_tax":[],"acf":[],"_links":{"self":[{"href":"https:\/\/www.medellin.gov.co\/es\/wp-json\/wp\/v2\/posts\/456587"}],"collection":[{"href":"https:\/\/www.medellin.gov.co\/es\/wp-json\/wp\/v2\/posts"}],"about":[{"href":"https:\/\/www.medellin.gov.co\/es\/wp-json\/wp\/v2\/types\/post"}],"author":[{"embeddable":true,"href":"https:\/\/www.medellin.gov.co\/es\/wp-json\/wp\/v2\/users\/21"}],"replies":[{"embeddable":true,"href":"https:\/\/www.medellin.gov.co\/es\/wp-json\/wp\/v2\/comments?post=456587"}],"version-history":[{"count":1,"href":"https:\/\/www.medellin.gov.co\/es\/wp-json\/wp\/v2\/posts\/456587\/revisions"}],"predecessor-version":[{"id":456590,"href":"https:\/\/www.medellin.gov.co\/es\/wp-json\/wp\/v2\/posts\/456587\/revisions\/456590"}],"wp:featuredmedia":[{"embeddable":true,"href":"https:\/\/www.medellin.gov.co\/es\/wp-json\/wp\/v2\/media\/456574"}],"wp:attachment":[{"href":"https:\/\/www.medellin.gov.co\/es\/wp-json\/wp\/v2\/media?parent=456587"}],"wp:term":[{"taxonomy":"category","embeddable":true,"href":"https:\/\/www.medellin.gov.co\/es\/wp-json\/wp\/v2\/categories?post=456587"},{"taxonomy":"post_tag","embeddable":true,"href":"https:\/\/www.medellin.gov.co\/es\/wp-json\/wp\/v2\/tags?post=456587"},{"taxonomy":"formato_nota","embeddable":true,"href":"https:\/\/www.medellin.gov.co\/es\/wp-json\/wp\/v2\/formato_nota?post=456587"},{"taxonomy":"programas_tax","embeddable":true,"href":"https:\/\/www.medellin.gov.co\/es\/wp-json\/wp\/v2\/programas_tax?post=456587"}],"curies":[{"name":"wp","href":"https:\/\/api.w.org\/{rel}","templated":true}]}}