{"id":456593,"date":"2025-09-18T22:42:32","date_gmt":"2025-09-19T03:42:32","guid":{"rendered":"https:\/\/www.medellin.gov.co\/es\/?p=456593"},"modified":"2025-09-18T22:42:32","modified_gmt":"2025-09-19T03:42:32","slug":"a-nombre-de-la-caridad-la-gente-cree-que-hace-bien-pero-esta-condenando-a-nuestros-ninos-alcalde-federico-gutierrez","status":"publish","type":"post","link":"https:\/\/www.medellin.gov.co\/es\/sala-de-prensa\/noticias\/a-nombre-de-la-caridad-la-gente-cree-que-hace-bien-pero-esta-condenando-a-nuestros-ninos-alcalde-federico-gutierrez\/","title":{"rendered":"\u201cA nombre de la caridad, la gente cree que hace bien; pero est\u00e1 condenando a nuestros ni\u00f1os\u201d: alcalde Federico Guti\u00e9rrez"},"content":{"rendered":"<ul>\n<li>El mandatario local entreg\u00f3 detalles de la investigaci\u00f3n, tras el desmantelamiento de red que instrumentalizaba a beb\u00e9s en Medell\u00edn para obtener dinero y productos que luego eran revendidos.<\/li>\n<li>Hasta el momento van siete capturas por explotaci\u00f3n de menores de edad con fines de mendicidad y concierto para delinquir.<\/li>\n<li>Seis integrantes recibieron ya medida de aseguramiento intramural y una mujer colombiana obtuvo medida domiciliaria.<\/li>\n<\/ul>\n<!--[if lt IE 9]><script>document.createElement('audio');<\/script><![endif]-->\n\t<div class=\"wp-playlist wp-audio-playlist wp-playlist-light\">\n\t\t\t<div class=\"wp-playlist-current-item\"><\/div>\n\t\t<audio controls=\"controls\" preload=\"none\" width=\"640\"\n\t\t\t><\/audio>\n\t<div class=\"wp-playlist-next\"><\/div>\n\t<div class=\"wp-playlist-prev\"><\/div>\n\t<noscript>\n\t<ol>\n\t\t<li><a href='https:\/\/www.medellin.gov.co\/es\/wp-content\/uploads\/2025\/09\/Declaraciones-del-alcalde-de-Medellin-Federico-Gutierrez-02-5.mp3'>Declaraciones del alcalde de Medell\u00edn, Federico Guti\u00e9rrez 02<\/a><\/li><li><a href='https:\/\/www.medellin.gov.co\/es\/wp-content\/uploads\/2025\/09\/Declaraciones-del-alcalde-de-Medellin-Federico-Gutierrez-03-4.mp3'>Declaraciones del alcalde de Medell\u00edn, Federico Guti\u00e9rrez 03<\/a><\/li><li><a href='https:\/\/www.medellin.gov.co\/es\/wp-content\/uploads\/2025\/09\/Declaraciones-del-alcalde-de-Medellin-Federico-Gutierrez-04-2.mp3'>Declaraciones del alcalde de Medell\u00edn, Federico Guti\u00e9rrez 04<\/a><\/li><li><a href='https:\/\/www.medellin.gov.co\/es\/wp-content\/uploads\/2025\/09\/Declaraciones-del-alcalde-de-Medellin-Federico-Gutierrez-05-2.mp3'>Declaraciones del alcalde de Medell\u00edn, Federico Guti\u00e9rrez 05<\/a><\/li><li><a href='https:\/\/www.medellin.gov.co\/es\/wp-content\/uploads\/2025\/09\/Declaraciones-del-alcalde-de-Medellin-Federico-Gutierrez-06-2.mp3'>Declaraciones del alcalde de Medell\u00edn, Federico Guti\u00e9rrez 06<\/a><\/li>\t<\/ol>\n\t<\/noscript>\n\t<script type=\"application\/json\" class=\"wp-playlist-script\">{\"type\":\"audio\",\"tracklist\":true,\"tracknumbers\":true,\"images\":true,\"artists\":true,\"tracks\":[{\"src\":\"https:\\\/\\\/www.medellin.gov.co\\\/es\\\/wp-content\\\/uploads\\\/2025\\\/09\\\/Declaraciones-del-alcalde-de-Medellin-Federico-Gutierrez-02-5.mp3\",\"type\":\"audio\\\/mpeg\",\"title\":\"Declaraciones del alcalde de Medell\\u00edn, Federico Guti\\u00e9rrez 02\",\"caption\":\"\",\"description\":\"\\u00abDeclaraciones del alcalde de Medell\\u00edn, Federico Guti\\u00e9rrez 02\\u00bb. Lanzamiento: 1904.\",\"meta\":{\"year\":\"1904\",\"length_formatted\":\"2:48\"},\"image\":{\"src\":\"https:\\\/\\\/www.medellin.gov.co\\\/es\\\/wp-includes\\\/images\\\/media\\\/audio.png\",\"width\":48,\"height\":64},\"thumb\":{\"src\":\"https:\\\/\\\/www.medellin.gov.co\\\/es\\\/wp-includes\\\/images\\\/media\\\/audio.png\",\"width\":48,\"height\":64}},{\"src\":\"https:\\\/\\\/www.medellin.gov.co\\\/es\\\/wp-content\\\/uploads\\\/2025\\\/09\\\/Declaraciones-del-alcalde-de-Medellin-Federico-Gutierrez-03-4.mp3\",\"type\":\"audio\\\/mpeg\",\"title\":\"Declaraciones del alcalde de Medell\\u00edn, Federico Guti\\u00e9rrez 03\",\"caption\":\"\",\"description\":\"\\u00abDeclaraciones del alcalde de Medell\\u00edn, Federico Guti\\u00e9rrez 03\\u00bb. Lanzamiento: 1904.\",\"meta\":{\"year\":\"1904\",\"length_formatted\":\"3:58\"},\"image\":{\"src\":\"https:\\\/\\\/www.medellin.gov.co\\\/es\\\/wp-includes\\\/images\\\/media\\\/audio.png\",\"width\":48,\"height\":64},\"thumb\":{\"src\":\"https:\\\/\\\/www.medellin.gov.co\\\/es\\\/wp-includes\\\/images\\\/media\\\/audio.png\",\"width\":48,\"height\":64}},{\"src\":\"https:\\\/\\\/www.medellin.gov.co\\\/es\\\/wp-content\\\/uploads\\\/2025\\\/09\\\/Declaraciones-del-alcalde-de-Medellin-Federico-Gutierrez-04-2.mp3\",\"type\":\"audio\\\/mpeg\",\"title\":\"Declaraciones del alcalde de Medell\\u00edn, Federico Guti\\u00e9rrez 04\",\"caption\":\"\",\"description\":\"\\u00abDeclaraciones del alcalde de Medell\\u00edn, Federico Guti\\u00e9rrez 04\\u00bb. \",\"meta\":{\"year\":\"1904\",\"length_formatted\":\"1:06\"},\"image\":{\"src\":\"https:\\\/\\\/www.medellin.gov.co\\\/es\\\/wp-includes\\\/images\\\/media\\\/audio.png\",\"width\":48,\"height\":64},\"thumb\":{\"src\":\"https:\\\/\\\/www.medellin.gov.co\\\/es\\\/wp-includes\\\/images\\\/media\\\/audio.png\",\"width\":48,\"height\":64}},{\"src\":\"https:\\\/\\\/www.medellin.gov.co\\\/es\\\/wp-content\\\/uploads\\\/2025\\\/09\\\/Declaraciones-del-alcalde-de-Medellin-Federico-Gutierrez-05-2.mp3\",\"type\":\"audio\\\/mpeg\",\"title\":\"Declaraciones del alcalde de Medell\\u00edn, Federico Guti\\u00e9rrez 05\",\"caption\":\"\",\"description\":\"\\u00abDeclaraciones del alcalde de Medell\\u00edn, Federico Guti\\u00e9rrez 05\\u00bb. Lanzamiento: 1904.\",\"meta\":{\"year\":\"1904\",\"length_formatted\":\"4:49\"},\"image\":{\"src\":\"https:\\\/\\\/www.medellin.gov.co\\\/es\\\/wp-includes\\\/images\\\/media\\\/audio.png\",\"width\":48,\"height\":64},\"thumb\":{\"src\":\"https:\\\/\\\/www.medellin.gov.co\\\/es\\\/wp-includes\\\/images\\\/media\\\/audio.png\",\"width\":48,\"height\":64}},{\"src\":\"https:\\\/\\\/www.medellin.gov.co\\\/es\\\/wp-content\\\/uploads\\\/2025\\\/09\\\/Declaraciones-del-alcalde-de-Medellin-Federico-Gutierrez-06-2.mp3\",\"type\":\"audio\\\/mpeg\",\"title\":\"Declaraciones del alcalde de Medell\\u00edn, Federico Guti\\u00e9rrez 06\",\"caption\":\"\",\"description\":\"\\u00abDeclaraciones del alcalde de Medell\\u00edn, Federico Guti\\u00e9rrez 06\\u00bb. Lanzamiento: 1904.\",\"meta\":{\"year\":\"1904\",\"length_formatted\":\"2:14\"},\"image\":{\"src\":\"https:\\\/\\\/www.medellin.gov.co\\\/es\\\/wp-includes\\\/images\\\/media\\\/audio.png\",\"width\":48,\"height\":64},\"thumb\":{\"src\":\"https:\\\/\\\/www.medellin.gov.co\\\/es\\\/wp-includes\\\/images\\\/media\\\/audio.png\",\"width\":48,\"height\":64}}]}<\/script>\n<\/div>\n\t\n<p>El alcalde de Medell\u00edn, Federico Guti\u00e9rrez Zuluaga, rechaz\u00f3 de manera contundente la acci\u00f3n de una red delincuencial que instrumentalizaba beb\u00e9s de una comunidad ind\u00edgena por medio de la mendicidad para pedir ayudas, en el parque Lleras y otras zonas de la ciudad, y revenderlas. Los implicados cayeron en las \u00faltimas horas en una operaci\u00f3n de las autoridades y, como resultado del proceso, seis integrantes recibieron medida de aseguramiento intramural y una mujer colombiana obtuvo medida domiciliaria.<\/p>\n<p>\u201c<em>Lo que hac\u00edan era instrumentalizar a las ni\u00f1as y ni\u00f1os, incluso reci\u00e9n nacidos, a quienes en muchos casos sus propias madres entregaban a mujeres de nacionalidad venezolana para que los utilizaran en actividades de mendicidad. Les cambiaban la ropa para simular condiciones de mayor vulnerabilidad y luego abordaban, especialmente a turistas, generando l\u00e1stima para recibir ayudas en pa\u00f1ales y leche, que posteriormente eran comercializadas en el Centro de la ciudad<\/em>\u201d, expres\u00f3 el alcalde Guti\u00e9rrez Zuluaga.<\/p>\n<p>Las investigaciones evidenciaron que esta red criminal obten\u00eda utilidades cercanas a los $180 millones mensuales, vendiendo pa\u00f1ales y leche a un valor inferior al comercial en establecimientos del Centro de Medell\u00edn, productos que previamente eran donados por turistas y ciudadanos de buena fe.<\/p>\n<p><a href=\"https:\/\/www.medellin.gov.co\/es\/wp-content\/uploads\/2025\/09\/Imagen-de-policias-hablando-con-ciudadanos.jpg\" target=\"_blank\" rel=\"noopener\"><img loading=\"lazy\" class=\"alignnone wp-image-456563 size-full\" src=\"https:\/\/www.medellin.gov.co\/es\/wp-content\/uploads\/2025\/09\/Imagen-de-policias-hablando-con-ciudadanos.jpg\" alt=\"Imagen de polic\u00edas hablando con ciudadanos\" width=\"1140\" height=\"760\" srcset=\"https:\/\/www.medellin.gov.co\/es\/wp-content\/uploads\/2025\/09\/Imagen-de-policias-hablando-con-ciudadanos.jpg 1140w, https:\/\/www.medellin.gov.co\/es\/wp-content\/uploads\/2025\/09\/Imagen-de-policias-hablando-con-ciudadanos-300x200.jpg 300w, https:\/\/www.medellin.gov.co\/es\/wp-content\/uploads\/2025\/09\/Imagen-de-policias-hablando-con-ciudadanos-1024x683.jpg 1024w, https:\/\/www.medellin.gov.co\/es\/wp-content\/uploads\/2025\/09\/Imagen-de-policias-hablando-con-ciudadanos-150x100.jpg 150w, https:\/\/www.medellin.gov.co\/es\/wp-content\/uploads\/2025\/09\/Imagen-de-policias-hablando-con-ciudadanos-768x512.jpg 768w\" sizes=\"(max-width: 1140px) 100vw, 1140px\" \/><\/a><\/p>\n<p>El alcalde fue enf\u00e1tico en que: \u201c<em>Nada de esos recursos iban destinados realmente a las ni\u00f1as y ni\u00f1os. Todo hac\u00eda parte de una red montada para beneficio\u00a0<\/em><em>econ\u00f3mico, explotando a los menores y enga\u00f1ando a quienes de buena fe cre\u00edan estar ayudando<\/em>\u201d.<\/p>\n<p>El alcalde de Medell\u00edn explic\u00f3 que de acuerdo con la evidencia recopilada se constat\u00f3, por ejemplo, que extranjeros compraban una paca de leche por $250.000 en una farmacia y los delincuentes la revend\u00edan por un valor inferior en otro lugar de la ciudad. A los ind\u00edgenas les daban una parte del dinero.<\/p>\n<p>\u201c<em>Esta investigaci\u00f3n no puede tener un mejor nombre: \u2018La cara oculta de la caridad\u2019. Y es, c\u00f3mo a nombre de la caridad explotan hoy a nuestras ni\u00f1as y ni\u00f1os en Medell\u00edn. Aseguro que es as\u00ed en todo el pa\u00eds. Que esto sirva de precedente para que no se sigan utilizando a nuestros menores. Este es un tema alrededor de estructuras criminales, que lo que buscan es un beneficio econ\u00f3mico. Son m\u00faltiples fen\u00f3menos delictivos, redes de trata de personas y explotaci\u00f3n de menores<\/em>\u201d, finaliz\u00f3.<\/p>\n","protected":false},"excerpt":{"rendered":"<p>El mandatario local entreg\u00f3 detalles de la investigaci\u00f3n, tras el desmantelamiento de red que instrumentalizaba a beb\u00e9s en Medell\u00edn para obtener dinero y productos que luego eran revendidos. Hasta el momento van siete capturas por &#8230;<\/p>\n","protected":false},"author":21,"featured_media":456561,"comment_status":"open","ping_status":"open","sticky":false,"template":"","format":"standard","meta":[],"categories":[21],"tags":[619],"formato_nota":[],"programas_tax":[],"acf":[],"_links":{"self":[{"href":"https:\/\/www.medellin.gov.co\/es\/wp-json\/wp\/v2\/posts\/456593"}],"collection":[{"href":"https:\/\/www.medellin.gov.co\/es\/wp-json\/wp\/v2\/posts"}],"about":[{"href":"https:\/\/www.medellin.gov.co\/es\/wp-json\/wp\/v2\/types\/post"}],"author":[{"embeddable":true,"href":"https:\/\/www.medellin.gov.co\/es\/wp-json\/wp\/v2\/users\/21"}],"replies":[{"embeddable":true,"href":"https:\/\/www.medellin.gov.co\/es\/wp-json\/wp\/v2\/comments?post=456593"}],"version-history":[{"count":1,"href":"https:\/\/www.medellin.gov.co\/es\/wp-json\/wp\/v2\/posts\/456593\/revisions"}],"predecessor-version":[{"id":456594,"href":"https:\/\/www.medellin.gov.co\/es\/wp-json\/wp\/v2\/posts\/456593\/revisions\/456594"}],"wp:featuredmedia":[{"embeddable":true,"href":"https:\/\/www.medellin.gov.co\/es\/wp-json\/wp\/v2\/media\/456561"}],"wp:attachment":[{"href":"https:\/\/www.medellin.gov.co\/es\/wp-json\/wp\/v2\/media?parent=456593"}],"wp:term":[{"taxonomy":"category","embeddable":true,"href":"https:\/\/www.medellin.gov.co\/es\/wp-json\/wp\/v2\/categories?post=456593"},{"taxonomy":"post_tag","embeddable":true,"href":"https:\/\/www.medellin.gov.co\/es\/wp-json\/wp\/v2\/tags?post=456593"},{"taxonomy":"formato_nota","embeddable":true,"href":"https:\/\/www.medellin.gov.co\/es\/wp-json\/wp\/v2\/formato_nota?post=456593"},{"taxonomy":"programas_tax","embeddable":true,"href":"https:\/\/www.medellin.gov.co\/es\/wp-json\/wp\/v2\/programas_tax?post=456593"}],"curies":[{"name":"wp","href":"https:\/\/api.w.org\/{rel}","templated":true}]}}